{"id":5637,"date":"2022-06-07T22:22:00","date_gmt":"2022-06-07T22:22:00","guid":{"rendered":"https:\/\/kranjcic.hr\/?p=5637"},"modified":"2022-06-11T20:03:48","modified_gmt":"2022-06-11T20:03:48","slug":"izlozba-hrvatski-sveci-i-blazenici-u-nasem-narodu-nakon-inauguracije-u-krizevcima-predstavljena-u-puli","status":"publish","type":"post","link":"https:\/\/kranjcic.hr\/?p=5637","title":{"rendered":"IZLO\u017dBA \u201eHRVATSKI SVECI I BLA\u017dENICI U NA\u0160EM NARODU\u201c NAKON INAUGURACIJE\u200b U KRI\u017dEVCIMA\u200b\u00a0PREDSTAVLJENA U PULI"},"content":{"rendered":"\n<p>Novo izdanje izlo\u017ebe &#8220;Hrvatski sveci i bla\u017eenici\u200b u na\u0161em narodu\u200b&#8221;, koju je ove godine realizirala akademska umjetnica Iris Mihatov Mio\u010di\u0107, nakon nedavne inauguracije u Kri\u017eevcima, &nbsp;u prvoj etapi hoda po hrvatskim gradovima, predstavljeno je istarskoj publici u Kapitularnoj dvorani pulskog Franjeva\u010dkog samostana sv. Franje Asi\u0161kog, u utorak, 7. lipnja 2022. godine. To je \u010detvrti put da izlo\u017eba na temu hrvatskih duhovnih velikana dolazi u Pulu, a dio je velikog\u200ba\u200b&nbsp;istoimenog projekta koji ve\u0107 \u010detrnaestu godinu svekoliku hrvatsku javnost podsje\u0107a na neprocjenjivo duhovno bogatstvo koje na\u0161 narod ima u svojim Bo\u017ejim ugodnicima.&nbsp; O izlo\u017ebi su tom prigodom govorili: gvardijan tog\u200ba\u200b&nbsp;samostana dr. sc.&nbsp;\u200bo\u200b. \u0110uro Honti\u0107, rektor Nacionalnog sveti\u0161ta sv. Josipa iz Karlovca mons. mr. sc. Antun Sente ml., predsjednica Udruge za promicanje znamenitih Kri\u017eev\u010dana &#8220;Dr. Stjepan Kranj\u010di\u0107&#8221;&nbsp;\u200bdoc. \u200bdr. sc. Tanja Baran, likovni kriti\u010dar Stanko \u0160poljari\u0107, prof. te autorica, akademska umjetnica\u200b iz Zadra\u200b&nbsp;Iris Mihatov Mio\u010di\u0107.<\/p>\n\n\n\n<p>Nakon glazbenog uvoda pjesmom \u201eJosipu Presvetom Zaru\u010dniku\u201c, koju je na stihove Daniela Na\u010dinovi\u0107a uglazbio i izveo akademski glazbenik Bruno Krajcar, okupljenima se obratio doma\u0107in&nbsp;\u200bo\u200b. \u0110uro Honti\u0107. On je zapo\u010deo kratkim predstavljanjem samostana, kojeg je, prema pobo\u017enoj legendi, osnovao sv. Antun Padovanski 1227. godine. Napomenuo je da je u toj Kapitularnoj dvorani bila kapelica jer se tu nalazi sa\u010duvani dio mozaika iz II. stolje\u0107a gdje je bila krstionica i crkva sv. Ivana Krstitelja. Otvorenju izlo\u017ebe je potom prigodno posvetio rije\u010di sv. Ignacija Antiohijskog iz Poslanice Rimljanima u kojima govori o apsolutnoj va\u017enosti sjedinjavanja s Kristom, iznad svih zemaljskih \u010dasti. Naglasio je da se te rije\u010di odnose na sve Bo\u017eje ugodnike koji su obuhva\u0107eni tom izlo\u017ebom. \u201eOve bi slike trebale sve posjetitelje izlo\u017ebe potaknuti na \u010de\u017enju za Bogom\u201c, zaklju\u010dio je gvardijan.<\/p>\n\n\n\n<p>Mons. Antun Sente je na po\u010detku svog obra\u0107anja podsjetio na razna \u017eivotna postignu\u0107a koja su nazo\u010dni suradnici na tom projektu postigli od otvaranja pro\u0161logodi\u0161nje izlo\u017ebe\u200b: \u200b\u201ePrisutnost Boga i zagovor svetaca omogu\u0107avaju nam da u na\u0161oj svakodnevnici mo\u017eemo stvarati divna djela i da mo\u017eemo dalje trajati.\u201c Nadalje je napomenuo da \u0107e 14. lipnja u Rijeci\u200b biti \u200botvorenje izlo\u017ebe koja je pro\u0161le godine u istom periodu predstavljena u Puli, autorice Karin Gren\u200bc\u200b, istaknuv\u0161i time ujedno da izlo\u017ebama \u201eHrvatski sveci i bla\u017eenici\u200b u na\u0161em narodu\u200b\u201c nije dovoljna godina dana\u200b kako bi se&nbsp;posjeti\u200bli\u200b&nbsp;sv\u200bi\u200b&nbsp;gradov\u200bi\u200b&nbsp;koji tra\u017ee da neko vrijeme&nbsp;\u200bizlo\u017eba \u200bbude postavljena u njihovim galerijskim prostorima. \u201eTime spoznajemo da hrvatski sveci i bla\u017eenici postaju brend. To su ljudi koji se za vrijeme svog \u017eivota nikad nisu \u017ealili\u200b,\u200b&nbsp;ve\u0107 su uspijevali ljudima davati nadu te njihov pogled usmjeravati na Boga\u201c, zaklju\u010dio je mons. Sente.<\/p>\n\n\n\n<p>\u200bDoc. \u200bdr. sc. Tanja Baran je prikazala 14-godi\u0161nju povijest projekta \u201eDani hrvatskih svetaca i bla\u017eenika\u201c. Sve je zapo\u010delo&nbsp;\u200bpo duhovnom poticaju&nbsp;nekada\u0161njeg\u200ba\u200b&nbsp;kri\u017eeva\u010dkog \u017eupnika dr. Stjepana Kranj\u010di\u0107a na glasu svetosti koj\u200bi&nbsp;je&nbsp;\u200bon \u200bstekao za 16 godina \u017eupni\u010dke slu\u017ebe&nbsp;\u200bu\u200b&nbsp;Kri\u017eevcima. Inicijativom kri\u017eeva\u010dkih vjernika laika 2007. godine osnovana\u200b je\u200b&nbsp;Udruga za promicanje znamenitih Kri\u017eev\u010dana \u201eDr. Stjepan Kranj\u010di\u0107\u201c. Bave\u0107i se prvih godinu dana njegovom\u200b likom i djelom te ga predstavljanju\u0107i u javnosti&nbsp;uvidjelo se da nedostaje jedna manifestacija koja bi na sustavan i kontinuiran na\u010din promicala Bo\u017eje ugodnike iz hrvatskoga naroda, te su tako pokrenute 3 manifestacije: Dani Hrvatskih svetaca i bla\u017eenika, koja je ove godine odr\u017eana 14. put,&nbsp;\u200bzatim n\u200bacionalni natje\u010daj za knji\u017eevnost protkanu kr\u0161\u0107anskim vrednotama za odrasle i isti takav natje\u010daj za djecu osnovnih \u0161kola.\u200bDr. \u200bBaran je potom spomenula sv. Marka Kri\u017eev\u010danina kojeg su Kri\u017eev\u010dani dobili 1995. godine \u201ena dar\u201c, jer&nbsp;je \u200bkauz\u200ba\u200b&nbsp;izn\u200besena u inozemstvu,&nbsp;\u200biz \u200bzemlj\u200bie&nbsp;u koj\u200boj\u200b&nbsp;je djelovao i poginuo. \u201eSvjesni nedostataka u poznavanju i \u0161tovanju hrvatskih svetaca i bla\u017eenika rodila se ideja da se osmisli projekt njihova \u0161tovanja liturgijom i kulturnim programima. Zato su 2009. pokrenuti Dani hrvatskih svetaca i bla\u017eenika\u201c, pojasnila je&nbsp;\u200bdr. \u200bBaran. Prve Dane hrvatskih svetaca i bla\u017eenika u Kri\u017eevcima otvorio\u200b je\u200b&nbsp;upravo sada\u0161nji gvardijan pulskog samostana sv. Franje&nbsp;\u200bo\u200b. \u0110uro Honti\u0107, koji je tada bio&nbsp;\u200bp\u200brovincijal franjevaca konventualaca. Istaknula je nadalje da je prof. \u0160poljari\u0107 u organizaciji tog projekta prisutan, zajedno s njom, od samog po\u010detka. \u201ePrvih deset godina projekt\u200b je\u200b&nbsp;realiziran zajedno s Laudato galerijom, a prije \u010detiri godine organizaciju preuzima mons. Antun Sente ml. \u010dime je projekt dobio novi,\u200b jo\u0161 \u200buspje\u0161niji zamah\u201c, zaklju\u010dila je dr. Baran, nadodav\u0161i da Kranj\u010di\u0107 jo\u0161 nema pokrenutu kauzu, ali da se zbog u\u010dinjenog zasigurno zadovoljno smije\u0161i s Neba.<\/p>\n\n\n\n<p>Prof. \u0160poljari\u0107 je istaknuo da prikazivanje svetaca, bla\u017eenika i slugu Bo\u017ejih iziskuje odgovornost i vjerni\u010dki pristup. \u201eRije\u010d je o emocionalnom slikarstvu, o duhovnom slikarstvu, o sakralnom slikarstvu. Neovisno o tome kojoj stilistici umjetnik pripada bez te meditativne note djela ne bi imala tu slojevitost i upu\u0107enost&nbsp;\u200bprema&nbsp;transcendentalnom koju sveci i bla\u017eenici nose. Autorica je za svoj slikarski izraz odabrala varijantu realisti\u010dkog pristupa, realizma koji nadilazi \u010dinjeni\u010dno. Ona kada slika svece i bla\u017eenike uspostavlja dijalog s njima, nastoji razumjeti \u0161to pojedine osobe iz bli\u017ee i dalje povijesti zna\u010de, a koje su dio hrvatskog identiteta. Te moralne vertikale tra\u017ee razli\u010dite interpretacije, njihova fizi\u010dka osnova je ipak samo nukleus oko kojega \u0107e slika rasti. Autorica donosi ugo\u0111ajnost spu\u0161tenoga Neba na zemlju. Portreti svetaca su jedna vid komunikacije s Nebom. Autorica je uspjela donijeti sadr\u017eajnu slojevitost u detaljima lica, draperije, stava; kod portreta je bitna sli\u010dnost, no kod svetaca je najbitnije da gledaju\u0107i sliku u\u0111emo u nutarnji sloj, osjetimo nutrinu, to je kod svetaca posebno va\u017eno, da osjetimo dubinu i duhovnost osobe. Autorica je uspjela kod jedne tematike koja je sklona shematiziranju donijeti dinamiku. Kroz njezino slikarsko tra\u017eenje doga\u0111alo se jedno neprekidno produbljivanje\u201c, istaknuo je prof. \u0160poljari\u0107. Govore\u0107i o 14 godina te manifestacije istaknuo je kako hrvatski umjetnici imaju tu snagu za iznijeti likove&nbsp;\u200bB\u200bo\u017ejih ugodnika s njihovim duhovnim komponentama. \u201eIris Mihatov Mio\u010di\u0107 dosljednom slikarskom opisno\u0161\u0107u, preciznom izvedbom detalja, osmi\u0161ljava svaki portret, neovisno&nbsp;\u200bo tome \u200bradi li se o osobi izuzetne snage vjere i \u017eivljenja u posljednjih sto godina, ili onima koji su \u017eivot posvetili slavi Bo\u017ejoj u vremenu udaljenom od nas i vi\u0161e stolje\u0107a. Razumljivo saznanja, \u0161to se ti\u010de njihovog fizi\u010dkog izgleda, su razli\u010dita, no Iris Mio\u010di\u0107 ve\u0107e ili manje stupnjeve \u010dinjeni\u010dnog izjedna\u010dava uvjerljivim una\u0161anjem duhovnosti, gdje objektivno nemjerljivo u njenoj interpretaciji postaje slikarska stvarnost. Svi portreti tako nose ozra\u010dje sakralnosti, dubinu misanosti koja krasi svece i bla\u017eenike, prenijete i na samu umjetnicu. To su pravi dijalozi s izmjenom poruka i slikarskog predanja. A neosporna vje\u0161tina izvedbe, bez gubljenja u praznom virtuozitetu, izvanjska je nu\u017enost i za tvarnost izgleda portreta, i onaj ljepote du\u0161e. Iris Mio\u010di\u0107 promatra i do\u017eivljava ljude koji su dar vjere primili bez ikakve zadr\u0161ke, te postali i sami dar i primjer hrvatskom vjerni\u010dkom puku, i po svojoj osobnosti, \u017ertvi i djelovanju u ime Bo\u017eje\u201c\u200b,\u200b&nbsp;istaknuto je izme\u0111u ostalog u ekspertizi prof. \u0160poljari\u0107a u katalogu koji prati izlo\u017ebu.<\/p>\n\n\n\n<p>Autorica je na po\u010detku svog obra\u0107anja istaknula da je portrete stvarala u \u017eivotnom prostoru svoje obitelji, te su tako na neki na\u010din bili prisutni u svakom trenutku njezine svakodnevice. Time su posve\u0107ivali nju i cijelu obitelj. Tijekom rada osje\u0107ala\u200b je\u200b&nbsp;\u017eivu prisutnost svetaca i bla\u017eenika. Odala je da je na po\u010detku radila i na vi\u0161e portreta istovremeno. \u201eKroz te mjesece rada osje\u0107ala sam da sam dobila velike nebeske prijatelje\u201c, rekla je. \u201eSvjesna toga \u0161t\u200bo\u200b&nbsp;su oni \u010dinili za \u017eivota meni je poticaj i nadahnu\u0107e da kad slu\u017eimo Gospodinu to \u010dinimo bez nekog napora. Njihova ljubav prema Bogu je zaista zarazna\u201c, rekla je slikarica i napomenula da je postala je svjesna da sve \u0161to \u010dini treba \u010diniti iz ljubavi prema Bogu.<\/p>\n\n\n\n<p>Izlo\u017ebu je otvorenom proglasila dr. Baran.<\/p>\n\n\n\n<p>Glazbeni obol doga\u0111aju, izborom pjesama posve\u0107enih hrvatskim Bo\u017ejim ugodnicima, dao je glazbenik Bruno Krajcar\u200b.\u200b&nbsp;\u200bO\u200bsim uvodne pjesme sv. Josipu otpjevao je jo\u0161 pjesmu sv. Leopoldu te na kraju \u201ePalmina grano\u201c posve\u0107enu bl. Miroslavu Bule\u0161i\u0107u.<\/p>\n\n\n\n<p>Izlo\u017eba \u0107e u tom pulskom samostanu ostati do kraja srpnja ove godine. &nbsp;<\/p>\n\n\n\n<p>Uslijedilo je misno slavlje u samostanskoj crkvi, koje je predvodio mons. Sente uz koncelebraciju franjevaca iz tog samostana.<\/p>\n\n\n\n<figure class=\"wp-block-gallery has-nested-images columns-default wp-block-gallery-1 is-layout-flex wp-block-gallery-is-layout-flex\">\n<figure class=\"wp-block-image size-large\"><a href=\"https:\/\/kranjcic.hr\/wp-content\/uploads\/2022\/06\/001-1470889.jpg\"><img loading=\"lazy\" decoding=\"async\" width=\"1010\" height=\"758\" data-id=\"5639\" src=\"https:\/\/kranjcic.hr\/wp-content\/uploads\/2022\/06\/001-1470889.jpg\" alt=\"\" class=\"wp-image-5639\" srcset=\"https:\/\/kranjcic.hr\/wp-content\/uploads\/2022\/06\/001-1470889.jpg 1010w, https:\/\/kranjcic.hr\/wp-content\/uploads\/2022\/06\/001-1470889-200x150.jpg 200w, https:\/\/kranjcic.hr\/wp-content\/uploads\/2022\/06\/001-1470889-120x90.jpg 120w\" sizes=\"auto, (max-width: 1010px) 100vw, 1010px\" \/><\/a><\/figure>\n\n\n\n<figure class=\"wp-block-image size-large\"><a href=\"https:\/\/kranjcic.hr\/wp-content\/uploads\/2022\/06\/002-1470892.jpg\"><img loading=\"lazy\" decoding=\"async\" width=\"1010\" height=\"758\" data-id=\"5643\" src=\"https:\/\/kranjcic.hr\/wp-content\/uploads\/2022\/06\/002-1470892.jpg\" alt=\"\" class=\"wp-image-5643\" srcset=\"https:\/\/kranjcic.hr\/wp-content\/uploads\/2022\/06\/002-1470892.jpg 1010w, https:\/\/kranjcic.hr\/wp-content\/uploads\/2022\/06\/002-1470892-200x150.jpg 200w, https:\/\/kranjcic.hr\/wp-content\/uploads\/2022\/06\/002-1470892-120x90.jpg 120w\" sizes=\"auto, (max-width: 1010px) 100vw, 1010px\" \/><\/a><\/figure>\n\n\n\n<figure class=\"wp-block-image size-large\"><a href=\"https:\/\/kranjcic.hr\/wp-content\/uploads\/2022\/06\/003-1470886.jpg\"><img loading=\"lazy\" decoding=\"async\" width=\"1010\" height=\"758\" data-id=\"5641\" src=\"https:\/\/kranjcic.hr\/wp-content\/uploads\/2022\/06\/003-1470886.jpg\" alt=\"\" class=\"wp-image-5641\" srcset=\"https:\/\/kranjcic.hr\/wp-content\/uploads\/2022\/06\/003-1470886.jpg 1010w, https:\/\/kranjcic.hr\/wp-content\/uploads\/2022\/06\/003-1470886-200x150.jpg 200w, https:\/\/kranjcic.hr\/wp-content\/uploads\/2022\/06\/003-1470886-120x90.jpg 120w\" sizes=\"auto, (max-width: 1010px) 100vw, 1010px\" \/><\/a><\/figure>\n\n\n\n<figure class=\"wp-block-image size-large\"><a href=\"https:\/\/kranjcic.hr\/wp-content\/uploads\/2022\/06\/004-1470876.jpg\"><img loading=\"lazy\" decoding=\"async\" width=\"1010\" height=\"758\" data-id=\"5640\" src=\"https:\/\/kranjcic.hr\/wp-content\/uploads\/2022\/06\/004-1470876.jpg\" alt=\"\" class=\"wp-image-5640\" srcset=\"https:\/\/kranjcic.hr\/wp-content\/uploads\/2022\/06\/004-1470876.jpg 1010w, https:\/\/kranjcic.hr\/wp-content\/uploads\/2022\/06\/004-1470876-200x150.jpg 200w, https:\/\/kranjcic.hr\/wp-content\/uploads\/2022\/06\/004-1470876-120x90.jpg 120w\" sizes=\"auto, (max-width: 1010px) 100vw, 1010px\" \/><\/a><\/figure>\n\n\n\n<figure class=\"wp-block-image size-large\"><a href=\"https:\/\/kranjcic.hr\/wp-content\/uploads\/2022\/06\/005-1470867.jpg\"><img loading=\"lazy\" decoding=\"async\" width=\"1010\" height=\"758\" data-id=\"5642\" src=\"https:\/\/kranjcic.hr\/wp-content\/uploads\/2022\/06\/005-1470867.jpg\" alt=\"\" class=\"wp-image-5642\" srcset=\"https:\/\/kranjcic.hr\/wp-content\/uploads\/2022\/06\/005-1470867.jpg 1010w, https:\/\/kranjcic.hr\/wp-content\/uploads\/2022\/06\/005-1470867-200x150.jpg 200w, https:\/\/kranjcic.hr\/wp-content\/uploads\/2022\/06\/005-1470867-120x90.jpg 120w\" sizes=\"auto, (max-width: 1010px) 100vw, 1010px\" \/><\/a><\/figure>\n\n\n\n<figure class=\"wp-block-image size-large\"><a href=\"https:\/\/kranjcic.hr\/wp-content\/uploads\/2022\/06\/006-1470877.jpg\"><img loading=\"lazy\" decoding=\"async\" width=\"1010\" height=\"758\" data-id=\"5638\" src=\"https:\/\/kranjcic.hr\/wp-content\/uploads\/2022\/06\/006-1470877.jpg\" alt=\"\" class=\"wp-image-5638\" srcset=\"https:\/\/kranjcic.hr\/wp-content\/uploads\/2022\/06\/006-1470877.jpg 1010w, https:\/\/kranjcic.hr\/wp-content\/uploads\/2022\/06\/006-1470877-200x150.jpg 200w, https:\/\/kranjcic.hr\/wp-content\/uploads\/2022\/06\/006-1470877-120x90.jpg 120w\" sizes=\"auto, (max-width: 1010px) 100vw, 1010px\" \/><\/a><\/figure>\n\n\n\n<figure class=\"wp-block-image size-large\"><a href=\"https:\/\/kranjcic.hr\/wp-content\/uploads\/2022\/06\/007-1470878.jpg\"><img loading=\"lazy\" decoding=\"async\" width=\"1010\" height=\"758\" data-id=\"5648\" src=\"https:\/\/kranjcic.hr\/wp-content\/uploads\/2022\/06\/007-1470878.jpg\" alt=\"\" class=\"wp-image-5648\" srcset=\"https:\/\/kranjcic.hr\/wp-content\/uploads\/2022\/06\/007-1470878.jpg 1010w, https:\/\/kranjcic.hr\/wp-content\/uploads\/2022\/06\/007-1470878-200x150.jpg 200w, https:\/\/kranjcic.hr\/wp-content\/uploads\/2022\/06\/007-1470878-120x90.jpg 120w\" sizes=\"auto, (max-width: 1010px) 100vw, 1010px\" \/><\/a><\/figure>\n\n\n\n<figure class=\"wp-block-image size-large\"><a href=\"https:\/\/kranjcic.hr\/wp-content\/uploads\/2022\/06\/008-1470879.jpg\"><img loading=\"lazy\" decoding=\"async\" width=\"1010\" height=\"758\" data-id=\"5649\" src=\"https:\/\/kranjcic.hr\/wp-content\/uploads\/2022\/06\/008-1470879.jpg\" alt=\"\" class=\"wp-image-5649\" srcset=\"https:\/\/kranjcic.hr\/wp-content\/uploads\/2022\/06\/008-1470879.jpg 1010w, https:\/\/kranjcic.hr\/wp-content\/uploads\/2022\/06\/008-1470879-200x150.jpg 200w, https:\/\/kranjcic.hr\/wp-content\/uploads\/2022\/06\/008-1470879-120x90.jpg 120w\" sizes=\"auto, (max-width: 1010px) 100vw, 1010px\" \/><\/a><\/figure>\n\n\n\n<figure class=\"wp-block-image size-large\"><a href=\"https:\/\/kranjcic.hr\/wp-content\/uploads\/2022\/06\/009-1470869.jpg\"><img loading=\"lazy\" decoding=\"async\" width=\"1010\" height=\"758\" data-id=\"5647\" src=\"https:\/\/kranjcic.hr\/wp-content\/uploads\/2022\/06\/009-1470869.jpg\" alt=\"\" class=\"wp-image-5647\" srcset=\"https:\/\/kranjcic.hr\/wp-content\/uploads\/2022\/06\/009-1470869.jpg 1010w, https:\/\/kranjcic.hr\/wp-content\/uploads\/2022\/06\/009-1470869-200x150.jpg 200w, https:\/\/kranjcic.hr\/wp-content\/uploads\/2022\/06\/009-1470869-120x90.jpg 120w\" sizes=\"auto, (max-width: 1010px) 100vw, 1010px\" \/><\/a><\/figure>\n\n\n\n<figure class=\"wp-block-image size-large\"><a href=\"https:\/\/kranjcic.hr\/wp-content\/uploads\/2022\/06\/010-1470864.jpg\"><img loading=\"lazy\" decoding=\"async\" width=\"1010\" height=\"758\" data-id=\"5645\" src=\"https:\/\/kranjcic.hr\/wp-content\/uploads\/2022\/06\/010-1470864.jpg\" alt=\"\" class=\"wp-image-5645\" srcset=\"https:\/\/kranjcic.hr\/wp-content\/uploads\/2022\/06\/010-1470864.jpg 1010w, https:\/\/kranjcic.hr\/wp-content\/uploads\/2022\/06\/010-1470864-200x150.jpg 200w, https:\/\/kranjcic.hr\/wp-content\/uploads\/2022\/06\/010-1470864-120x90.jpg 120w\" sizes=\"auto, (max-width: 1010px) 100vw, 1010px\" \/><\/a><\/figure>\n\n\n\n<figure class=\"wp-block-image size-large\"><a href=\"https:\/\/kranjcic.hr\/wp-content\/uploads\/2022\/06\/011-1470870.jpg\"><img loading=\"lazy\" decoding=\"async\" width=\"1010\" height=\"758\" data-id=\"5650\" src=\"https:\/\/kranjcic.hr\/wp-content\/uploads\/2022\/06\/011-1470870.jpg\" alt=\"\" class=\"wp-image-5650\" srcset=\"https:\/\/kranjcic.hr\/wp-content\/uploads\/2022\/06\/011-1470870.jpg 1010w, https:\/\/kranjcic.hr\/wp-content\/uploads\/2022\/06\/011-1470870-200x150.jpg 200w, https:\/\/kranjcic.hr\/wp-content\/uploads\/2022\/06\/011-1470870-120x90.jpg 120w\" sizes=\"auto, (max-width: 1010px) 100vw, 1010px\" \/><\/a><\/figure>\n\n\n\n<figure class=\"wp-block-image size-large\"><a href=\"https:\/\/kranjcic.hr\/wp-content\/uploads\/2022\/06\/012-1470883.jpg\"><img loading=\"lazy\" decoding=\"async\" width=\"1010\" height=\"758\" data-id=\"5644\" src=\"https:\/\/kranjcic.hr\/wp-content\/uploads\/2022\/06\/012-1470883.jpg\" alt=\"\" class=\"wp-image-5644\" srcset=\"https:\/\/kranjcic.hr\/wp-content\/uploads\/2022\/06\/012-1470883.jpg 1010w, https:\/\/kranjcic.hr\/wp-content\/uploads\/2022\/06\/012-1470883-200x150.jpg 200w, https:\/\/kranjcic.hr\/wp-content\/uploads\/2022\/06\/012-1470883-120x90.jpg 120w\" sizes=\"auto, (max-width: 1010px) 100vw, 1010px\" \/><\/a><\/figure>\n\n\n\n<figure class=\"wp-block-image size-large\"><a href=\"https:\/\/kranjcic.hr\/wp-content\/uploads\/2022\/06\/013-1470884.jpg\"><img loading=\"lazy\" decoding=\"async\" width=\"1010\" height=\"758\" data-id=\"5646\" src=\"https:\/\/kranjcic.hr\/wp-content\/uploads\/2022\/06\/013-1470884.jpg\" alt=\"\" class=\"wp-image-5646\" srcset=\"https:\/\/kranjcic.hr\/wp-content\/uploads\/2022\/06\/013-1470884.jpg 1010w, https:\/\/kranjcic.hr\/wp-content\/uploads\/2022\/06\/013-1470884-200x150.jpg 200w, https:\/\/kranjcic.hr\/wp-content\/uploads\/2022\/06\/013-1470884-120x90.jpg 120w\" sizes=\"auto, (max-width: 1010px) 100vw, 1010px\" \/><\/a><\/figure>\n\n\n\n<figure class=\"wp-block-image size-large\"><a href=\"https:\/\/kranjcic.hr\/wp-content\/uploads\/2022\/06\/014-1470897.jpg\"><img loading=\"lazy\" decoding=\"async\" width=\"1010\" height=\"758\" data-id=\"5653\" src=\"https:\/\/kranjcic.hr\/wp-content\/uploads\/2022\/06\/014-1470897.jpg\" alt=\"\" class=\"wp-image-5653\" srcset=\"https:\/\/kranjcic.hr\/wp-content\/uploads\/2022\/06\/014-1470897.jpg 1010w, https:\/\/kranjcic.hr\/wp-content\/uploads\/2022\/06\/014-1470897-200x150.jpg 200w, https:\/\/kranjcic.hr\/wp-content\/uploads\/2022\/06\/014-1470897-120x90.jpg 120w\" sizes=\"auto, (max-width: 1010px) 100vw, 1010px\" \/><\/a><\/figure>\n\n\n\n<figure class=\"wp-block-image size-large\"><a href=\"https:\/\/kranjcic.hr\/wp-content\/uploads\/2022\/06\/015-1470899.jpg\"><img loading=\"lazy\" decoding=\"async\" width=\"1010\" height=\"758\" data-id=\"5652\" src=\"https:\/\/kranjcic.hr\/wp-content\/uploads\/2022\/06\/015-1470899.jpg\" alt=\"\" class=\"wp-image-5652\" srcset=\"https:\/\/kranjcic.hr\/wp-content\/uploads\/2022\/06\/015-1470899.jpg 1010w, https:\/\/kranjcic.hr\/wp-content\/uploads\/2022\/06\/015-1470899-200x150.jpg 200w, https:\/\/kranjcic.hr\/wp-content\/uploads\/2022\/06\/015-1470899-120x90.jpg 120w\" sizes=\"auto, (max-width: 1010px) 100vw, 1010px\" \/><\/a><\/figure>\n\n\n\n<figure class=\"wp-block-image size-large\"><a href=\"https:\/\/kranjcic.hr\/wp-content\/uploads\/2022\/06\/016-1470910.jpg\"><img loading=\"lazy\" decoding=\"async\" width=\"1010\" height=\"758\" data-id=\"5651\" src=\"https:\/\/kranjcic.hr\/wp-content\/uploads\/2022\/06\/016-1470910.jpg\" alt=\"\" class=\"wp-image-5651\" srcset=\"https:\/\/kranjcic.hr\/wp-content\/uploads\/2022\/06\/016-1470910.jpg 1010w, https:\/\/kranjcic.hr\/wp-content\/uploads\/2022\/06\/016-1470910-200x150.jpg 200w, https:\/\/kranjcic.hr\/wp-content\/uploads\/2022\/06\/016-1470910-120x90.jpg 120w\" sizes=\"auto, (max-width: 1010px) 100vw, 1010px\" \/><\/a><\/figure>\n<\/figure>\n\n\n\n<p>&nbsp;(Txt: G. Krizman, Foto: C. Marini\u0107)<\/p>\n","protected":false},"excerpt":{"rendered":"<p>Novo izdanje izlo\u017ebe &#8220;Hrvatski sveci i bla\u017eenici\u200b u na\u0161em narodu\u200b&#8221;, koju je ove godine realizirala akademska umjetnica Iris Mihatov Mio\u010di\u0107, nakon nedavne inauguracije u Kri\u017eevcima, &nbsp;u prvoj etapi hoda po hrvatskim gradovima, predstavljeno je istarskoj publici u Kapitularnoj dvorani pulskog Franjeva\u010dkog samostana sv. Franje Asi\u0161kog, u utorak, 7. lipnja 2022.&hellip; <\/p>\n","protected":false},"author":1,"featured_media":5643,"comment_status":"closed","ping_status":"closed","sticky":false,"template":"","format":"standard","meta":{"footnotes":""},"categories":[89,87,30,18],"tags":[],"class_list":["post-5637","post","type-post","status-publish","format-standard","has-post-thumbnail","hentry","category-14-dani-hsib","category-87","category-dani-hrvatskih-svetaca-i-blazenika","category-zbivanja"],"_links":{"self":[{"href":"https:\/\/kranjcic.hr\/index.php?rest_route=\/wp\/v2\/posts\/5637","targetHints":{"allow":["GET"]}}],"collection":[{"href":"https:\/\/kranjcic.hr\/index.php?rest_route=\/wp\/v2\/posts"}],"about":[{"href":"https:\/\/kranjcic.hr\/index.php?rest_route=\/wp\/v2\/types\/post"}],"author":[{"embeddable":true,"href":"https:\/\/kranjcic.hr\/index.php?rest_route=\/wp\/v2\/users\/1"}],"replies":[{"embeddable":true,"href":"https:\/\/kranjcic.hr\/index.php?rest_route=%2Fwp%2Fv2%2Fcomments&post=5637"}],"version-history":[{"count":2,"href":"https:\/\/kranjcic.hr\/index.php?rest_route=\/wp\/v2\/posts\/5637\/revisions"}],"predecessor-version":[{"id":5670,"href":"https:\/\/kranjcic.hr\/index.php?rest_route=\/wp\/v2\/posts\/5637\/revisions\/5670"}],"wp:featuredmedia":[{"embeddable":true,"href":"https:\/\/kranjcic.hr\/index.php?rest_route=\/wp\/v2\/media\/5643"}],"wp:attachment":[{"href":"https:\/\/kranjcic.hr\/index.php?rest_route=%2Fwp%2Fv2%2Fmedia&parent=5637"}],"wp:term":[{"taxonomy":"category","embeddable":true,"href":"https:\/\/kranjcic.hr\/index.php?rest_route=%2Fwp%2Fv2%2Fcategories&post=5637"},{"taxonomy":"post_tag","embeddable":true,"href":"https:\/\/kranjcic.hr\/index.php?rest_route=%2Fwp%2Fv2%2Ftags&post=5637"}],"curies":[{"name":"wp","href":"https:\/\/api.w.org\/{rel}","templated":true}]}}