{"id":5678,"date":"2022-07-31T20:56:00","date_gmt":"2022-07-31T20:56:00","guid":{"rendered":"https:\/\/kranjcic.hr\/?p=5678"},"modified":"2022-08-02T19:00:40","modified_gmt":"2022-08-02T19:00:40","slug":"tanja-baran-o-hrvatskim-svecima-i-blazenicima-predavanjem-i-knjigama-u-starom-gradu-na-hvaru","status":"publish","type":"post","link":"https:\/\/kranjcic.hr\/?p=5678","title":{"rendered":"TANJA BARAN O HRVATSKIM SVECIMA I BLA\u017dENICIMA \u2013 PREDAVANJEM I KNJIGAMA U STAROM GRADU NA HVARU"},"content":{"rendered":"\n<p>Dominikanski samostan sv. Petra mu\u010denika u Starom Gradu na Hvaru bio je doma\u0107in predavanja \u201eSvetost u pro\u0161losti i suvremenosti \u2013 hrvatski sveci i bla\u017eenici u na\u0161em narodu\u201c koje je u nedjelju 31. srpnja 2022. nakon ve\u010dernje mise odr\u017eala doc. dr. sc. Tanja Baran, predsjednica Udruge za promicanje znamenitih Kri\u017eev\u010dana \u201eDr. Stjepan Kranj\u010di\u0107\u201c. Tom je prigodom dr. Baran predstavila dvije nove knjige koje je uredila, a obje su posve\u0107ene hrvatskim svecima i bla\u017eenicima. Jedna je \u201eHrvatski sveci i bla\u017eenici. \u017divotopisi, molitve, likovni prikazi\u201c, a druga \u201eSveti Marko Kri\u017eev\u010danin. \u017divot i djelo\u201c.&nbsp;<\/p>\n\n\n\n<p>Uvodno je starje\u0161ina dominikanskoga samostana fr. Ante Kazoti okupljenima predstavio predava\u010dicu i zahvalio joj na svim doprinosima koje Udruga \u201eDr. Stjepan Kranj\u010di\u0107\u201c daje za promociju svih hrvatskih svetaca i bla\u017eenika, a osobito dominikanskih bla\u017eenika Augustina Ka\u017eoti\u0107a, Ozane Kotorske i mu\u010denika fr. Dominika Bara\u010da. Naglasio je kako je dvodnevna proslava hrvatske svetosti u Starom Gradu na Hvaru doprinos pripremi za proslavu 700. godi\u0161njice smrti bl. Augustina Ka\u017eoti\u0107a, \u0161to \u0107e biti slavljeno sljede\u0107e 2023. godine.<\/p>\n\n\n\n<p>Predava\u010dica je govorila o bogatim tradicija hrvatske svetosti tijekom pro\u0161losti, o premalom broju hrvatskih kanoniziranih i beatificiranih hrvatskih ljudi, ali je i naglasila kako je u Hrvatskoj u tijeku oko 40 procesa za progla\u0161enje bla\u017eenima \u0161to govori o tome da se hrvatski biskupi u novijem vremenu sve \u010de\u0161\u0107e odlu\u010duje za procese beatifikacije. Procese je predstavila kao dugotrajne, a uklju\u010duju rad povijesnih i teolo\u0161kih komisija, najprije u biskupijama, a onda u Vatikanu, zatim molitvu, a onda i \u010dudo, ako se ne radi o mu\u010deni\u010dkoj kauzi, ve\u0107 o onoj u kojoj se kandidat za oltar \u017eeli beatificirati kao osoba kreposna \u017eivota. Zatim je Tanja Baran progovorila o svim progla\u0161enim hrvatskim svecima i bla\u017eenicima pojedina\u010dno, a predstavila je i svih \u010detrdesetak kandidata za oltar, kao i desetak njih koje narod dr\u017ei osobama na glasu svetosti.<\/p>\n\n\n\n<p>Uslijedilo je predstavljanje dviju knjiga koje su uz Udrugu \u201eDr. Stjepan Kranj\u010di\u0107\u201c nakladni\u010dki supotpisali Nacionalno sveti\u0161te sv. Josipa iz Karlovca i Glas Koncila, a obje je uredila dr. Baran. Prva je knji\u017eica od osamdesetak stranica u kojoj su objavljeni opsegom i kvalitetom ujedna\u010deni \u017eivotopisi svih progla\u0161enih hrvatskih svetaca i bla\u017eenika, svakome je pridru\u017eena slu\u017ebena molitva Crkve te vi\u0161e likovnih prikaza, ve\u0107inom s izlo\u017ebenoga projekta \u201eHrvatski sveci i bla\u017eenici u na\u0161em narodu\u201c koji je niknuo u Kri\u017eevcima za potrebe manifestacije Dani hrvatskih svetaca i bla\u017eenika, a danas pod okriljem Nacionalnog sveti\u0161ta sv. Josipa iz Karlovca putuje po cijeloj Hrvatskoj. Knji\u017eica \u201eHrvatski sveci i bla\u017eenici. \u017divotopisi, molitve, likovni prikazi\u201c na kraju donosi i popis svih aktualnih kauza s osnovnim podacima o kandidatu te s godinom otvaranja kauze. \u201eSveti Marko Kri\u017eev\u010danin. \u017divot i djelo\u201c predstavljena je kao kapitalna knjiga posve\u0107ena tre\u0107em hrvatskom svecu Marku Kri\u017eev\u010daninu u kojoj je 25 autora napisalo 21 znanstveni rad, a pridodani su i bogati dodaci, me\u0111u kojima je iznimno opse\u017ena bibliografija o tre\u0107em hrvatskom svecu od vremena njegove mu\u010deni\u010dke smrti u slova\u010dkim Ko\u0161icama 1619. do dana\u0161njih dana. Urednica je, koja je i sama napisala jedno poglavlje te knjige, istaknula je da su autori poznati hrvatski teolozi, povjesni\u010dari, komunikolozi te znanstvenici koji se bave knji\u017eevnom, likovnom i glazbenom umjetno\u0161\u0107u te da su svojim doprinosima dali sveobuhvatan uvid u \u017eivot i djelovanje bisera Katoli\u010dke Crkve sv. Marka Kri\u017eev\u010danina o kojemu se premalo zna i govori u hrvatskoj vjerni\u010dkoj javnosti. Naglasila je da o sv. Marku u Hrvatskoj dosad nije odr\u017ean znanstveni skup, a da se predstavljenom znanstvenom knjigom to \u017eeljelo nadoknaditi.<\/p>\n\n\n\n<figure class=\"wp-block-gallery has-nested-images columns-default wp-block-gallery-1 is-layout-flex wp-block-gallery-is-layout-flex\">\n<figure class=\"wp-block-image size-large\"><a href=\"https:\/\/kranjcic.hr\/wp-content\/uploads\/2022\/08\/001-Predavanje-o-HR-svecima-Tanje-Baran.jpg\"><img loading=\"lazy\" decoding=\"async\" width=\"1024\" height=\"768\" data-id=\"5682\" src=\"https:\/\/kranjcic.hr\/wp-content\/uploads\/2022\/08\/001-Predavanje-o-HR-svecima-Tanje-Baran-1024x768.jpg\" alt=\"\" class=\"wp-image-5682\" srcset=\"https:\/\/kranjcic.hr\/wp-content\/uploads\/2022\/08\/001-Predavanje-o-HR-svecima-Tanje-Baran-1024x768.jpg 1024w, https:\/\/kranjcic.hr\/wp-content\/uploads\/2022\/08\/001-Predavanje-o-HR-svecima-Tanje-Baran-200x150.jpg 200w, https:\/\/kranjcic.hr\/wp-content\/uploads\/2022\/08\/001-Predavanje-o-HR-svecima-Tanje-Baran-120x90.jpg 120w, https:\/\/kranjcic.hr\/wp-content\/uploads\/2022\/08\/001-Predavanje-o-HR-svecima-Tanje-Baran.jpg 1400w\" sizes=\"auto, (max-width: 1024px) 100vw, 1024px\" \/><\/a><\/figure>\n\n\n\n<figure class=\"wp-block-image size-large\"><a href=\"https:\/\/kranjcic.hr\/wp-content\/uploads\/2022\/08\/002-Tanja-Baran-i-fr.-Ante-Kazoti.jpg\"><img loading=\"lazy\" decoding=\"async\" width=\"1024\" height=\"768\" data-id=\"5680\" src=\"https:\/\/kranjcic.hr\/wp-content\/uploads\/2022\/08\/002-Tanja-Baran-i-fr.-Ante-Kazoti-1024x768.jpg\" alt=\"\" class=\"wp-image-5680\" srcset=\"https:\/\/kranjcic.hr\/wp-content\/uploads\/2022\/08\/002-Tanja-Baran-i-fr.-Ante-Kazoti-1024x768.jpg 1024w, https:\/\/kranjcic.hr\/wp-content\/uploads\/2022\/08\/002-Tanja-Baran-i-fr.-Ante-Kazoti-200x150.jpg 200w, https:\/\/kranjcic.hr\/wp-content\/uploads\/2022\/08\/002-Tanja-Baran-i-fr.-Ante-Kazoti-120x90.jpg 120w, https:\/\/kranjcic.hr\/wp-content\/uploads\/2022\/08\/002-Tanja-Baran-i-fr.-Ante-Kazoti.jpg 1400w\" sizes=\"auto, (max-width: 1024px) 100vw, 1024px\" \/><\/a><\/figure>\n\n\n\n<figure class=\"wp-block-image size-large\"><a href=\"https:\/\/kranjcic.hr\/wp-content\/uploads\/2022\/08\/003-Publika.jpg\"><img loading=\"lazy\" decoding=\"async\" width=\"1024\" height=\"768\" data-id=\"5684\" src=\"https:\/\/kranjcic.hr\/wp-content\/uploads\/2022\/08\/003-Publika-1024x768.jpg\" alt=\"\" class=\"wp-image-5684\" srcset=\"https:\/\/kranjcic.hr\/wp-content\/uploads\/2022\/08\/003-Publika-1024x768.jpg 1024w, https:\/\/kranjcic.hr\/wp-content\/uploads\/2022\/08\/003-Publika-200x150.jpg 200w, https:\/\/kranjcic.hr\/wp-content\/uploads\/2022\/08\/003-Publika-120x90.jpg 120w, https:\/\/kranjcic.hr\/wp-content\/uploads\/2022\/08\/003-Publika.jpg 1400w\" sizes=\"auto, (max-width: 1024px) 100vw, 1024px\" \/><\/a><\/figure>\n\n\n\n<figure class=\"wp-block-image size-large\"><a href=\"https:\/\/kranjcic.hr\/wp-content\/uploads\/2022\/08\/007-Nakon-predavanja-i-promocije-3.jpg\"><img loading=\"lazy\" decoding=\"async\" width=\"1024\" height=\"683\" data-id=\"5686\" src=\"https:\/\/kranjcic.hr\/wp-content\/uploads\/2022\/08\/007-Nakon-predavanja-i-promocije-3-1024x683.jpg\" alt=\"\" class=\"wp-image-5686\" srcset=\"https:\/\/kranjcic.hr\/wp-content\/uploads\/2022\/08\/007-Nakon-predavanja-i-promocije-3-1024x683.jpg 1024w, https:\/\/kranjcic.hr\/wp-content\/uploads\/2022\/08\/007-Nakon-predavanja-i-promocije-3-200x133.jpg 200w, https:\/\/kranjcic.hr\/wp-content\/uploads\/2022\/08\/007-Nakon-predavanja-i-promocije-3-120x80.jpg 120w, https:\/\/kranjcic.hr\/wp-content\/uploads\/2022\/08\/007-Nakon-predavanja-i-promocije-3-1536x1024.jpg 1536w, https:\/\/kranjcic.hr\/wp-content\/uploads\/2022\/08\/007-Nakon-predavanja-i-promocije-3.jpg 1815w\" sizes=\"auto, (max-width: 1024px) 100vw, 1024px\" \/><\/a><\/figure>\n\n\n\n<figure class=\"wp-block-image size-large\"><a href=\"https:\/\/kranjcic.hr\/wp-content\/uploads\/2022\/08\/006-Nakon-predavanja-i-promocije-2.jpg\"><img loading=\"lazy\" decoding=\"async\" width=\"1024\" height=\"683\" data-id=\"5683\" src=\"https:\/\/kranjcic.hr\/wp-content\/uploads\/2022\/08\/006-Nakon-predavanja-i-promocije-2-1024x683.jpg\" alt=\"\" class=\"wp-image-5683\" srcset=\"https:\/\/kranjcic.hr\/wp-content\/uploads\/2022\/08\/006-Nakon-predavanja-i-promocije-2-1024x683.jpg 1024w, https:\/\/kranjcic.hr\/wp-content\/uploads\/2022\/08\/006-Nakon-predavanja-i-promocije-2-200x133.jpg 200w, https:\/\/kranjcic.hr\/wp-content\/uploads\/2022\/08\/006-Nakon-predavanja-i-promocije-2-120x80.jpg 120w, https:\/\/kranjcic.hr\/wp-content\/uploads\/2022\/08\/006-Nakon-predavanja-i-promocije-2-1536x1024.jpg 1536w, https:\/\/kranjcic.hr\/wp-content\/uploads\/2022\/08\/006-Nakon-predavanja-i-promocije-2.jpg 1815w\" sizes=\"auto, (max-width: 1024px) 100vw, 1024px\" \/><\/a><\/figure>\n\n\n\n<figure class=\"wp-block-image size-large\"><a href=\"https:\/\/kranjcic.hr\/wp-content\/uploads\/2022\/08\/008-Predstavljane-knjige.jpg\"><img loading=\"lazy\" decoding=\"async\" width=\"1024\" height=\"683\" data-id=\"5685\" src=\"https:\/\/kranjcic.hr\/wp-content\/uploads\/2022\/08\/008-Predstavljane-knjige-1024x683.jpg\" alt=\"\" class=\"wp-image-5685\" srcset=\"https:\/\/kranjcic.hr\/wp-content\/uploads\/2022\/08\/008-Predstavljane-knjige-1024x683.jpg 1024w, https:\/\/kranjcic.hr\/wp-content\/uploads\/2022\/08\/008-Predstavljane-knjige-200x133.jpg 200w, https:\/\/kranjcic.hr\/wp-content\/uploads\/2022\/08\/008-Predstavljane-knjige-120x80.jpg 120w, https:\/\/kranjcic.hr\/wp-content\/uploads\/2022\/08\/008-Predstavljane-knjige.jpg 1296w\" sizes=\"auto, (max-width: 1024px) 100vw, 1024px\" \/><\/a><\/figure>\n\n\n\n<figure class=\"wp-block-image size-large\"><a href=\"https:\/\/kranjcic.hr\/wp-content\/uploads\/2022\/08\/004-U-publici.jpg\"><img loading=\"lazy\" decoding=\"async\" width=\"768\" height=\"1024\" data-id=\"5681\" src=\"https:\/\/kranjcic.hr\/wp-content\/uploads\/2022\/08\/004-U-publici-768x1024.jpg\" alt=\"\" class=\"wp-image-5681\" srcset=\"https:\/\/kranjcic.hr\/wp-content\/uploads\/2022\/08\/004-U-publici-768x1024.jpg 768w, https:\/\/kranjcic.hr\/wp-content\/uploads\/2022\/08\/004-U-publici-113x150.jpg 113w, https:\/\/kranjcic.hr\/wp-content\/uploads\/2022\/08\/004-U-publici-90x120.jpg 90w, https:\/\/kranjcic.hr\/wp-content\/uploads\/2022\/08\/004-U-publici.jpg 1059w\" sizes=\"auto, (max-width: 768px) 100vw, 768px\" \/><\/a><\/figure>\n\n\n\n<figure class=\"wp-block-image size-large\"><a href=\"https:\/\/kranjcic.hr\/wp-content\/uploads\/2022\/08\/005-Nakon-predavanja-i-promocije-1.jpg\"><img loading=\"lazy\" decoding=\"async\" width=\"768\" height=\"1024\" data-id=\"5679\" src=\"https:\/\/kranjcic.hr\/wp-content\/uploads\/2022\/08\/005-Nakon-predavanja-i-promocije-1-768x1024.jpg\" alt=\"\" class=\"wp-image-5679\" srcset=\"https:\/\/kranjcic.hr\/wp-content\/uploads\/2022\/08\/005-Nakon-predavanja-i-promocije-1-768x1024.jpg 768w, https:\/\/kranjcic.hr\/wp-content\/uploads\/2022\/08\/005-Nakon-predavanja-i-promocije-1-113x150.jpg 113w, https:\/\/kranjcic.hr\/wp-content\/uploads\/2022\/08\/005-Nakon-predavanja-i-promocije-1-90x120.jpg 90w, https:\/\/kranjcic.hr\/wp-content\/uploads\/2022\/08\/005-Nakon-predavanja-i-promocije-1.jpg 1059w\" sizes=\"auto, (max-width: 768px) 100vw, 768px\" \/><\/a><\/figure>\n<\/figure>\n\n\n\n<figure class=\"wp-block-image size-full\"><img loading=\"lazy\" decoding=\"async\" width=\"595\" height=\"842\" src=\"https:\/\/kranjcic.hr\/wp-content\/uploads\/2022\/07\/Tanjino-predavanje.jpg\" alt=\"\" class=\"wp-image-5673\" srcset=\"https:\/\/kranjcic.hr\/wp-content\/uploads\/2022\/07\/Tanjino-predavanje.jpg 595w, https:\/\/kranjcic.hr\/wp-content\/uploads\/2022\/07\/Tanjino-predavanje-106x150.jpg 106w, https:\/\/kranjcic.hr\/wp-content\/uploads\/2022\/07\/Tanjino-predavanje-85x120.jpg 85w\" sizes=\"auto, (max-width: 595px) 100vw, 595px\" \/><\/figure>\n","protected":false},"excerpt":{"rendered":"<p>Dominikanski samostan sv. Petra mu\u010denika u Starom Gradu na Hvaru bio je doma\u0107in predavanja \u201eSvetost u pro\u0161losti i suvremenosti \u2013 hrvatski sveci i bla\u017eenici u na\u0161em narodu\u201c koje je u nedjelju 31. srpnja 2022. nakon ve\u010dernje mise odr\u017eala doc. dr. sc. Tanja Baran, predsjednica Udruge za promicanje znamenitih Kri\u017eev\u010dana \u201eDr.&hellip; <\/p>\n","protected":false},"author":1,"featured_media":5682,"comment_status":"closed","ping_status":"closed","sticky":false,"template":"","format":"standard","meta":{"footnotes":""},"categories":[87,18],"tags":[],"class_list":["post-5678","post","type-post","status-publish","format-standard","has-post-thumbnail","hentry","category-87","category-zbivanja"],"_links":{"self":[{"href":"https:\/\/kranjcic.hr\/index.php?rest_route=\/wp\/v2\/posts\/5678","targetHints":{"allow":["GET"]}}],"collection":[{"href":"https:\/\/kranjcic.hr\/index.php?rest_route=\/wp\/v2\/posts"}],"about":[{"href":"https:\/\/kranjcic.hr\/index.php?rest_route=\/wp\/v2\/types\/post"}],"author":[{"embeddable":true,"href":"https:\/\/kranjcic.hr\/index.php?rest_route=\/wp\/v2\/users\/1"}],"replies":[{"embeddable":true,"href":"https:\/\/kranjcic.hr\/index.php?rest_route=%2Fwp%2Fv2%2Fcomments&post=5678"}],"version-history":[{"count":2,"href":"https:\/\/kranjcic.hr\/index.php?rest_route=\/wp\/v2\/posts\/5678\/revisions"}],"predecessor-version":[{"id":5697,"href":"https:\/\/kranjcic.hr\/index.php?rest_route=\/wp\/v2\/posts\/5678\/revisions\/5697"}],"wp:featuredmedia":[{"embeddable":true,"href":"https:\/\/kranjcic.hr\/index.php?rest_route=\/wp\/v2\/media\/5682"}],"wp:attachment":[{"href":"https:\/\/kranjcic.hr\/index.php?rest_route=%2Fwp%2Fv2%2Fmedia&parent=5678"}],"wp:term":[{"taxonomy":"category","embeddable":true,"href":"https:\/\/kranjcic.hr\/index.php?rest_route=%2Fwp%2Fv2%2Fcategories&post=5678"},{"taxonomy":"post_tag","embeddable":true,"href":"https:\/\/kranjcic.hr\/index.php?rest_route=%2Fwp%2Fv2%2Ftags&post=5678"}],"curies":[{"name":"wp","href":"https:\/\/api.w.org\/{rel}","templated":true}]}}