{"id":5688,"date":"2022-08-01T18:58:00","date_gmt":"2022-08-01T18:58:00","guid":{"rendered":"https:\/\/kranjcic.hr\/?p=5688"},"modified":"2022-08-02T19:00:18","modified_gmt":"2022-08-02T19:00:18","slug":"otvorena-izlozba-hrvatskih-svetaca-obitelji-marekovic-u-starom-gradu-na-hvaru","status":"publish","type":"post","link":"https:\/\/kranjcic.hr\/?p=5688","title":{"rendered":"OTVORENA IZLO\u017dBA HRVATSKIH SVETACA OBITELJI MAREKOVI\u0106 U STAROM GRADU NA HVARU"},"content":{"rendered":"\n<p>Izlo\u017eba \u201eHrvatski sveci i bla\u017eenici u na\u0161em narodu\u201c sisa\u010dkih akademskih slikara k\u0107eri i oca Kristine Marekovi\u0107 i Ivice Ivana Marekovi\u0107a otvorena je u ponedjeljak 1. kolovoza 2022. u dominikanskom samostanu sv. Petra mu\u010denika u Starom Gradu na Hvaru.<\/p>\n\n\n\n<p>U programu je sudjelovao uime doma\u0107ina starje\u0161ina dominikanskoga samostana fr. Ante Kazoti, gradona\u010delnik Staroga Grada Antonio \u0160karpa, rektor Nacionalnog sveti\u0161ta sv. Josipa iz Karlovca mons. Antun Sente ml. i predsjednica Udruge za promicanje znamenitih Kri\u017eev\u010dana \u201eDr. Stjepan Kranj\u010di\u0107\u201c dr. sc. Tanja Baran. U glazbenom dijelu programa nastupili su Farofski kantaduri, a izlo\u017ebu je otvorio generalni vikar Hvarske biskupije mons. Stanko Jer\u010di\u0107.<\/p>\n\n\n\n<p>Izlo\u017ebu su zajedni\u010dki organizirali dominikanski samostan sv. Petra mu\u010denika u Starom Gradu na Hvaru, Nacionalno sveti\u0161te sv. Josipa iz Karlovca i Udruga za promicanje znamenitih Kri\u017eev\u010dana \u201eDr. Stjepan Kranj\u010di\u0107\u201c.<\/p>\n\n\n\n<p>O. Kazoti izrazio je zadovoljstvo \u0161to je putuju\u0107a izlo\u017eba posve\u0107ena hrvatskim duhovnim velikanima prvi put stigla u dominikansko okrilje u Stari Grad, i to uo\u010di blagdana najstarijega hrvatskog bla\u017eenika biskupa i dominikanca Augustina Ka\u017eoti\u0107a i 700. godi\u0161njice Ka\u017eoti\u0107eve smrti, \u0161to \u0107e biti slavljeno sljede\u0107e godine. Rije\u010di dobrodo\u0161lice uputio je i gradona\u010delnik Staroga Grada Antonio \u0160karpa rekav\u0161i da se nada da \u0107e u njihovu sredinu i dogodine do\u0107i nova izlo\u017eba posve\u0107ena hrvatskim svecima i bla\u017eenicima. Mons. Sente je objasnio va\u017enost nasljedovanja hrvatskih svetaca istaknuv\u0161i da se ne planira umoriti od promicanja hrvatske svetosti kroz izlo\u017ebeni ciklus \u201eHrvatski sveci i bla\u017eenici u na\u0161em narodu\u201c. Dr. Tanja Baran okupljenima je ispripovijedala o cjelokupnom projektu s po\u010detkom u Kri\u017eevcima prije 14 godina kroz manifestaciju Dane hrvatskih svetaca i bla\u017eenika s naglaskom na izlo\u017ebu koja od tre\u0107e godine putuje po Hrvatskoj. Posebno je govorila o najsna\u017enijoj i najduljoj suradnji s dominikancima od samih po\u010detaka izlo\u017ebenog projekta, a sve\u010danost je obogatila interpretacijom stihova posve\u0107enih bl. Augustinu Ka\u017eoti\u0107u i bl. Ozani Kotorskoj autora dominikanskoga \u017eupljanina \u017eupe bl. Augustina Ka\u017eoti\u0107a u Zagrebu Zdravka Gavrana.<\/p>\n\n\n\n<p>Otvaraju\u0107i izlo\u017ebu u ime hvarskoga biskupa Ranka Vidovi\u0107a generalni vikar Hvarske biskupije mons. Stanko Jer\u010di\u0107 istaknuo je da su hrvatski sveci najve\u0107i me\u0111u velikanima, ve\u0107i \u010dak i od poznatih Nobelovaca, mada ih neki drugi svojataju kao svoje.<\/p>\n\n\n\n<p>Izlo\u017ebenoj sve\u010danosti, na kojoj se okupilo sedam sve\u0107enika i na desetke vjernika, prethodilo je koncelebrirano misno slavlje koje je predvodio mons. Jer\u010di\u0107.<\/p>\n\n\n\n<p>Izlo\u017eba \u201eHrvatski sveci i bla\u017eenici u na\u0161em narodu&#8221; Kristine Marekovi\u0107 i Ivice Ivana Marekovi\u0107a suvremeni je likovni prikaz najve\u0107ih hrvatskih duhovnih velikana koje su autori iz sisa\u010dkoga likovnog kruga oblikovali za 11. Dane hrvatskih svetaca i bla\u017eenika u Kri\u017eevcima krajem svibnja 2019. godine. Izlo\u017eba je nakon Kri\u017eevaca putovala u petnaestak hrvatskih sredina, a zbog velikoga interesa izlo\u017eba nastavlja svoj put i 2022. godine.<\/p>\n\n\n\n<p>Trenuta\u010dno su u Hrvatskoj postavljene \u010dak tri izlo\u017ebe iz izlo\u017ebenoga ciklusa \u201eHrvatski sveci i bla\u017eenici u na\u0161em narodu\u201c koji vode Nacionalno sveti\u0161te sv. Josipa iz Karlovca i Udruga za promicanje znamenitih Kri\u017eev\u010dana \u201eDr. Stjepan Kranj\u010di\u0107\u201c.<\/p>\n\n\n\n<p>Aktualna izlo\u017eba Iris Mihatov Mio\u010di\u0107 postavljena je u \u010detvrtak 28. srpnja u interpretacijskom centru katedrale sv. Jakova \u201eCivitas sacra\u201c u \u0160ibeniku, pro\u0161logodi\u0161nja izlo\u017eba Karin Grenc mo\u017ee se razgledati u crkvi Uznesenja BDM u Rijeci, dok se u Starom Gradu na Hvaru izlo\u017eba k\u0107eri i oca Marekovi\u0107a, ostvarena 2019. godine, mo\u017ee razgledati do kraja ljeta.<\/p>\n\n\n\n<p>Otvorenjem te izlo\u017ebe, kao i dan ranije prigodnim predavanjem o hrvatskim duhovnim velikanima Tanje Baran, zavr\u0161ene su dvodnevne sve\u010danosti hrvatskih svetaca i bla\u017eenika u dominikanskom samostanu sv. Petra mu\u010denika u Starom Gradu na Hvaru.<\/p>\n\n\n\n<figure class=\"wp-block-gallery has-nested-images columns-default is-cropped wp-block-gallery-1 is-layout-flex wp-block-gallery-is-layout-flex\">\n<figure class=\"wp-block-image size-large\"><a href=\"https:\/\/kranjcic.hr\/wp-content\/uploads\/2022\/08\/001-Skupna-u-galeriji-Stratiko.jpg\"><img loading=\"lazy\" decoding=\"async\" width=\"1024\" height=\"768\" data-id=\"5693\" src=\"https:\/\/kranjcic.hr\/wp-content\/uploads\/2022\/08\/001-Skupna-u-galeriji-Stratiko-1024x768.jpg\" alt=\"\" class=\"wp-image-5693\" srcset=\"https:\/\/kranjcic.hr\/wp-content\/uploads\/2022\/08\/001-Skupna-u-galeriji-Stratiko-1024x768.jpg 1024w, https:\/\/kranjcic.hr\/wp-content\/uploads\/2022\/08\/001-Skupna-u-galeriji-Stratiko-200x150.jpg 200w, https:\/\/kranjcic.hr\/wp-content\/uploads\/2022\/08\/001-Skupna-u-galeriji-Stratiko-120x90.jpg 120w, https:\/\/kranjcic.hr\/wp-content\/uploads\/2022\/08\/001-Skupna-u-galeriji-Stratiko-1536x1152.jpg 1536w, https:\/\/kranjcic.hr\/wp-content\/uploads\/2022\/08\/001-Skupna-u-galeriji-Stratiko.jpg 2016w\" sizes=\"auto, (max-width: 1024px) 100vw, 1024px\" \/><\/a><\/figure>\n\n\n\n<figure class=\"wp-block-image size-large\"><a href=\"https:\/\/kranjcic.hr\/wp-content\/uploads\/2022\/08\/002-Otvorenje-izlozbe.jpg\"><img loading=\"lazy\" decoding=\"async\" width=\"1024\" height=\"768\" data-id=\"5692\" src=\"https:\/\/kranjcic.hr\/wp-content\/uploads\/2022\/08\/002-Otvorenje-izlozbe-1024x768.jpg\" alt=\"\" class=\"wp-image-5692\" srcset=\"https:\/\/kranjcic.hr\/wp-content\/uploads\/2022\/08\/002-Otvorenje-izlozbe-1024x768.jpg 1024w, https:\/\/kranjcic.hr\/wp-content\/uploads\/2022\/08\/002-Otvorenje-izlozbe-200x150.jpg 200w, https:\/\/kranjcic.hr\/wp-content\/uploads\/2022\/08\/002-Otvorenje-izlozbe-120x90.jpg 120w, https:\/\/kranjcic.hr\/wp-content\/uploads\/2022\/08\/002-Otvorenje-izlozbe.jpg 1400w\" sizes=\"auto, (max-width: 1024px) 100vw, 1024px\" \/><\/a><\/figure>\n\n\n\n<figure class=\"wp-block-image size-large\"><a href=\"https:\/\/kranjcic.hr\/wp-content\/uploads\/2022\/08\/003-Farofski-kantaduri.jpg\"><img loading=\"lazy\" decoding=\"async\" width=\"1024\" height=\"768\" data-id=\"5689\" src=\"https:\/\/kranjcic.hr\/wp-content\/uploads\/2022\/08\/003-Farofski-kantaduri-1024x768.jpg\" alt=\"\" class=\"wp-image-5689\" srcset=\"https:\/\/kranjcic.hr\/wp-content\/uploads\/2022\/08\/003-Farofski-kantaduri-1024x768.jpg 1024w, https:\/\/kranjcic.hr\/wp-content\/uploads\/2022\/08\/003-Farofski-kantaduri-200x150.jpg 200w, https:\/\/kranjcic.hr\/wp-content\/uploads\/2022\/08\/003-Farofski-kantaduri-120x90.jpg 120w, https:\/\/kranjcic.hr\/wp-content\/uploads\/2022\/08\/003-Farofski-kantaduri.jpg 1120w\" sizes=\"auto, (max-width: 1024px) 100vw, 1024px\" \/><\/a><\/figure>\n\n\n\n<figure class=\"wp-block-image size-large\"><a href=\"https:\/\/kranjcic.hr\/wp-content\/uploads\/2022\/08\/004-Publika.jpg\"><img loading=\"lazy\" decoding=\"async\" width=\"1024\" height=\"768\" data-id=\"5690\" src=\"https:\/\/kranjcic.hr\/wp-content\/uploads\/2022\/08\/004-Publika-1024x768.jpg\" alt=\"\" class=\"wp-image-5690\" srcset=\"https:\/\/kranjcic.hr\/wp-content\/uploads\/2022\/08\/004-Publika-1024x768.jpg 1024w, https:\/\/kranjcic.hr\/wp-content\/uploads\/2022\/08\/004-Publika-200x150.jpg 200w, https:\/\/kranjcic.hr\/wp-content\/uploads\/2022\/08\/004-Publika-120x90.jpg 120w, https:\/\/kranjcic.hr\/wp-content\/uploads\/2022\/08\/004-Publika.jpg 1400w\" sizes=\"auto, (max-width: 1024px) 100vw, 1024px\" \/><\/a><\/figure>\n\n\n\n<figure class=\"wp-block-image size-large\"><a href=\"https:\/\/kranjcic.hr\/wp-content\/uploads\/2022\/08\/005-Misa.jpg\"><img loading=\"lazy\" decoding=\"async\" width=\"1024\" height=\"768\" data-id=\"5691\" src=\"https:\/\/kranjcic.hr\/wp-content\/uploads\/2022\/08\/005-Misa-1024x768.jpg\" alt=\"\" class=\"wp-image-5691\" srcset=\"https:\/\/kranjcic.hr\/wp-content\/uploads\/2022\/08\/005-Misa-1024x768.jpg 1024w, https:\/\/kranjcic.hr\/wp-content\/uploads\/2022\/08\/005-Misa-200x150.jpg 200w, https:\/\/kranjcic.hr\/wp-content\/uploads\/2022\/08\/005-Misa-120x90.jpg 120w, https:\/\/kranjcic.hr\/wp-content\/uploads\/2022\/08\/005-Misa.jpg 1400w\" sizes=\"auto, (max-width: 1024px) 100vw, 1024px\" \/><\/a><\/figure>\n<\/figure>\n\n\n\n<figure class=\"wp-block-image size-large\"><img loading=\"lazy\" decoding=\"async\" width=\"717\" height=\"1024\" src=\"https:\/\/kranjcic.hr\/wp-content\/uploads\/2022\/07\/Plakat-Hvar-717x1024.jpg\" alt=\"\" class=\"wp-image-5676\" srcset=\"https:\/\/kranjcic.hr\/wp-content\/uploads\/2022\/07\/Plakat-Hvar-717x1024.jpg 717w, https:\/\/kranjcic.hr\/wp-content\/uploads\/2022\/07\/Plakat-Hvar-105x150.jpg 105w, https:\/\/kranjcic.hr\/wp-content\/uploads\/2022\/07\/Plakat-Hvar-84x120.jpg 84w, https:\/\/kranjcic.hr\/wp-content\/uploads\/2022\/07\/Plakat-Hvar.jpg 840w\" sizes=\"auto, (max-width: 717px) 100vw, 717px\" \/><\/figure>\n","protected":false},"excerpt":{"rendered":"<p>Izlo\u017eba \u201eHrvatski sveci i bla\u017eenici u na\u0161em narodu\u201c sisa\u010dkih akademskih slikara k\u0107eri i oca Kristine Marekovi\u0107 i Ivice Ivana Marekovi\u0107a otvorena je u ponedjeljak 1. kolovoza 2022. u dominikanskom samostanu sv. Petra mu\u010denika u Starom Gradu na Hvaru. U programu je sudjelovao uime doma\u0107ina starje\u0161ina dominikanskoga samostana fr. Ante Kazoti,&hellip; <\/p>\n","protected":false},"author":1,"featured_media":5693,"comment_status":"closed","ping_status":"closed","sticky":false,"template":"","format":"standard","meta":{"footnotes":""},"categories":[87,30,18],"tags":[],"class_list":["post-5688","post","type-post","status-publish","format-standard","has-post-thumbnail","hentry","category-87","category-dani-hrvatskih-svetaca-i-blazenika","category-zbivanja"],"_links":{"self":[{"href":"https:\/\/kranjcic.hr\/index.php?rest_route=\/wp\/v2\/posts\/5688","targetHints":{"allow":["GET"]}}],"collection":[{"href":"https:\/\/kranjcic.hr\/index.php?rest_route=\/wp\/v2\/posts"}],"about":[{"href":"https:\/\/kranjcic.hr\/index.php?rest_route=\/wp\/v2\/types\/post"}],"author":[{"embeddable":true,"href":"https:\/\/kranjcic.hr\/index.php?rest_route=\/wp\/v2\/users\/1"}],"replies":[{"embeddable":true,"href":"https:\/\/kranjcic.hr\/index.php?rest_route=%2Fwp%2Fv2%2Fcomments&post=5688"}],"version-history":[{"count":2,"href":"https:\/\/kranjcic.hr\/index.php?rest_route=\/wp\/v2\/posts\/5688\/revisions"}],"predecessor-version":[{"id":5696,"href":"https:\/\/kranjcic.hr\/index.php?rest_route=\/wp\/v2\/posts\/5688\/revisions\/5696"}],"wp:featuredmedia":[{"embeddable":true,"href":"https:\/\/kranjcic.hr\/index.php?rest_route=\/wp\/v2\/media\/5693"}],"wp:attachment":[{"href":"https:\/\/kranjcic.hr\/index.php?rest_route=%2Fwp%2Fv2%2Fmedia&parent=5688"}],"wp:term":[{"taxonomy":"category","embeddable":true,"href":"https:\/\/kranjcic.hr\/index.php?rest_route=%2Fwp%2Fv2%2Fcategories&post=5688"},{"taxonomy":"post_tag","embeddable":true,"href":"https:\/\/kranjcic.hr\/index.php?rest_route=%2Fwp%2Fv2%2Ftags&post=5688"}],"curies":[{"name":"wp","href":"https:\/\/api.w.org\/{rel}","templated":true}]}}