{"id":5699,"date":"2022-09-08T22:38:00","date_gmt":"2022-09-08T22:38:00","guid":{"rendered":"https:\/\/kranjcic.hr\/?p=5699"},"modified":"2022-09-10T12:44:14","modified_gmt":"2022-09-10T12:44:14","slug":"predavanje-dr-sc-o-ivice-muse-o-zajednickom-mucenistvu-sv-marka-krizevcanina-i-otaca-isusovaca","status":"publish","type":"post","link":"https:\/\/kranjcic.hr\/?p=5699","title":{"rendered":"ISUSOVAC DR. IVICA MUSA ODR\u017dAO PREDAVANJE O ZAJEDNI\u0160TVU \u00a0SV. MARKA KRI\u017dEV\u010cANINA I OTACA ISUSOVACA"},"content":{"rendered":"\n<p>\u201eSv. Marko Kri\u017eev\u010danin i oci isusovci \u2013 zajedni\u0161tvo u poslanju, zajedni\u0161tvo u mu\u010deni\u0161tvu\u201c &#8211; predavanje je koje je na blagdan Male Gospe u \u010detvrtak 8. rujna 2022. u kri\u017eeva\u010dkoj \u017eupnoj crkvi sv. Ane odr\u017eao isusovac dr. sc. Ivica Musa, profesor na Fakultetu filozofije i religijskih znanosti Sveu\u010dili\u0161ta u Zagrebu.<\/p>\n\n\n\n<p>Govorio je o \u017eivotnom putu sv. Marka i njegovim vezama s isusova\u010dkim redom. \u201eBogat obrazovni i cjelokupan \u017eivotni put na\u0161ega sveca&nbsp; krenuo je iz Kri\u017eevaca, nastavio se preko Be\u010da, Graza do Rima, nakon studija do Zagreba i na kraju u Slova\u010dkoj gdje je svetac podnio mu\u010deni\u0161tvo. Na tom svom putu sv. Marko je stasao u isusova\u010dkim ustanovama okru\u017een isusova\u010dkom duhovno\u0161\u0107u\u201c, poja\u0161njavao je dr. Musa. Protuma\u010dio je i sve\u010devo djelovanje u Slova\u010dkoj gdje i skon\u010dao s dvojicom isusovaca Ma\u0111arom Stjepanom Pongraczom&nbsp; i Poljakom Melkiorom Grodzieckim. \u201eZajedni\u0161tvo sv. Marka i otaca isusovaca potpuno je razumljivo, njih trojica ko\u0161i\u010dkih mu\u010denika mu\u010deni\u010dku smrt nisu podijeli slu\u010dajno. Povezanost je bila iznimna o \u010demu su svjedo\u010dili i o\u010devici u tragediji njihove mu\u010deni\u010dke smrti u 17. stolje\u0107u\u201c, zaklju\u010dio je o. Musa. \u010clanovi \u201eUdruge za promicanje znamenitih Kri\u017eev\u010dana \u201eDr. Stjepan Kranj\u010di\u0107\u201c obogatili su predavanje interpretacijom knji\u017eevnih radova svecu u \u010dast, a zahvalne je rije\u010di izrekla predsjednica Udruge dr. sc. Tanja Baran.<\/p>\n\n\n\n<p>Predavanju je prethodilo misno slavlje koje je, uz suslavlje kri\u017eeva\u010dkoga \u017eupnika Stjepana Sovi\u010deka, predslavio o. Musa. Glazbeni obol sve\u010danosti dao je Zbor mladih \u201eCrisinus\u201c. Misu su slavili i predstavnici braniteljskih udruga, sudjelovao je i koprivni\u010dko-kri\u017eeva\u010dki do\u017eupan Ratimir Ljubi\u0107, a doprinos su dale i \u010dlanice povijesne postrojbe Kri\u017eeva\u010dke djevoja\u010dke stra\u017ee.&nbsp;<\/p>\n\n\n\n<p>Predavanje je odr\u017eano kao dio trotjedne proslave svetkovine tre\u0107ega hrvatskog sveca Marka Kri\u017eev\u010danina u Kri\u017eevcima. Organizatori su bili Udruga za promicanje znamenitih Kri\u017eev\u010dana \u201eDr. Stjepan Kranj\u010di\u0107\u201c i kri\u017eeva\u010dke \u017eupe.<\/p>\n\n\n\n<figure class=\"wp-block-gallery has-nested-images columns-default wp-block-gallery-1 is-layout-flex wp-block-gallery-is-layout-flex\">\n<figure class=\"wp-block-image size-large\"><a href=\"https:\/\/kranjcic.hr\/wp-content\/uploads\/2022\/09\/001-Skupna-o.-Ivica-Musa-i-clanovi-Udruge-Dr.-Stjepan-Kranjcic.jpg\"><img loading=\"lazy\" decoding=\"async\" width=\"801\" height=\"557\" data-id=\"5718\" src=\"https:\/\/kranjcic.hr\/wp-content\/uploads\/2022\/09\/001-Skupna-o.-Ivica-Musa-i-clanovi-Udruge-Dr.-Stjepan-Kranjcic.jpg\" alt=\"\" class=\"wp-image-5718\" srcset=\"https:\/\/kranjcic.hr\/wp-content\/uploads\/2022\/09\/001-Skupna-o.-Ivica-Musa-i-clanovi-Udruge-Dr.-Stjepan-Kranjcic.jpg 801w, https:\/\/kranjcic.hr\/wp-content\/uploads\/2022\/09\/001-Skupna-o.-Ivica-Musa-i-clanovi-Udruge-Dr.-Stjepan-Kranjcic-200x139.jpg 200w, https:\/\/kranjcic.hr\/wp-content\/uploads\/2022\/09\/001-Skupna-o.-Ivica-Musa-i-clanovi-Udruge-Dr.-Stjepan-Kranjcic-120x83.jpg 120w, https:\/\/kranjcic.hr\/wp-content\/uploads\/2022\/09\/001-Skupna-o.-Ivica-Musa-i-clanovi-Udruge-Dr.-Stjepan-Kranjcic-230x160.jpg 230w\" sizes=\"auto, (max-width: 801px) 100vw, 801px\" \/><\/a><\/figure>\n\n\n\n<figure class=\"wp-block-image size-large\"><a href=\"https:\/\/kranjcic.hr\/wp-content\/uploads\/2022\/09\/002-Predavanje-dr.-sc.-o.-Ivice-Muse.jpg\"><img loading=\"lazy\" decoding=\"async\" width=\"1024\" height=\"768\" data-id=\"5723\" src=\"https:\/\/kranjcic.hr\/wp-content\/uploads\/2022\/09\/002-Predavanje-dr.-sc.-o.-Ivice-Muse-1024x768.jpg\" alt=\"\" class=\"wp-image-5723\" srcset=\"https:\/\/kranjcic.hr\/wp-content\/uploads\/2022\/09\/002-Predavanje-dr.-sc.-o.-Ivice-Muse-1024x768.jpg 1024w, https:\/\/kranjcic.hr\/wp-content\/uploads\/2022\/09\/002-Predavanje-dr.-sc.-o.-Ivice-Muse-200x150.jpg 200w, https:\/\/kranjcic.hr\/wp-content\/uploads\/2022\/09\/002-Predavanje-dr.-sc.-o.-Ivice-Muse-120x90.jpg 120w, https:\/\/kranjcic.hr\/wp-content\/uploads\/2022\/09\/002-Predavanje-dr.-sc.-o.-Ivice-Muse.jpg 1400w\" sizes=\"auto, (max-width: 1024px) 100vw, 1024px\" \/><\/a><\/figure>\n\n\n\n<figure class=\"wp-block-image size-large\"><a href=\"https:\/\/kranjcic.hr\/wp-content\/uploads\/2022\/09\/003-Misa-o.-Musa-propovijeda.jpg\"><img loading=\"lazy\" decoding=\"async\" width=\"1024\" height=\"768\" data-id=\"5724\" src=\"https:\/\/kranjcic.hr\/wp-content\/uploads\/2022\/09\/003-Misa-o.-Musa-propovijeda-1024x768.jpg\" alt=\"\" class=\"wp-image-5724\" srcset=\"https:\/\/kranjcic.hr\/wp-content\/uploads\/2022\/09\/003-Misa-o.-Musa-propovijeda-1024x768.jpg 1024w, https:\/\/kranjcic.hr\/wp-content\/uploads\/2022\/09\/003-Misa-o.-Musa-propovijeda-200x150.jpg 200w, https:\/\/kranjcic.hr\/wp-content\/uploads\/2022\/09\/003-Misa-o.-Musa-propovijeda-120x90.jpg 120w, https:\/\/kranjcic.hr\/wp-content\/uploads\/2022\/09\/003-Misa-o.-Musa-propovijeda.jpg 1400w\" sizes=\"auto, (max-width: 1024px) 100vw, 1024px\" \/><\/a><\/figure>\n\n\n\n<figure class=\"wp-block-image size-large\"><a href=\"https:\/\/kranjcic.hr\/wp-content\/uploads\/2022\/09\/004-Branitelji.jpg\"><img loading=\"lazy\" decoding=\"async\" width=\"840\" height=\"560\" data-id=\"5717\" src=\"https:\/\/kranjcic.hr\/wp-content\/uploads\/2022\/09\/004-Branitelji.jpg\" alt=\"\" class=\"wp-image-5717\" srcset=\"https:\/\/kranjcic.hr\/wp-content\/uploads\/2022\/09\/004-Branitelji.jpg 840w, https:\/\/kranjcic.hr\/wp-content\/uploads\/2022\/09\/004-Branitelji-200x133.jpg 200w, https:\/\/kranjcic.hr\/wp-content\/uploads\/2022\/09\/004-Branitelji-120x80.jpg 120w\" sizes=\"auto, (max-width: 840px) 100vw, 840px\" \/><\/a><\/figure>\n\n\n\n<figure class=\"wp-block-image size-large\"><a href=\"https:\/\/kranjcic.hr\/wp-content\/uploads\/2022\/09\/005-Vjernici-1.jpg\"><img loading=\"lazy\" decoding=\"async\" width=\"840\" height=\"560\" data-id=\"5720\" src=\"https:\/\/kranjcic.hr\/wp-content\/uploads\/2022\/09\/005-Vjernici-1.jpg\" alt=\"\" class=\"wp-image-5720\" srcset=\"https:\/\/kranjcic.hr\/wp-content\/uploads\/2022\/09\/005-Vjernici-1.jpg 840w, https:\/\/kranjcic.hr\/wp-content\/uploads\/2022\/09\/005-Vjernici-1-200x133.jpg 200w, https:\/\/kranjcic.hr\/wp-content\/uploads\/2022\/09\/005-Vjernici-1-120x80.jpg 120w\" sizes=\"auto, (max-width: 840px) 100vw, 840px\" \/><\/a><\/figure>\n\n\n\n<figure class=\"wp-block-image size-large\"><a href=\"https:\/\/kranjcic.hr\/wp-content\/uploads\/2022\/09\/006-Vjernici-2.jpg\"><img loading=\"lazy\" decoding=\"async\" width=\"840\" height=\"560\" data-id=\"5719\" src=\"https:\/\/kranjcic.hr\/wp-content\/uploads\/2022\/09\/006-Vjernici-2.jpg\" alt=\"\" class=\"wp-image-5719\" srcset=\"https:\/\/kranjcic.hr\/wp-content\/uploads\/2022\/09\/006-Vjernici-2.jpg 840w, https:\/\/kranjcic.hr\/wp-content\/uploads\/2022\/09\/006-Vjernici-2-200x133.jpg 200w, https:\/\/kranjcic.hr\/wp-content\/uploads\/2022\/09\/006-Vjernici-2-120x80.jpg 120w\" sizes=\"auto, (max-width: 840px) 100vw, 840px\" \/><\/a><\/figure>\n\n\n\n<figure class=\"wp-block-image size-large\"><a href=\"https:\/\/kranjcic.hr\/wp-content\/uploads\/2022\/09\/007-Zahvala-Tanje-Baran-o.-Ivici-Musi.jpg\"><img loading=\"lazy\" decoding=\"async\" width=\"840\" height=\"560\" data-id=\"5721\" src=\"https:\/\/kranjcic.hr\/wp-content\/uploads\/2022\/09\/007-Zahvala-Tanje-Baran-o.-Ivici-Musi.jpg\" alt=\"\" class=\"wp-image-5721\" srcset=\"https:\/\/kranjcic.hr\/wp-content\/uploads\/2022\/09\/007-Zahvala-Tanje-Baran-o.-Ivici-Musi.jpg 840w, https:\/\/kranjcic.hr\/wp-content\/uploads\/2022\/09\/007-Zahvala-Tanje-Baran-o.-Ivici-Musi-200x133.jpg 200w, https:\/\/kranjcic.hr\/wp-content\/uploads\/2022\/09\/007-Zahvala-Tanje-Baran-o.-Ivici-Musi-120x80.jpg 120w\" sizes=\"auto, (max-width: 840px) 100vw, 840px\" \/><\/a><\/figure>\n<\/figure>\n\n\n\n<figure class=\"wp-block-image size-large\"><img loading=\"lazy\" decoding=\"async\" width=\"724\" height=\"1024\" src=\"https:\/\/kranjcic.hr\/wp-content\/uploads\/2022\/08\/Plakat-sv.-Marko-Kz-i-isusovci-Ivica-Musa-724x1024.jpg\" alt=\"\" class=\"wp-image-5700\" srcset=\"https:\/\/kranjcic.hr\/wp-content\/uploads\/2022\/08\/Plakat-sv.-Marko-Kz-i-isusovci-Ivica-Musa-724x1024.jpg 724w, https:\/\/kranjcic.hr\/wp-content\/uploads\/2022\/08\/Plakat-sv.-Marko-Kz-i-isusovci-Ivica-Musa-106x150.jpg 106w, https:\/\/kranjcic.hr\/wp-content\/uploads\/2022\/08\/Plakat-sv.-Marko-Kz-i-isusovci-Ivica-Musa-85x120.jpg 85w, https:\/\/kranjcic.hr\/wp-content\/uploads\/2022\/08\/Plakat-sv.-Marko-Kz-i-isusovci-Ivica-Musa.jpg 1061w\" sizes=\"auto, (max-width: 724px) 100vw, 724px\" \/><\/figure>\n","protected":false},"excerpt":{"rendered":"<p>\u201eSv. Marko Kri\u017eev\u010danin i oci isusovci \u2013 zajedni\u0161tvo u poslanju, zajedni\u0161tvo u mu\u010deni\u0161tvu\u201c &#8211; predavanje je koje je na blagdan Male Gospe u \u010detvrtak 8. rujna 2022. u kri\u017eeva\u010dkoj \u017eupnoj crkvi sv. Ane odr\u017eao isusovac dr. sc. Ivica Musa, profesor na Fakultetu filozofije i religijskih znanosti Sveu\u010dili\u0161ta u Zagrebu. Govorio&hellip; <\/p>\n","protected":false},"author":1,"featured_media":5718,"comment_status":"closed","ping_status":"closed","sticky":false,"template":"","format":"standard","meta":{"footnotes":""},"categories":[87,16,18],"tags":[],"class_list":["post-5699","post","type-post","status-publish","format-standard","has-post-thumbnail","hentry","category-87","category-sveti-marko-krizevcanin","category-zbivanja"],"_links":{"self":[{"href":"https:\/\/kranjcic.hr\/index.php?rest_route=\/wp\/v2\/posts\/5699","targetHints":{"allow":["GET"]}}],"collection":[{"href":"https:\/\/kranjcic.hr\/index.php?rest_route=\/wp\/v2\/posts"}],"about":[{"href":"https:\/\/kranjcic.hr\/index.php?rest_route=\/wp\/v2\/types\/post"}],"author":[{"embeddable":true,"href":"https:\/\/kranjcic.hr\/index.php?rest_route=\/wp\/v2\/users\/1"}],"replies":[{"embeddable":true,"href":"https:\/\/kranjcic.hr\/index.php?rest_route=%2Fwp%2Fv2%2Fcomments&post=5699"}],"version-history":[{"count":2,"href":"https:\/\/kranjcic.hr\/index.php?rest_route=\/wp\/v2\/posts\/5699\/revisions"}],"predecessor-version":[{"id":5725,"href":"https:\/\/kranjcic.hr\/index.php?rest_route=\/wp\/v2\/posts\/5699\/revisions\/5725"}],"wp:featuredmedia":[{"embeddable":true,"href":"https:\/\/kranjcic.hr\/index.php?rest_route=\/wp\/v2\/media\/5718"}],"wp:attachment":[{"href":"https:\/\/kranjcic.hr\/index.php?rest_route=%2Fwp%2Fv2%2Fmedia&parent=5699"}],"wp:term":[{"taxonomy":"category","embeddable":true,"href":"https:\/\/kranjcic.hr\/index.php?rest_route=%2Fwp%2Fv2%2Fcategories&post=5699"},{"taxonomy":"post_tag","embeddable":true,"href":"https:\/\/kranjcic.hr\/index.php?rest_route=%2Fwp%2Fv2%2Ftags&post=5699"}],"curies":[{"name":"wp","href":"https:\/\/api.w.org\/{rel}","templated":true}]}}