{"id":5702,"date":"2022-09-02T22:35:00","date_gmt":"2022-09-02T22:35:00","guid":{"rendered":"https:\/\/kranjcic.hr\/?p=5702"},"modified":"2022-09-05T06:40:29","modified_gmt":"2022-09-05T06:40:29","slug":"otvorena-izlozba-hrvatskih-svetaca-iris-mihatov-miocic-u-sisku","status":"publish","type":"post","link":"https:\/\/kranjcic.hr\/?p=5702","title":{"rendered":"OTVORENA IZLO\u017dBA HRVATSKIH SVETACA IRIS MIHATOV MIO\u010cI\u0106 U SISKU"},"content":{"rendered":"\n<p>U sve\u010danoj dvorani Ivana Pavla II. Velikog Kaptola Sisa\u010dke biskupije u petak 2. rujna 2022. otvorena je izlo\u017eba portreta hrvatskih svetaca i bla\u017eenika akademske slikarice Iris Mihatov Mio\u010di\u0107.<\/p>\n\n\n\n<p>Nakon uvodnih pozdrava voditeljice Ureda za kulturu Sisa\u010dke biskupije Spomenke Juri\u0107, izlo\u017ebu su uz autoricu predstavili rektor Nacionalnoga sveti\u0161ta sv. Josipa mons. Antun Sente ml. i predsjednica Udruge za promicanje znamenitih Kri\u017eev\u010dana \u201eDr. Stjepan Kranj\u010di\u0107\u201c Tanja Baran, dok je izlo\u017ebu otvorio sisa\u010dki biskup mons. Vlado Ko\u0161i\u0107.<\/p>\n\n\n\n<p>Autorica Mihatov Mio\u010di\u0107 govorila je o tijeku nastajanja tridesetak portreta koje je stvarala vi\u0161e mjeseci. Istaknula je da su joj nadahnu\u0107e znali biti i najsitniji detalji iz \u017eivota pojedinoga duhovnog velikana o kojima bi pro\u010ditala iz knjiga.<\/p>\n\n\n\n<p>Mons. Sente i dr. Baran govorili su o ideji cjelokupnoga izlo\u017ebenog projekta koji ve\u0107 14 godina, svake godine s portretima nekog drugog umjetnika, nakon Dana hrvatskih svetaca i bla\u017eenika u Kri\u017eevcima putuje po Hrvatskoj s ciljem boljeg poznavanja i intenzivnijeg \u0161tovanja hrvatskih svetaca i bla\u017eenika.<\/p>\n\n\n\n<p>Biskup Ko\u0161i\u0107 je otvaraju\u0107i izlo\u017ebu istaknuo da hrvatski sveci vole Sisak, da je nedavno u biskupiju stigla umjetnina s likom Miroslava Bule\u0161i\u0107a, a da je sada u Sisa\u010dku biskupiju po ovoj izlo\u017ebi stiglo \u010dak 30 hrvatskih svetaca, bla\u017eenika, slugu i slu\u017ebenica Bo\u017ejih.<\/p>\n\n\n\n<p>Glazbeni obol sve\u010danosti dale su sopranistica Monika Pranji\u0107 uz korepetitoricu Josipu Dovrani\u0107.&nbsp;<\/p>\n\n\n\n<figure class=\"wp-block-gallery has-nested-images columns-2 wp-block-gallery-1 is-layout-flex wp-block-gallery-is-layout-flex\">\n<figure class=\"wp-block-image size-large\"><a href=\"https:\/\/kranjcic.hr\/wp-content\/uploads\/2022\/09\/001-Skupna-sudionici-otvorenja.jpg\"><img loading=\"lazy\" decoding=\"async\" width=\"1024\" height=\"683\" data-id=\"5705\" src=\"https:\/\/kranjcic.hr\/wp-content\/uploads\/2022\/09\/001-Skupna-sudionici-otvorenja-1024x683.jpg\" alt=\"\" class=\"wp-image-5705\" srcset=\"https:\/\/kranjcic.hr\/wp-content\/uploads\/2022\/09\/001-Skupna-sudionici-otvorenja-1024x683.jpg 1024w, https:\/\/kranjcic.hr\/wp-content\/uploads\/2022\/09\/001-Skupna-sudionici-otvorenja-200x133.jpg 200w, https:\/\/kranjcic.hr\/wp-content\/uploads\/2022\/09\/001-Skupna-sudionici-otvorenja-120x80.jpg 120w, https:\/\/kranjcic.hr\/wp-content\/uploads\/2022\/09\/001-Skupna-sudionici-otvorenja-1536x1024.jpg 1536w, https:\/\/kranjcic.hr\/wp-content\/uploads\/2022\/09\/001-Skupna-sudionici-otvorenja.jpg 1920w\" sizes=\"auto, (max-width: 1024px) 100vw, 1024px\" \/><\/a><\/figure>\n\n\n\n<figure class=\"wp-block-image size-large\"><a href=\"https:\/\/kranjcic.hr\/wp-content\/uploads\/2022\/09\/002-Skupna-2.jpg\"><img loading=\"lazy\" decoding=\"async\" width=\"1024\" height=\"683\" data-id=\"5708\" src=\"https:\/\/kranjcic.hr\/wp-content\/uploads\/2022\/09\/002-Skupna-2-1024x683.jpg\" alt=\"\" class=\"wp-image-5708\" srcset=\"https:\/\/kranjcic.hr\/wp-content\/uploads\/2022\/09\/002-Skupna-2-1024x683.jpg 1024w, https:\/\/kranjcic.hr\/wp-content\/uploads\/2022\/09\/002-Skupna-2-200x133.jpg 200w, https:\/\/kranjcic.hr\/wp-content\/uploads\/2022\/09\/002-Skupna-2-120x80.jpg 120w, https:\/\/kranjcic.hr\/wp-content\/uploads\/2022\/09\/002-Skupna-2-1536x1024.jpg 1536w, https:\/\/kranjcic.hr\/wp-content\/uploads\/2022\/09\/002-Skupna-2.jpg 1920w\" sizes=\"auto, (max-width: 1024px) 100vw, 1024px\" \/><\/a><\/figure>\n\n\n\n<figure class=\"wp-block-image size-large\"><a href=\"https:\/\/kranjcic.hr\/wp-content\/uploads\/2022\/09\/003-Biskup-Vlado-Kosic-otvara-izlozbu.jpg\"><img loading=\"lazy\" decoding=\"async\" width=\"1024\" height=\"683\" data-id=\"5704\" src=\"https:\/\/kranjcic.hr\/wp-content\/uploads\/2022\/09\/003-Biskup-Vlado-Kosic-otvara-izlozbu-1024x683.jpg\" alt=\"\" class=\"wp-image-5704\" srcset=\"https:\/\/kranjcic.hr\/wp-content\/uploads\/2022\/09\/003-Biskup-Vlado-Kosic-otvara-izlozbu-1024x683.jpg 1024w, https:\/\/kranjcic.hr\/wp-content\/uploads\/2022\/09\/003-Biskup-Vlado-Kosic-otvara-izlozbu-200x133.jpg 200w, https:\/\/kranjcic.hr\/wp-content\/uploads\/2022\/09\/003-Biskup-Vlado-Kosic-otvara-izlozbu-120x80.jpg 120w, https:\/\/kranjcic.hr\/wp-content\/uploads\/2022\/09\/003-Biskup-Vlado-Kosic-otvara-izlozbu-1536x1024.jpg 1536w, https:\/\/kranjcic.hr\/wp-content\/uploads\/2022\/09\/003-Biskup-Vlado-Kosic-otvara-izlozbu.jpg 1920w\" sizes=\"auto, (max-width: 1024px) 100vw, 1024px\" \/><\/a><\/figure>\n\n\n\n<figure class=\"wp-block-image size-large\"><a href=\"https:\/\/kranjcic.hr\/wp-content\/uploads\/2022\/09\/005-Publika-1.jpg\"><img loading=\"lazy\" decoding=\"async\" width=\"1024\" height=\"683\" data-id=\"5707\" src=\"https:\/\/kranjcic.hr\/wp-content\/uploads\/2022\/09\/005-Publika-1-1024x683.jpg\" alt=\"\" class=\"wp-image-5707\" srcset=\"https:\/\/kranjcic.hr\/wp-content\/uploads\/2022\/09\/005-Publika-1-1024x683.jpg 1024w, https:\/\/kranjcic.hr\/wp-content\/uploads\/2022\/09\/005-Publika-1-200x133.jpg 200w, https:\/\/kranjcic.hr\/wp-content\/uploads\/2022\/09\/005-Publika-1-120x80.jpg 120w, https:\/\/kranjcic.hr\/wp-content\/uploads\/2022\/09\/005-Publika-1-1536x1024.jpg 1536w, https:\/\/kranjcic.hr\/wp-content\/uploads\/2022\/09\/005-Publika-1.jpg 1920w\" sizes=\"auto, (max-width: 1024px) 100vw, 1024px\" \/><\/a><\/figure>\n\n\n\n<figure class=\"wp-block-image size-large\"><a href=\"https:\/\/kranjcic.hr\/wp-content\/uploads\/2022\/09\/006-Publika-2.jpg\"><img loading=\"lazy\" decoding=\"async\" width=\"1024\" height=\"683\" data-id=\"5703\" src=\"https:\/\/kranjcic.hr\/wp-content\/uploads\/2022\/09\/006-Publika-2-1024x683.jpg\" alt=\"\" class=\"wp-image-5703\" srcset=\"https:\/\/kranjcic.hr\/wp-content\/uploads\/2022\/09\/006-Publika-2-1024x683.jpg 1024w, https:\/\/kranjcic.hr\/wp-content\/uploads\/2022\/09\/006-Publika-2-200x133.jpg 200w, https:\/\/kranjcic.hr\/wp-content\/uploads\/2022\/09\/006-Publika-2-120x80.jpg 120w, https:\/\/kranjcic.hr\/wp-content\/uploads\/2022\/09\/006-Publika-2-1536x1024.jpg 1536w, https:\/\/kranjcic.hr\/wp-content\/uploads\/2022\/09\/006-Publika-2.jpg 1920w\" sizes=\"auto, (max-width: 1024px) 100vw, 1024px\" \/><\/a><\/figure>\n\n\n\n<figure class=\"wp-block-image size-large\"><a href=\"https:\/\/kranjcic.hr\/wp-content\/uploads\/2022\/09\/007-Publika-3.jpg\"><img loading=\"lazy\" decoding=\"async\" width=\"1024\" height=\"683\" data-id=\"5709\" src=\"https:\/\/kranjcic.hr\/wp-content\/uploads\/2022\/09\/007-Publika-3-1024x683.jpg\" alt=\"\" class=\"wp-image-5709\" srcset=\"https:\/\/kranjcic.hr\/wp-content\/uploads\/2022\/09\/007-Publika-3-1024x683.jpg 1024w, https:\/\/kranjcic.hr\/wp-content\/uploads\/2022\/09\/007-Publika-3-200x133.jpg 200w, https:\/\/kranjcic.hr\/wp-content\/uploads\/2022\/09\/007-Publika-3-120x80.jpg 120w, https:\/\/kranjcic.hr\/wp-content\/uploads\/2022\/09\/007-Publika-3-1536x1024.jpg 1536w, https:\/\/kranjcic.hr\/wp-content\/uploads\/2022\/09\/007-Publika-3.jpg 1920w\" sizes=\"auto, (max-width: 1024px) 100vw, 1024px\" \/><\/a><\/figure>\n\n\n\n<figure class=\"wp-block-image size-large\"><a href=\"https:\/\/kranjcic.hr\/wp-content\/uploads\/2022\/09\/008-Publika-4.jpg\"><img loading=\"lazy\" decoding=\"async\" width=\"1024\" height=\"683\" data-id=\"5710\" src=\"https:\/\/kranjcic.hr\/wp-content\/uploads\/2022\/09\/008-Publika-4-1024x683.jpg\" alt=\"\" class=\"wp-image-5710\" srcset=\"https:\/\/kranjcic.hr\/wp-content\/uploads\/2022\/09\/008-Publika-4-1024x683.jpg 1024w, https:\/\/kranjcic.hr\/wp-content\/uploads\/2022\/09\/008-Publika-4-200x133.jpg 200w, https:\/\/kranjcic.hr\/wp-content\/uploads\/2022\/09\/008-Publika-4-120x80.jpg 120w, https:\/\/kranjcic.hr\/wp-content\/uploads\/2022\/09\/008-Publika-4-1536x1024.jpg 1536w, https:\/\/kranjcic.hr\/wp-content\/uploads\/2022\/09\/008-Publika-4.jpg 1920w\" sizes=\"auto, (max-width: 1024px) 100vw, 1024px\" \/><\/a><\/figure>\n\n\n\n<figure class=\"wp-block-image size-large\"><a href=\"https:\/\/kranjcic.hr\/wp-content\/uploads\/2022\/09\/009-Umjetnicka.jpg\"><img loading=\"lazy\" decoding=\"async\" width=\"1024\" height=\"683\" data-id=\"5711\" src=\"https:\/\/kranjcic.hr\/wp-content\/uploads\/2022\/09\/009-Umjetnicka-1024x683.jpg\" alt=\"\" class=\"wp-image-5711\" srcset=\"https:\/\/kranjcic.hr\/wp-content\/uploads\/2022\/09\/009-Umjetnicka-1024x683.jpg 1024w, https:\/\/kranjcic.hr\/wp-content\/uploads\/2022\/09\/009-Umjetnicka-200x133.jpg 200w, https:\/\/kranjcic.hr\/wp-content\/uploads\/2022\/09\/009-Umjetnicka-120x80.jpg 120w, https:\/\/kranjcic.hr\/wp-content\/uploads\/2022\/09\/009-Umjetnicka-1536x1024.jpg 1536w, https:\/\/kranjcic.hr\/wp-content\/uploads\/2022\/09\/009-Umjetnicka.jpg 1920w\" sizes=\"auto, (max-width: 1024px) 100vw, 1024px\" \/><\/a><\/figure>\n\n\n\n<figure class=\"wp-block-image size-large\"><a href=\"https:\/\/kranjcic.hr\/wp-content\/uploads\/2022\/09\/004-Tanja-Baran-autorica-Iris-Mihatov-Miocic-i-Antun-Sente-ml-rotated.jpg\"><img loading=\"lazy\" decoding=\"async\" width=\"768\" height=\"1024\" data-id=\"5706\" src=\"https:\/\/kranjcic.hr\/wp-content\/uploads\/2022\/09\/004-Tanja-Baran-autorica-Iris-Mihatov-Miocic-i-Antun-Sente-ml-768x1024.jpg\" alt=\"\" class=\"wp-image-5706\" srcset=\"https:\/\/kranjcic.hr\/wp-content\/uploads\/2022\/09\/004-Tanja-Baran-autorica-Iris-Mihatov-Miocic-i-Antun-Sente-ml-768x1024.jpg 768w, https:\/\/kranjcic.hr\/wp-content\/uploads\/2022\/09\/004-Tanja-Baran-autorica-Iris-Mihatov-Miocic-i-Antun-Sente-ml-113x150.jpg 113w, https:\/\/kranjcic.hr\/wp-content\/uploads\/2022\/09\/004-Tanja-Baran-autorica-Iris-Mihatov-Miocic-i-Antun-Sente-ml-90x120.jpg 90w, https:\/\/kranjcic.hr\/wp-content\/uploads\/2022\/09\/004-Tanja-Baran-autorica-Iris-Mihatov-Miocic-i-Antun-Sente-ml-1152x1536.jpg 1152w, https:\/\/kranjcic.hr\/wp-content\/uploads\/2022\/09\/004-Tanja-Baran-autorica-Iris-Mihatov-Miocic-i-Antun-Sente-ml-rotated.jpg 1200w\" sizes=\"auto, (max-width: 768px) 100vw, 768px\" \/><\/a><\/figure>\n<\/figure>\n\n\n\n<figure class=\"wp-block-image size-large\"><img loading=\"lazy\" decoding=\"async\" width=\"717\" height=\"1024\" src=\"https:\/\/kranjcic.hr\/wp-content\/uploads\/2022\/09\/Plakat-sisak-717x1024.jpg\" alt=\"\" class=\"wp-image-5713\" srcset=\"https:\/\/kranjcic.hr\/wp-content\/uploads\/2022\/09\/Plakat-sisak-717x1024.jpg 717w, https:\/\/kranjcic.hr\/wp-content\/uploads\/2022\/09\/Plakat-sisak-105x150.jpg 105w, https:\/\/kranjcic.hr\/wp-content\/uploads\/2022\/09\/Plakat-sisak-84x120.jpg 84w, https:\/\/kranjcic.hr\/wp-content\/uploads\/2022\/09\/Plakat-sisak.jpg 840w\" sizes=\"auto, (max-width: 717px) 100vw, 717px\" \/><\/figure>\n","protected":false},"excerpt":{"rendered":"<p>U sve\u010danoj dvorani Ivana Pavla II. Velikog Kaptola Sisa\u010dke biskupije u petak 2. rujna 2022. otvorena je izlo\u017eba portreta hrvatskih svetaca i bla\u017eenika akademske slikarice Iris Mihatov Mio\u010di\u0107. Nakon uvodnih pozdrava voditeljice Ureda za kulturu Sisa\u010dke biskupije Spomenke Juri\u0107, izlo\u017ebu su uz autoricu predstavili rektor Nacionalnoga sveti\u0161ta sv. Josipa mons.&hellip; <\/p>\n","protected":false},"author":1,"featured_media":5708,"comment_status":"closed","ping_status":"closed","sticky":false,"template":"","format":"standard","meta":{"footnotes":""},"categories":[89,87,30],"tags":[],"class_list":["post-5702","post","type-post","status-publish","format-standard","has-post-thumbnail","hentry","category-14-dani-hsib","category-87","category-dani-hrvatskih-svetaca-i-blazenika"],"_links":{"self":[{"href":"https:\/\/kranjcic.hr\/index.php?rest_route=\/wp\/v2\/posts\/5702","targetHints":{"allow":["GET"]}}],"collection":[{"href":"https:\/\/kranjcic.hr\/index.php?rest_route=\/wp\/v2\/posts"}],"about":[{"href":"https:\/\/kranjcic.hr\/index.php?rest_route=\/wp\/v2\/types\/post"}],"author":[{"embeddable":true,"href":"https:\/\/kranjcic.hr\/index.php?rest_route=\/wp\/v2\/users\/1"}],"replies":[{"embeddable":true,"href":"https:\/\/kranjcic.hr\/index.php?rest_route=%2Fwp%2Fv2%2Fcomments&post=5702"}],"version-history":[{"count":2,"href":"https:\/\/kranjcic.hr\/index.php?rest_route=\/wp\/v2\/posts\/5702\/revisions"}],"predecessor-version":[{"id":5715,"href":"https:\/\/kranjcic.hr\/index.php?rest_route=\/wp\/v2\/posts\/5702\/revisions\/5715"}],"wp:featuredmedia":[{"embeddable":true,"href":"https:\/\/kranjcic.hr\/index.php?rest_route=\/wp\/v2\/media\/5708"}],"wp:attachment":[{"href":"https:\/\/kranjcic.hr\/index.php?rest_route=%2Fwp%2Fv2%2Fmedia&parent=5702"}],"wp:term":[{"taxonomy":"category","embeddable":true,"href":"https:\/\/kranjcic.hr\/index.php?rest_route=%2Fwp%2Fv2%2Fcategories&post=5702"},{"taxonomy":"post_tag","embeddable":true,"href":"https:\/\/kranjcic.hr\/index.php?rest_route=%2Fwp%2Fv2%2Ftags&post=5702"}],"curies":[{"name":"wp","href":"https:\/\/api.w.org\/{rel}","templated":true}]}}