{"id":5806,"date":"2022-11-01T22:53:00","date_gmt":"2022-11-01T22:53:00","guid":{"rendered":"https:\/\/kranjcic.hr\/?p=5806"},"modified":"2022-11-26T13:55:40","modified_gmt":"2022-11-26T13:55:40","slug":"molitva-na-grobu-dr-stjepana-kranjcica","status":"publish","type":"post","link":"https:\/\/kranjcic.hr\/?p=5806","title":{"rendered":"MOLITVA NA GROBU DR. STJEPANA KRANJ\u010cI\u0106A"},"content":{"rendered":"\n<p>Na svetkovinu Svih svetih 1. studenoga 2022. \u010dlanovi Udruge \u201eDr. Stjepan Kranj\u010di\u0107\u201d okupili su se, zajedno s ostalim vjernicima, na grobu dr. Stjepana Kranj\u010di\u0107a na kri\u017eeva\u010dkom Gradskom groblju. Uz pjev zbora \u017eupe sv. Ane Kri\u017eevci molili su i za otvorenje procesa za progla\u0161enje bla\u017eenim Stjepana Kranj\u010di\u0107a. Blagoslovni obred predvodio je pre\u010d. Stjepan Sovi\u010dek, \u017eupnik kri\u017eeva\u010dke \u017eupe sv. Ane i dekan Kri\u017eeva\u010dkoga dekanata.<\/p>\n\n\n\n<figure class=\"wp-block-gallery has-nested-images columns-default is-cropped wp-block-gallery-1 is-layout-flex wp-block-gallery-is-layout-flex\">\n<figure class=\"wp-block-image size-large\"><a href=\"https:\/\/kranjcic.hr\/wp-content\/uploads\/2022\/11\/FOT_9326.jpg\"><img loading=\"lazy\" decoding=\"async\" width=\"840\" height=\"560\" data-id=\"5808\" src=\"https:\/\/kranjcic.hr\/wp-content\/uploads\/2022\/11\/FOT_9326.jpg\" alt=\"\" class=\"wp-image-5808\" srcset=\"https:\/\/kranjcic.hr\/wp-content\/uploads\/2022\/11\/FOT_9326.jpg 840w, https:\/\/kranjcic.hr\/wp-content\/uploads\/2022\/11\/FOT_9326-200x133.jpg 200w, https:\/\/kranjcic.hr\/wp-content\/uploads\/2022\/11\/FOT_9326-120x80.jpg 120w\" sizes=\"auto, (max-width: 840px) 100vw, 840px\" \/><\/a><\/figure>\n\n\n\n<figure class=\"wp-block-image size-large\"><a href=\"https:\/\/kranjcic.hr\/wp-content\/uploads\/2022\/11\/svi-sveti4.jpg\"><img loading=\"lazy\" decoding=\"async\" width=\"840\" height=\"560\" data-id=\"5807\" src=\"https:\/\/kranjcic.hr\/wp-content\/uploads\/2022\/11\/svi-sveti4.jpg\" alt=\"\" class=\"wp-image-5807\" srcset=\"https:\/\/kranjcic.hr\/wp-content\/uploads\/2022\/11\/svi-sveti4.jpg 840w, https:\/\/kranjcic.hr\/wp-content\/uploads\/2022\/11\/svi-sveti4-200x133.jpg 200w, https:\/\/kranjcic.hr\/wp-content\/uploads\/2022\/11\/svi-sveti4-120x80.jpg 120w\" sizes=\"auto, (max-width: 840px) 100vw, 840px\" \/><\/a><\/figure>\n\n\n\n<figure class=\"wp-block-image size-large\"><a href=\"https:\/\/kranjcic.hr\/wp-content\/uploads\/2022\/11\/FOT_9333.jpg\"><img loading=\"lazy\" decoding=\"async\" width=\"840\" height=\"560\" data-id=\"5809\" src=\"https:\/\/kranjcic.hr\/wp-content\/uploads\/2022\/11\/FOT_9333.jpg\" alt=\"\" class=\"wp-image-5809\" srcset=\"https:\/\/kranjcic.hr\/wp-content\/uploads\/2022\/11\/FOT_9333.jpg 840w, https:\/\/kranjcic.hr\/wp-content\/uploads\/2022\/11\/FOT_9333-200x133.jpg 200w, https:\/\/kranjcic.hr\/wp-content\/uploads\/2022\/11\/FOT_9333-120x80.jpg 120w\" sizes=\"auto, (max-width: 840px) 100vw, 840px\" \/><\/a><\/figure>\n<\/figure>\n","protected":false},"excerpt":{"rendered":"<p>Na svetkovinu Svih svetih 1. studenoga 2022. \u010dlanovi Udruge \u201eDr. Stjepan Kranj\u010di\u0107\u201d okupili su se, zajedno s ostalim vjernicima, na grobu dr. Stjepana Kranj\u010di\u0107a na kri\u017eeva\u010dkom Gradskom groblju. Uz pjev zbora \u017eupe sv. Ane Kri\u017eevci molili su i za otvorenje procesa za progla\u0161enje bla\u017eenim Stjepana Kranj\u010di\u0107a. Blagoslovni obred predvodio je&hellip; <\/p>\n","protected":false},"author":1,"featured_media":5807,"comment_status":"closed","ping_status":"closed","sticky":false,"template":"","format":"standard","meta":{"footnotes":""},"categories":[87,17],"tags":[],"class_list":["post-5806","post","type-post","status-publish","format-standard","has-post-thumbnail","hentry","category-87","category-svi-sveti"],"_links":{"self":[{"href":"https:\/\/kranjcic.hr\/index.php?rest_route=\/wp\/v2\/posts\/5806","targetHints":{"allow":["GET"]}}],"collection":[{"href":"https:\/\/kranjcic.hr\/index.php?rest_route=\/wp\/v2\/posts"}],"about":[{"href":"https:\/\/kranjcic.hr\/index.php?rest_route=\/wp\/v2\/types\/post"}],"author":[{"embeddable":true,"href":"https:\/\/kranjcic.hr\/index.php?rest_route=\/wp\/v2\/users\/1"}],"replies":[{"embeddable":true,"href":"https:\/\/kranjcic.hr\/index.php?rest_route=%2Fwp%2Fv2%2Fcomments&post=5806"}],"version-history":[{"count":1,"href":"https:\/\/kranjcic.hr\/index.php?rest_route=\/wp\/v2\/posts\/5806\/revisions"}],"predecessor-version":[{"id":5810,"href":"https:\/\/kranjcic.hr\/index.php?rest_route=\/wp\/v2\/posts\/5806\/revisions\/5810"}],"wp:featuredmedia":[{"embeddable":true,"href":"https:\/\/kranjcic.hr\/index.php?rest_route=\/wp\/v2\/media\/5807"}],"wp:attachment":[{"href":"https:\/\/kranjcic.hr\/index.php?rest_route=%2Fwp%2Fv2%2Fmedia&parent=5806"}],"wp:term":[{"taxonomy":"category","embeddable":true,"href":"https:\/\/kranjcic.hr\/index.php?rest_route=%2Fwp%2Fv2%2Fcategories&post=5806"},{"taxonomy":"post_tag","embeddable":true,"href":"https:\/\/kranjcic.hr\/index.php?rest_route=%2Fwp%2Fv2%2Ftags&post=5806"}],"curies":[{"name":"wp","href":"https:\/\/api.w.org\/{rel}","templated":true}]}}