{"id":5961,"date":"2023-04-25T15:53:40","date_gmt":"2023-04-25T15:53:40","guid":{"rendered":"https:\/\/kranjcic.hr\/?p=5961"},"modified":"2023-04-25T15:56:04","modified_gmt":"2023-04-25T15:56:04","slug":"tanja-baran-i-danijela-zagorec-predsjednica-i-tajnica-udruge-dr-stjepan-kranjcic-dobitnice-plakete-i-priznanja-grada-krizevaca","status":"publish","type":"post","link":"https:\/\/kranjcic.hr\/?p=5961","title":{"rendered":"TANJA BARAN I DANIJELA ZAGOREC, PREDSJEDNICA I TAJNICA UDRUGE \u201eDR. STJEPAN KRANJ\u010cI\u0106\u201d, DOBITNICE PLAKETE I PRIZNANJA GRADA KRI\u017dEVACA"},"content":{"rendered":"\n<p>Na proslavi Dana grada Kri\u017eevaca u ponedjeljak 24. travnja 2023. kri\u017eeva\u010dki gradona\u010delnik Mario Rajn i predsjednik kri\u017eeva\u010dkoga Gradskog vije\u0107a Igor Frbe\u017ear uru\u010dili su plaketu Grada Kri\u017eevaca predsjednici Udruge za promicanje znamenitih Kri\u017eev\u010dana \u201eDr. Stjepan Kranj\u010di\u0107\u201c\u00a0 doc. dr. sc. Tanji Baran. Priznanje je uru\u010deno i tajnici Udruge Danijeli Zagorec, prof.<\/p>\n\n\n\n<!--more-->\n\n\n\n<p>Tanja Baran plaketu je primila zbog tri kapitalne knjige posve\u0107ene Kri\u017eevcima koje je napisala i\/ili uredila protekle godine: \u201eUsmena knji\u017eevnosti kri\u017eeva\u010dkoga kraja\u201c, \u201eSveti Marko Kri\u017eev\u010danin. \u017divot i djelo\u201c te \u201eKri\u017eeva\u010dki \u0161tatuti \u2013 vinsko-pajda\u0161ke regule\u201c s \u201eHi\u017enim protokolom\u201c i \u201ePajda\u0161kom legitimacijom\u201c. Nagradu je Tanja Baran primila i za promicanje hrvatske kr\u0161\u0107anske kulture kroz programe Udruge \u201eDr. Stjepan Kranj\u010di\u0107\u201c i za promicanje Kri\u017eevaca kao grada hrvatske vinske kulture kroz djelovanje Dru\u0161tva \u201cKri\u017eeva\u010dki \u0161tatuti\u201c. Danijela Zagorec priznanje je primila za svoju zbirku poezije \u201eNe tra\u017eim razloge\u201c te za vi\u0161egodi\u0161nje uspjehe kao profesorice hrvatskoga jezika i knji\u017eevnosti te u radu Udruge \u201eDr. Stjepan Kranj\u010di\u0107\u201c, kao i Matice hrvatske u Kri\u017eevcima. &nbsp;<\/p>\n\n\n\n<p>Na 771. ro\u0111endanu staroga kraljevskog grada podno Kalnika sudjelovao je predsjednik RH Zoran Milanovi\u0107, izaslanik premijera Andreja Plenkovi\u0107a koprivni\u010dko-kri\u017eeva\u010dki \u017eupan Darko Koren, kri\u017eeva\u010dki grkokatoli\u010dki biskup mons. Milan Stipi\u0107, izaslanik bjelovarsko-kri\u017eeva\u010dkog biskupa mons. Vjekoslava Huzjaka kri\u017eeva\u010dki \u017eupnik pre\u010d. Stjepan Sovi\u010dek te vi\u0161e drugih istaknutih predstavnika iz hrvatskoga dru\u0161tveno-politi\u010dkog, gospodarskog, znanstveno-obrazovnog, kulturnog i vjerskog \u017eivota.<\/p>\n\n\n\n<p>Kako je Tanji Baran dodijeljena najvrednija nagrada, izrekla je u ime svih nagra\u0111enih rije\u010di zahvale te zajedno s gradona\u010delnikom Marijem Rajnom uru\u010dila novo izdanje \u201eKri\u017eeva\u010dkih \u0161tatuta\u201c kojem je urednica predsjedniku Milanovi\u0107u. Tom je prilikom istaknula da su nagrade istovremeno \u010dast i obveza za budu\u0107nost te da Kri\u017eevci u svojem imenu nose kri\u017e koji upu\u0107uje na bogatu duhovnu ba\u0161tinu grada. Najpoznatiji Kri\u017eev\u010danin tre\u0107i hrvatski svetac Marko u imenu je ponio naziv Kri\u017eev\u010danin, a i najpoznatije hrvatske vinsko-pajda\u0161ke regule imenovane su spomenom kri\u017ea kao \u201eKri\u017eeva\u010dki \u0161tatuti\u201c. \u201eKri\u017eevci kao hrvatski Lurd i Kri\u017eevci kao grad hrvatske vinske kulture sadr\u017eaj su kri\u017eeva\u010dke budu\u0107nosti \u0161to su nam u naslje\u0111e ostavili na\u0161i stari. O Kri\u017eevcima se po sv. Marku Kri\u017eev\u010daninu i \u0160tatutima u hrvatskoj javnosti ionako najvi\u0161e zna\u201c, zaklju\u010dila je u zahvali Tanja Baran. U neformalnom dijelu programa predsjednica Baran izrekla je svima okupljenima zdravicu po \u201eKri\u017eeva\u010dkim \u0161tatutima\u201c.<\/p>\n\n\n\n<p>Prijedlog za gradske nagrade predsjednici i tajnici Udruge \u201eDr. Stjepan Kranj\u010di\u0107\u201c kri\u017eeva\u010dkom su Gradskom vije\u0107u uputili kri\u017eeva\u010dki gradona\u010delnik Mario Rajn, kri\u017eeva\u010dki grkokatoli\u010dki biskup mons. Milan Stipi\u0107, kri\u017eeva\u010dki \u017eupnici pre\u010d. Stjepan Sovi\u010dek i vl\u010d. Dra\u017een Hladuvka, predsjednica Matice hrvatske u Kri\u017eevcima Renata Husinec, predsjednik Dru\u0161tva za o\u010duvanje kri\u017eeva\u010dke ba\u0161tine \u201eKri\u017eeva\u010dki \u0161tatuti\u201c Sini\u0161a Katavi\u0107 te dopredsjednik Udruge za promicanje znamenitih Kri\u017eev\u010dana \u201eDr. Stjepan Kranj\u010di\u0107\u201c \u017deljko \u0160tubelj.<\/p>\n\n\n\n<p>Dodjelu plakate i priznanja pratilo je sljede\u0107e obrazlo\u017eenje:&nbsp;&nbsp;<\/p>\n\n\n\n<p><strong>Tanja Baran<\/strong> urednica je Radio Sljemena HRT-a i naslovna docentica na Odsjeku za komunikologiju Fakulteta hrvatskih studija Sveu\u010dili\u0161ta u Zagrebu. Ve\u0107 15 godina u Kri\u017eevcima uspje\u0161no vodi Udrugu za promicanje znamenitih Kri\u017eev\u010dana \u201eDr. Stjepan Kranj\u010di\u0107\u201c s kojom je izbrendirala tri manifestacije iz kr\u0161\u0107anske kulture na nacionalnu razinu: Dane hrvatskih svetaca i bla\u017eenika, \u201eKnji\u017eevni Kranj\u010di\u0107\u201c i \u201eDje\u010dji Kranj\u010di\u0107\u201c. Svake godine ove manifestacije okupljaju sudionike iz brojnih gradova diljem Lijepe Na\u0161e. Po\u010dasna je predsjednica Dru\u0161tva za o\u010duvanje kri\u017eeva\u010dke ba\u0161tine \u201eKri\u017eeva\u010dki \u0161tatuti\u201c koje se okupilo upravo po njenoj inicijativi i sa \u017eeljom obnove i promocije ove za\u0161ti\u0107ene nematerijalne kulturne ba\u0161tine Republike Hrvatske. Sa \u017eeljom brendiranja Kri\u017eevaca kao grada hrvatske vinske kulture prije dvije godine osmislila je Nacionalni natje\u010daj za hrvatsku vinsku fotografiju na koji se svakim natje\u010dajem javlja sve vi\u0161e profesionalnih fotografa i amatera iz cijele Hrvatske s tematikom vinarstva, vinogradarstva i podrumarstva.<\/p>\n\n\n\n<p>Posebno va\u017ena bila je pro\u0161la godina kada je objavila tri kapitalna izdanja posve\u0107ena Kri\u017eevcima: \u201eUsmenu knji\u017eevnost kri\u017eeva\u010dkoga kraja\u201c, u kojoj je analizirala i vrednovala sa\u010duvano usmenoknji\u017eevno naslje\u0111e na cjelokupnom kri\u017eeva\u010dkom prostoru; kapitalnu monografiju \u201eSveti Marko Kri\u017eev\u010danin. \u017divot i djelo\u201c u kojoj se na vi\u0161e od 600 stranica tre\u0107i hrvatski svetac tematizira s vi\u0161e aspekata; i novo moderno dizajnirano izdanje \u201eKri\u017eeva\u010dkih \u0161tatuta\u201c s pripadaju\u0107im \u201eHi\u017enim protokolom\u201c i \u201ePajda\u0161kom legitimacijom\u201c. Svojim mnogobrojnim javnim nastupima Tanja Baran ve\u0107 dugi niz godina neumorno prezentira bogatu ba\u0161tinu svoga rodnoga kri\u017eeva\u010dkog kraja.<\/p>\n\n\n\n<p><strong>Danijela Zagorec<\/strong> istaknuta je odgojno obrazovna djelatnica koja ve\u0107 dugi niz godina radi u Osnovnoj \u0161koli Ljudevita Modeca Kri\u017eevci kao profesorica hrvatskoga jezika. Redovito s u\u010denicima sudjeluje na dr\u017eavnim literarnim natje\u010dajima, natjecanjima, na smotri Lidrano, kao i u brojnim \u0161kolskim projektima i aktivnostima. Autorica je dopunskih nastavnih sredstava, moderira knji\u017eevne susrete i kulturne ve\u010deri, pi\u0161e poeziju, a pro\u0161le je godine izdala prvu zbirku poezije pod naslovom \u201eNe tra\u017eim razloge\u201c. Dugogodi\u0161nja je \u010dlanica Udruge za promicanje znamenitih Kri\u017eev\u010dana \u201eDr. Stjepan Kranj\u010di\u0107\u201c, kao i \u010dlanica kri\u017eeva\u010dkog ogranka Matice hrvatske gdje je 2016. Bila je jedna od organizatorica akcije tra\u017eenja starih knjiga u kri\u017eeva\u010dkim obiteljskim knji\u017enicama koja je okrunjena izlo\u017ebom \u201eKri\u017eeva\u010dko knji\u017eno blago \u2013 Iz obiteljskih knji\u017enica\u201c.<\/p>\n\n\n\n<figure class=\"wp-block-gallery has-nested-images columns-2 wp-block-gallery-1 is-layout-flex wp-block-gallery-is-layout-flex\">\n<figure class=\"wp-block-image size-large\"><a href=\"https:\/\/kranjcic.hr\/wp-content\/uploads\/2023\/04\/001-Tanja-Baran-i-Danijela-Zagorec-s-plaketom-i-priznanjem.jpg\"><img loading=\"lazy\" decoding=\"async\" width=\"1024\" height=\"768\" data-id=\"5969\" src=\"https:\/\/kranjcic.hr\/wp-content\/uploads\/2023\/04\/001-Tanja-Baran-i-Danijela-Zagorec-s-plaketom-i-priznanjem-1024x768.jpg\" alt=\"\" class=\"wp-image-5969\" srcset=\"https:\/\/kranjcic.hr\/wp-content\/uploads\/2023\/04\/001-Tanja-Baran-i-Danijela-Zagorec-s-plaketom-i-priznanjem-1024x768.jpg 1024w, https:\/\/kranjcic.hr\/wp-content\/uploads\/2023\/04\/001-Tanja-Baran-i-Danijela-Zagorec-s-plaketom-i-priznanjem-200x150.jpg 200w, https:\/\/kranjcic.hr\/wp-content\/uploads\/2023\/04\/001-Tanja-Baran-i-Danijela-Zagorec-s-plaketom-i-priznanjem-120x90.jpg 120w, https:\/\/kranjcic.hr\/wp-content\/uploads\/2023\/04\/001-Tanja-Baran-i-Danijela-Zagorec-s-plaketom-i-priznanjem.jpg 1500w\" sizes=\"auto, (max-width: 1024px) 100vw, 1024px\" \/><\/a><\/figure>\n\n\n\n<figure class=\"wp-block-image size-large\"><a href=\"https:\/\/kranjcic.hr\/wp-content\/uploads\/2023\/04\/003-Tanji-Baran-plaketu-su-urucili-gradonacelnik-Mario-Rajn-i-predsjednik-Vijeca-Igor-Frbezar.jpg\"><img loading=\"lazy\" decoding=\"async\" width=\"1024\" height=\"728\" data-id=\"5970\" src=\"https:\/\/kranjcic.hr\/wp-content\/uploads\/2023\/04\/003-Tanji-Baran-plaketu-su-urucili-gradonacelnik-Mario-Rajn-i-predsjednik-Vijeca-Igor-Frbezar-1024x728.jpg\" alt=\"\" class=\"wp-image-5970\" srcset=\"https:\/\/kranjcic.hr\/wp-content\/uploads\/2023\/04\/003-Tanji-Baran-plaketu-su-urucili-gradonacelnik-Mario-Rajn-i-predsjednik-Vijeca-Igor-Frbezar-1024x728.jpg 1024w, https:\/\/kranjcic.hr\/wp-content\/uploads\/2023\/04\/003-Tanji-Baran-plaketu-su-urucili-gradonacelnik-Mario-Rajn-i-predsjednik-Vijeca-Igor-Frbezar-200x142.jpg 200w, https:\/\/kranjcic.hr\/wp-content\/uploads\/2023\/04\/003-Tanji-Baran-plaketu-su-urucili-gradonacelnik-Mario-Rajn-i-predsjednik-Vijeca-Igor-Frbezar-120x85.jpg 120w, https:\/\/kranjcic.hr\/wp-content\/uploads\/2023\/04\/003-Tanji-Baran-plaketu-su-urucili-gradonacelnik-Mario-Rajn-i-predsjednik-Vijeca-Igor-Frbezar-1536x1092.jpg 1536w, https:\/\/kranjcic.hr\/wp-content\/uploads\/2023\/04\/003-Tanji-Baran-plaketu-su-urucili-gradonacelnik-Mario-Rajn-i-predsjednik-Vijeca-Igor-Frbezar.jpg 1880w\" sizes=\"auto, (max-width: 1024px) 100vw, 1024px\" \/><\/a><\/figure>\n\n\n\n<figure class=\"wp-block-image size-large\"><a href=\"https:\/\/kranjcic.hr\/wp-content\/uploads\/2023\/04\/002-Predsjednik-Gradskog-vijeca-Igor-Frbezar-urucuje-plaketu-Tanji-Baran.jpg\"><img loading=\"lazy\" decoding=\"async\" width=\"1024\" height=\"681\" data-id=\"5963\" src=\"https:\/\/kranjcic.hr\/wp-content\/uploads\/2023\/04\/002-Predsjednik-Gradskog-vijeca-Igor-Frbezar-urucuje-plaketu-Tanji-Baran-1024x681.jpg\" alt=\"\" class=\"wp-image-5963\" srcset=\"https:\/\/kranjcic.hr\/wp-content\/uploads\/2023\/04\/002-Predsjednik-Gradskog-vijeca-Igor-Frbezar-urucuje-plaketu-Tanji-Baran-1024x681.jpg 1024w, https:\/\/kranjcic.hr\/wp-content\/uploads\/2023\/04\/002-Predsjednik-Gradskog-vijeca-Igor-Frbezar-urucuje-plaketu-Tanji-Baran-200x133.jpg 200w, https:\/\/kranjcic.hr\/wp-content\/uploads\/2023\/04\/002-Predsjednik-Gradskog-vijeca-Igor-Frbezar-urucuje-plaketu-Tanji-Baran-120x80.jpg 120w, https:\/\/kranjcic.hr\/wp-content\/uploads\/2023\/04\/002-Predsjednik-Gradskog-vijeca-Igor-Frbezar-urucuje-plaketu-Tanji-Baran-1536x1021.jpg 1536w, https:\/\/kranjcic.hr\/wp-content\/uploads\/2023\/04\/002-Predsjednik-Gradskog-vijeca-Igor-Frbezar-urucuje-plaketu-Tanji-Baran.jpg 1600w\" sizes=\"auto, (max-width: 1024px) 100vw, 1024px\" \/><\/a><\/figure>\n\n\n\n<figure class=\"wp-block-image size-large\"><a href=\"https:\/\/kranjcic.hr\/wp-content\/uploads\/2023\/04\/004-Zahvalni-govor-Tanje-Baran-u-ime-svih-nagradenih.jpg\"><img loading=\"lazy\" decoding=\"async\" width=\"1024\" height=\"681\" data-id=\"5962\" src=\"https:\/\/kranjcic.hr\/wp-content\/uploads\/2023\/04\/004-Zahvalni-govor-Tanje-Baran-u-ime-svih-nagradenih-1024x681.jpg\" alt=\"\" class=\"wp-image-5962\" srcset=\"https:\/\/kranjcic.hr\/wp-content\/uploads\/2023\/04\/004-Zahvalni-govor-Tanje-Baran-u-ime-svih-nagradenih-1024x681.jpg 1024w, https:\/\/kranjcic.hr\/wp-content\/uploads\/2023\/04\/004-Zahvalni-govor-Tanje-Baran-u-ime-svih-nagradenih-200x133.jpg 200w, https:\/\/kranjcic.hr\/wp-content\/uploads\/2023\/04\/004-Zahvalni-govor-Tanje-Baran-u-ime-svih-nagradenih-120x80.jpg 120w, https:\/\/kranjcic.hr\/wp-content\/uploads\/2023\/04\/004-Zahvalni-govor-Tanje-Baran-u-ime-svih-nagradenih-1536x1021.jpg 1536w, https:\/\/kranjcic.hr\/wp-content\/uploads\/2023\/04\/004-Zahvalni-govor-Tanje-Baran-u-ime-svih-nagradenih.jpg 1600w\" sizes=\"auto, (max-width: 1024px) 100vw, 1024px\" \/><\/a><\/figure>\n\n\n\n<figure class=\"wp-block-image size-large\"><a href=\"https:\/\/kranjcic.hr\/wp-content\/uploads\/2023\/04\/005-Nagradeni-s-predsjednikom-RH-gradonacelnikom-i-predsjednikom-Gradskog-vijeca.jpg\"><img loading=\"lazy\" decoding=\"async\" width=\"1024\" height=\"683\" data-id=\"5966\" src=\"https:\/\/kranjcic.hr\/wp-content\/uploads\/2023\/04\/005-Nagradeni-s-predsjednikom-RH-gradonacelnikom-i-predsjednikom-Gradskog-vijeca-1024x683.jpg\" alt=\"\" class=\"wp-image-5966\" srcset=\"https:\/\/kranjcic.hr\/wp-content\/uploads\/2023\/04\/005-Nagradeni-s-predsjednikom-RH-gradonacelnikom-i-predsjednikom-Gradskog-vijeca-1024x683.jpg 1024w, https:\/\/kranjcic.hr\/wp-content\/uploads\/2023\/04\/005-Nagradeni-s-predsjednikom-RH-gradonacelnikom-i-predsjednikom-Gradskog-vijeca-200x133.jpg 200w, https:\/\/kranjcic.hr\/wp-content\/uploads\/2023\/04\/005-Nagradeni-s-predsjednikom-RH-gradonacelnikom-i-predsjednikom-Gradskog-vijeca-120x80.jpg 120w, https:\/\/kranjcic.hr\/wp-content\/uploads\/2023\/04\/005-Nagradeni-s-predsjednikom-RH-gradonacelnikom-i-predsjednikom-Gradskog-vijeca-1536x1024.jpg 1536w, https:\/\/kranjcic.hr\/wp-content\/uploads\/2023\/04\/005-Nagradeni-s-predsjednikom-RH-gradonacelnikom-i-predsjednikom-Gradskog-vijeca.jpg 1600w\" sizes=\"auto, (max-width: 1024px) 100vw, 1024px\" \/><\/a><\/figure>\n\n\n\n<figure class=\"wp-block-image size-large\"><a href=\"https:\/\/kranjcic.hr\/wp-content\/uploads\/2023\/04\/006-S-Krizevackim-statutima-gradonacelnik-Mario-Rajn-predsjednik-Zoran-Milanovic-i-Tanja-Baran.jpg\"><img loading=\"lazy\" decoding=\"async\" width=\"1024\" height=\"681\" data-id=\"5967\" src=\"https:\/\/kranjcic.hr\/wp-content\/uploads\/2023\/04\/006-S-Krizevackim-statutima-gradonacelnik-Mario-Rajn-predsjednik-Zoran-Milanovic-i-Tanja-Baran-1024x681.jpg\" alt=\"\" class=\"wp-image-5967\" srcset=\"https:\/\/kranjcic.hr\/wp-content\/uploads\/2023\/04\/006-S-Krizevackim-statutima-gradonacelnik-Mario-Rajn-predsjednik-Zoran-Milanovic-i-Tanja-Baran-1024x681.jpg 1024w, https:\/\/kranjcic.hr\/wp-content\/uploads\/2023\/04\/006-S-Krizevackim-statutima-gradonacelnik-Mario-Rajn-predsjednik-Zoran-Milanovic-i-Tanja-Baran-200x133.jpg 200w, https:\/\/kranjcic.hr\/wp-content\/uploads\/2023\/04\/006-S-Krizevackim-statutima-gradonacelnik-Mario-Rajn-predsjednik-Zoran-Milanovic-i-Tanja-Baran-120x80.jpg 120w, https:\/\/kranjcic.hr\/wp-content\/uploads\/2023\/04\/006-S-Krizevackim-statutima-gradonacelnik-Mario-Rajn-predsjednik-Zoran-Milanovic-i-Tanja-Baran-1536x1021.jpg 1536w, https:\/\/kranjcic.hr\/wp-content\/uploads\/2023\/04\/006-S-Krizevackim-statutima-gradonacelnik-Mario-Rajn-predsjednik-Zoran-Milanovic-i-Tanja-Baran.jpg 1600w\" sizes=\"auto, (max-width: 1024px) 100vw, 1024px\" \/><\/a><\/figure>\n\n\n\n<figure class=\"wp-block-image size-large\"><a href=\"https:\/\/kranjcic.hr\/wp-content\/uploads\/2023\/04\/007-Predsjednik-Milanovic-u-prouci-Pajdaske-legitimacije.jpg\"><img loading=\"lazy\" decoding=\"async\" width=\"1024\" height=\"681\" data-id=\"5964\" src=\"https:\/\/kranjcic.hr\/wp-content\/uploads\/2023\/04\/007-Predsjednik-Milanovic-u-prouci-Pajdaske-legitimacije-1024x681.jpg\" alt=\"\" class=\"wp-image-5964\" srcset=\"https:\/\/kranjcic.hr\/wp-content\/uploads\/2023\/04\/007-Predsjednik-Milanovic-u-prouci-Pajdaske-legitimacije-1024x681.jpg 1024w, https:\/\/kranjcic.hr\/wp-content\/uploads\/2023\/04\/007-Predsjednik-Milanovic-u-prouci-Pajdaske-legitimacije-200x133.jpg 200w, https:\/\/kranjcic.hr\/wp-content\/uploads\/2023\/04\/007-Predsjednik-Milanovic-u-prouci-Pajdaske-legitimacije-120x80.jpg 120w, https:\/\/kranjcic.hr\/wp-content\/uploads\/2023\/04\/007-Predsjednik-Milanovic-u-prouci-Pajdaske-legitimacije-1536x1021.jpg 1536w, https:\/\/kranjcic.hr\/wp-content\/uploads\/2023\/04\/007-Predsjednik-Milanovic-u-prouci-Pajdaske-legitimacije.jpg 1600w\" sizes=\"auto, (max-width: 1024px) 100vw, 1024px\" \/><\/a><\/figure>\n\n\n\n<figure class=\"wp-block-image size-large\"><a href=\"https:\/\/kranjcic.hr\/wp-content\/uploads\/2023\/04\/009-Tanja-Baran-i-Danijela-Zagorec-uoci-dodjele.jpg\"><img loading=\"lazy\" decoding=\"async\" width=\"1024\" height=\"683\" data-id=\"5971\" src=\"https:\/\/kranjcic.hr\/wp-content\/uploads\/2023\/04\/009-Tanja-Baran-i-Danijela-Zagorec-uoci-dodjele-1024x683.jpg\" alt=\"\" class=\"wp-image-5971\" srcset=\"https:\/\/kranjcic.hr\/wp-content\/uploads\/2023\/04\/009-Tanja-Baran-i-Danijela-Zagorec-uoci-dodjele-1024x683.jpg 1024w, https:\/\/kranjcic.hr\/wp-content\/uploads\/2023\/04\/009-Tanja-Baran-i-Danijela-Zagorec-uoci-dodjele-200x133.jpg 200w, https:\/\/kranjcic.hr\/wp-content\/uploads\/2023\/04\/009-Tanja-Baran-i-Danijela-Zagorec-uoci-dodjele-120x80.jpg 120w, https:\/\/kranjcic.hr\/wp-content\/uploads\/2023\/04\/009-Tanja-Baran-i-Danijela-Zagorec-uoci-dodjele.jpg 1500w\" sizes=\"auto, (max-width: 1024px) 100vw, 1024px\" \/><\/a><\/figure>\n\n\n\n<figure class=\"wp-block-image size-large\"><a href=\"https:\/\/kranjcic.hr\/wp-content\/uploads\/2023\/04\/010-Danijela-Zagorec-Martina-Valec-Rebic-i-Tanja-Baran.jpg\"><img loading=\"lazy\" decoding=\"async\" width=\"1024\" height=\"681\" data-id=\"5965\" src=\"https:\/\/kranjcic.hr\/wp-content\/uploads\/2023\/04\/010-Danijela-Zagorec-Martina-Valec-Rebic-i-Tanja-Baran-1024x681.jpg\" alt=\"\" class=\"wp-image-5965\" srcset=\"https:\/\/kranjcic.hr\/wp-content\/uploads\/2023\/04\/010-Danijela-Zagorec-Martina-Valec-Rebic-i-Tanja-Baran-1024x681.jpg 1024w, https:\/\/kranjcic.hr\/wp-content\/uploads\/2023\/04\/010-Danijela-Zagorec-Martina-Valec-Rebic-i-Tanja-Baran-200x133.jpg 200w, https:\/\/kranjcic.hr\/wp-content\/uploads\/2023\/04\/010-Danijela-Zagorec-Martina-Valec-Rebic-i-Tanja-Baran-120x80.jpg 120w, https:\/\/kranjcic.hr\/wp-content\/uploads\/2023\/04\/010-Danijela-Zagorec-Martina-Valec-Rebic-i-Tanja-Baran-1536x1021.jpg 1536w, https:\/\/kranjcic.hr\/wp-content\/uploads\/2023\/04\/010-Danijela-Zagorec-Martina-Valec-Rebic-i-Tanja-Baran.jpg 1600w\" sizes=\"auto, (max-width: 1024px) 100vw, 1024px\" \/><\/a><\/figure>\n\n\n\n<figure class=\"wp-block-image size-large\"><a href=\"https:\/\/kranjcic.hr\/wp-content\/uploads\/2023\/04\/008-Tanja-Baran-okupljenima-drzi-zdravicu-po-Krizevackim-statutima.jpg\"><img loading=\"lazy\" decoding=\"async\" width=\"768\" height=\"1024\" data-id=\"5968\" src=\"https:\/\/kranjcic.hr\/wp-content\/uploads\/2023\/04\/008-Tanja-Baran-okupljenima-drzi-zdravicu-po-Krizevackim-statutima-768x1024.jpg\" alt=\"\" class=\"wp-image-5968\" srcset=\"https:\/\/kranjcic.hr\/wp-content\/uploads\/2023\/04\/008-Tanja-Baran-okupljenima-drzi-zdravicu-po-Krizevackim-statutima-768x1024.jpg 768w, https:\/\/kranjcic.hr\/wp-content\/uploads\/2023\/04\/008-Tanja-Baran-okupljenima-drzi-zdravicu-po-Krizevackim-statutima-113x150.jpg 113w, https:\/\/kranjcic.hr\/wp-content\/uploads\/2023\/04\/008-Tanja-Baran-okupljenima-drzi-zdravicu-po-Krizevackim-statutima-90x120.jpg 90w, https:\/\/kranjcic.hr\/wp-content\/uploads\/2023\/04\/008-Tanja-Baran-okupljenima-drzi-zdravicu-po-Krizevackim-statutima-1152x1536.jpg 1152w, https:\/\/kranjcic.hr\/wp-content\/uploads\/2023\/04\/008-Tanja-Baran-okupljenima-drzi-zdravicu-po-Krizevackim-statutima.jpg 1200w\" sizes=\"auto, (max-width: 768px) 100vw, 768px\" \/><\/a><\/figure>\n<\/figure>\n","protected":false},"excerpt":{"rendered":"<p>Na proslavi Dana grada Kri\u017eevaca u ponedjeljak 24. travnja 2023. kri\u017eeva\u010dki gradona\u010delnik Mario Rajn i predsjednik kri\u017eeva\u010dkoga Gradskog vije\u0107a Igor Frbe\u017ear uru\u010dili su plaketu Grada Kri\u017eevaca predsjednici Udruge za promicanje znamenitih Kri\u017eev\u010dana \u201eDr. Stjepan Kranj\u010di\u0107\u201c\u00a0 doc. dr. sc. Tanji Baran. Priznanje je uru\u010deno i tajnici Udruge Danijeli Zagorec, prof.<\/p>\n","protected":false},"author":1,"featured_media":5969,"comment_status":"closed","ping_status":"closed","sticky":false,"template":"","format":"standard","meta":{"footnotes":""},"categories":[92,18],"tags":[],"class_list":["post-5961","post","type-post","status-publish","format-standard","has-post-thumbnail","hentry","category-92","category-zbivanja"],"_links":{"self":[{"href":"https:\/\/kranjcic.hr\/index.php?rest_route=\/wp\/v2\/posts\/5961","targetHints":{"allow":["GET"]}}],"collection":[{"href":"https:\/\/kranjcic.hr\/index.php?rest_route=\/wp\/v2\/posts"}],"about":[{"href":"https:\/\/kranjcic.hr\/index.php?rest_route=\/wp\/v2\/types\/post"}],"author":[{"embeddable":true,"href":"https:\/\/kranjcic.hr\/index.php?rest_route=\/wp\/v2\/users\/1"}],"replies":[{"embeddable":true,"href":"https:\/\/kranjcic.hr\/index.php?rest_route=%2Fwp%2Fv2%2Fcomments&post=5961"}],"version-history":[{"count":6,"href":"https:\/\/kranjcic.hr\/index.php?rest_route=\/wp\/v2\/posts\/5961\/revisions"}],"predecessor-version":[{"id":5978,"href":"https:\/\/kranjcic.hr\/index.php?rest_route=\/wp\/v2\/posts\/5961\/revisions\/5978"}],"wp:featuredmedia":[{"embeddable":true,"href":"https:\/\/kranjcic.hr\/index.php?rest_route=\/wp\/v2\/media\/5969"}],"wp:attachment":[{"href":"https:\/\/kranjcic.hr\/index.php?rest_route=%2Fwp%2Fv2%2Fmedia&parent=5961"}],"wp:term":[{"taxonomy":"category","embeddable":true,"href":"https:\/\/kranjcic.hr\/index.php?rest_route=%2Fwp%2Fv2%2Fcategories&post=5961"},{"taxonomy":"post_tag","embeddable":true,"href":"https:\/\/kranjcic.hr\/index.php?rest_route=%2Fwp%2Fv2%2Ftags&post=5961"}],"curies":[{"name":"wp","href":"https:\/\/api.w.org\/{rel}","templated":true}]}}