{"id":5985,"date":"2023-05-09T20:56:18","date_gmt":"2023-05-09T20:56:18","guid":{"rendered":"https:\/\/kranjcic.hr\/?p=5985"},"modified":"2023-05-09T20:57:04","modified_gmt":"2023-05-09T20:57:04","slug":"15-dani-hrvatskih-svetaca-i-blazenika-od-25-do-28-svibnja-2023-u-krizevcima","status":"publish","type":"post","link":"https:\/\/kranjcic.hr\/?p=5985","title":{"rendered":"15. DANI HRVATSKIH SVETACA I BLA\u017dENIKA \u2013 OD 25. DO 28. SVIBNJA 2023. U KRI\u017dEVCIMA"},"content":{"rendered":"\n<p>U Kri\u017eevcima \u0107e od \u010detvrtka 25. do nedjelje 28. svibnja 2023. biti odr\u017eani 15. Dani hrvatskih svetaca i bla\u017eenika. Pretprogramom i misnim slavljem ove \u0107e godine biti tematizirani sv. Marko Kri\u017eev\u010danin, bl. Augustin Ka\u017eoti\u0107, bl. Ivan Merz i sv. Leopold Bogdan Mandi\u0107. &nbsp;Kulturni dio programa sastojat \u0107e se od likovne izlo\u017ebe, premijerne izvedbe dramsko-scenske igre, okrugloga stola, projekcije dokumentarnoga filma i glazbenih sadr\u017eaja.<\/p>\n\n\n\n<p>Manifestacija \u0107e zapo\u010deti u \u010detvrtak 25. svibnja u 18.30 sati u kri\u017eeva\u010dkoj \u017eupnoj crkvi sv. Ane sve\u010dano\u0161\u0107u otvorenja Dana u kojoj \u0107e sudjelovati obojica kri\u017eeva\u010dkih \u017eupnika pre\u010d. Stjepan Sovi\u010dek i vl\u010d. Dra\u017een Hladuvka. Taj je prvi dan posve\u0107en sv. Marku Kri\u017eev\u010daninu i molitveni \u0107e, knji\u017eevni i glazbeni program njemu u \u010dast izvesti sestre milosrdnice provincije Navje\u0161tenja Gospodinova iz Splita, uz voditeljicu provincijalnu poglavaricu s. Mariju Andrijanu Mir\u010detu. Misno \u0107e slavlje u 19.00 sati predvoditi mons. Antun Sente ml., rektor Nacionalnog sveti\u0161ta sv. Josipa Karlovac, a pjevat \u0107e Zbor \u017eupe sv. Ane Kri\u017eevci. Nakon mise u Gradskoj \u0107e galeriji od 20.15 sati biti odr\u017ean program pod nazivom \u201eHrvatski sveci i bla\u017eenici u na\u0161em narodu\u201c u sklopu kojeg \u0107e biti otvorena izlo\u017eba akrilika na platnu s portretima hrvatskih svetaca i bla\u017eenika splitske akademske slikarice s. Zdravke Mili\u0107. U sve\u010danosti otvorenja sudjelovat \u0107e ravnateljica Gradskoga muzeja u Kri\u017eevcima Tea Hatadi, rektor Nacionalnoga sveti\u0161ta sv. Josipa mons. Antun Sente ml., koje i organizira izlo\u017ebu, zatim likovni kriti\u010dar Stanko \u0160poljari\u0107 te autorica. U glazbenom programu nastupit \u0107e sopranistica Dunja Rebi\u0107. Izlo\u017ebu, koja ostaje otvorena do 7. lipnja, otvorit \u0107e bjelovarsko-kri\u017eeva\u010dki biskup mons. Vjekoslav Huzjak. Moderatorica je Tanja Baran, predsjednica Udruge za promicanje znamenitih Kri\u017eev\u010dana \u201eDr. Stjepan Kranj\u010di\u0107\u201c.<\/p>\n\n\n\n<p>Drugi dan manifestacije, petak 26. svibnja, bit \u0107e u \u010dast najstarijega hrvatskog bla\u017eenika Augustina Ka\u017eoti\u0107a, uz 700 godina Ka\u017eoti\u0107eve smrti.<\/p>\n\n\n\n<p>Molitveni, knji\u017eevni i glazbeni program u 18.30 sati u crkvi sv. Aneizvest \u0107e Ka\u017eoti\u0107ev potomak fr. Ante Kazoti, starje\u0161ina dominikanskoga samostana u Starom Gradu na Hvaru uz pjesmu Zbora \u201eHrid\u201c \u017eupe Kraljice svete krunice iz Zagreba. Nakon toga \u0107e u 19.00 sati misno slavlje predvoditi apostolski upravitelj Splitsko-makarske nadbiskupije mons. \u017delimir Pulji\u0107. Pjevat \u0107e zbor \u201eHrid\u201c. Od 20.00 sati premijerno \u0107e biti izvedena dramsko-scenska igra posve\u0107ena slavljenom bla\u017eeniku \u201eAugustin\u201c Gluma\u010dke dru\u017eine \u201eOzana\u201c iz Visokog kraj Novoga Marofa. Voditelj je Tibor Martan.<\/p>\n\n\n\n<p>Tre\u0107ega dana, u subotu 27. svibnja, program \u0107e biti posve\u0107en bl. Ivanu Merzu, uz 20 godina Merzove beatifikacije.<\/p>\n\n\n\n<p>Pretprogram \u0107e u crkvi sv. Ane od 18.30 sati izvesti Domagoj i Kre\u0161imir Jakumetovi\u0107 iz Osijeka, autori knjige \u201eApostol Kristov\u201c. Misno \u0107e slavlje u 19.00 sati predvoditi postulator kauze za Merzovo progla\u0161enje svetim o. Bo\u017eidar Nagy. Uslijedit \u0107e okrugli stol \u201eSvetost i vjernici laici\u201c. Sudjelovat \u0107e slatinski gradona\u010delnik Denis Ostro\u0161i\u0107, teolog i filozof prof. dr. sc. Ivo D\u017eini\u0107 te postulator o. Bo\u017eidar Nagy. Moderirat \u0107e novinar Glasa Koncila Ivan Ta\u0161ev.<\/p>\n\n\n\n<p>Posljednjega \u010detvrtoga dana manifestacije, u nedjelju 28. svibnja, program \u0107e biti posve\u0107en sv. Leopoldu Bogdanu Mandi\u0107u, uz 40 godina Mandi\u0107eve kanonizacije. Molitveni, knji\u017eevni i glazbeni program njemu u \u010dast od 18.30 \u0107e sati u crkvi sv. Ane izvesti \u010dlanovi Samostana sv. Leopolda Bogdana Mandi\u0107a iz Gornje Dubrave u Zagrebu. Misu \u0107e u 19.00 sati slaviti provincijal Hrvatske kapucinske provincije fra Juro \u0160imi\u0107, a propovijedat \u0107e fra Jure \u0160ar\u010devi\u0107. Pjevat \u0107e klapa \u201eJanjevo\u201c. Nakon mise bit \u0107e prikazan dokumentarni film \u201eTijelo sv. Leopolda u Zagrebu\u201c u produkciji Laudato televizije.<\/p>\n\n\n\n<p>15. Dane hrvatskih svetaca i bla\u017eenika, pod pokroviteljstvom Bjelovarsko-kri\u017eeva\u010dke biskupije te uz potporu Grada Kri\u017eevaca, portala prigorski.hr, Hrvatske katoli\u010dke mre\u017ee, Radio Marije i Glasa Koncila, u zajedni\u0161tvu organiziraju Udruga za promicanje znamenitih Kri\u017eev\u010dana \u201eDr. Stjepan Kranj\u010di\u0107\u201c te kri\u017eeva\u010dke \u017eupe sv. Ane i BDM \u017dalosne i sv. Marka Kri\u017eev\u010danina. Suradnici su Nacionalno sveti\u0161te sv. Josipa Karlovac i Gradski muzej Kri\u017eevci.<\/p>\n\n\n\n<p>Cjelokupan \u0107e se program u sve dane mo\u0107i pratiti u\u017eivo preko facebooka portala prigorski.hr, Hrvatskoga katoli\u010dkog radija, Radio Marije i Glasa Koncila.<\/p>\n\n\n\n<figure class=\"wp-block-image size-large is-resized\"><img loading=\"lazy\" decoding=\"async\" src=\"https:\/\/kranjcic.hr\/wp-content\/uploads\/2023\/05\/15.-Dani-HSIB-2023.-plakat-717x1024.jpg\" alt=\"\" class=\"wp-image-5986\" width=\"717\" height=\"1024\" srcset=\"https:\/\/kranjcic.hr\/wp-content\/uploads\/2023\/05\/15.-Dani-HSIB-2023.-plakat-717x1024.jpg 717w, https:\/\/kranjcic.hr\/wp-content\/uploads\/2023\/05\/15.-Dani-HSIB-2023.-plakat-105x150.jpg 105w, https:\/\/kranjcic.hr\/wp-content\/uploads\/2023\/05\/15.-Dani-HSIB-2023.-plakat-84x120.jpg 84w, https:\/\/kranjcic.hr\/wp-content\/uploads\/2023\/05\/15.-Dani-HSIB-2023.-plakat.jpg 980w\" sizes=\"auto, (max-width: 717px) 100vw, 717px\" \/><\/figure>\n\n\n\n<div data-wp-interactive=\"core\/file\" class=\"wp-block-file\"><object data-wp-bind--hidden=\"!state.hasPdfPreview\" hidden class=\"wp-block-file__embed\" data=\"https:\/\/kranjcic.hr\/wp-content\/uploads\/2023\/05\/15.-Dani-HSIB-2023.-pozivnica.pdf\" type=\"application\/pdf\" style=\"width:100%;height:600px\" aria-label=\"Ugra\u0111eno Ugra\u0111eno 15.-Dani-HSIB-2023.-pozivnica..\"><\/object><a id=\"wp-block-file--media-8dd3d207-edcf-4531-b714-8ff0c1902c89\" href=\"https:\/\/kranjcic.hr\/wp-content\/uploads\/2023\/05\/15.-Dani-HSIB-2023.-pozivnica.pdf\">15.-Dani-HSIB-2023.-pozivnica<\/a><a href=\"https:\/\/kranjcic.hr\/wp-content\/uploads\/2023\/05\/15.-Dani-HSIB-2023.-pozivnica.pdf\" class=\"wp-block-file__button\" download aria-describedby=\"wp-block-file--media-8dd3d207-edcf-4531-b714-8ff0c1902c89\">Preuzmi<\/a><\/div>\n\n\n\n<div data-wp-interactive=\"core\/file\" class=\"wp-block-file\"><object data-wp-bind--hidden=\"!state.hasPdfPreview\" hidden class=\"wp-block-file__embed\" data=\"https:\/\/kranjcic.hr\/wp-content\/uploads\/2023\/05\/15.-Dani-HSIB-2023.-program.pdf\" type=\"application\/pdf\" style=\"width:100%;height:600px\" aria-label=\"Ugra\u0111eno Ugra\u0111eno 15.-Dani-HSIB-2023.-program..\"><\/object><a id=\"wp-block-file--media-31ba9ed8-16d3-4f0a-952d-3ae256dc2624\" href=\"https:\/\/kranjcic.hr\/wp-content\/uploads\/2023\/05\/15.-Dani-HSIB-2023.-program.pdf\">15.-Dani-HSIB-2023.-program<\/a><a href=\"https:\/\/kranjcic.hr\/wp-content\/uploads\/2023\/05\/15.-Dani-HSIB-2023.-program.pdf\" class=\"wp-block-file__button\" download aria-describedby=\"wp-block-file--media-31ba9ed8-16d3-4f0a-952d-3ae256dc2624\">Preuzmi<\/a><\/div>\n","protected":false},"excerpt":{"rendered":"<p>U Kri\u017eevcima \u0107e od \u010detvrtka 25. do nedjelje 28. svibnja 2023. biti odr\u017eani 15. Dani hrvatskih svetaca i bla\u017eenika. Pretprogramom i misnim slavljem ove \u0107e godine biti tematizirani sv. Marko Kri\u017eev\u010danin, bl. Augustin Ka\u017eoti\u0107, bl. Ivan Merz i sv. Leopold Bogdan Mandi\u0107. &nbsp;Kulturni dio programa sastojat \u0107e se od likovne&hellip; <\/p>\n","protected":false},"author":1,"featured_media":5986,"comment_status":"closed","ping_status":"closed","sticky":false,"template":"","format":"standard","meta":{"footnotes":""},"categories":[93,92,30],"tags":[],"class_list":["post-5985","post","type-post","status-publish","format-standard","has-post-thumbnail","hentry","category-15-dani-hsib","category-92","category-dani-hrvatskih-svetaca-i-blazenika"],"_links":{"self":[{"href":"https:\/\/kranjcic.hr\/index.php?rest_route=\/wp\/v2\/posts\/5985","targetHints":{"allow":["GET"]}}],"collection":[{"href":"https:\/\/kranjcic.hr\/index.php?rest_route=\/wp\/v2\/posts"}],"about":[{"href":"https:\/\/kranjcic.hr\/index.php?rest_route=\/wp\/v2\/types\/post"}],"author":[{"embeddable":true,"href":"https:\/\/kranjcic.hr\/index.php?rest_route=\/wp\/v2\/users\/1"}],"replies":[{"embeddable":true,"href":"https:\/\/kranjcic.hr\/index.php?rest_route=%2Fwp%2Fv2%2Fcomments&post=5985"}],"version-history":[{"count":1,"href":"https:\/\/kranjcic.hr\/index.php?rest_route=\/wp\/v2\/posts\/5985\/revisions"}],"predecessor-version":[{"id":5989,"href":"https:\/\/kranjcic.hr\/index.php?rest_route=\/wp\/v2\/posts\/5985\/revisions\/5989"}],"wp:featuredmedia":[{"embeddable":true,"href":"https:\/\/kranjcic.hr\/index.php?rest_route=\/wp\/v2\/media\/5986"}],"wp:attachment":[{"href":"https:\/\/kranjcic.hr\/index.php?rest_route=%2Fwp%2Fv2%2Fmedia&parent=5985"}],"wp:term":[{"taxonomy":"category","embeddable":true,"href":"https:\/\/kranjcic.hr\/index.php?rest_route=%2Fwp%2Fv2%2Fcategories&post=5985"},{"taxonomy":"post_tag","embeddable":true,"href":"https:\/\/kranjcic.hr\/index.php?rest_route=%2Fwp%2Fv2%2Ftags&post=5985"}],"curies":[{"name":"wp","href":"https:\/\/api.w.org\/{rel}","templated":true}]}}