{"id":5995,"date":"2023-05-11T22:55:00","date_gmt":"2023-05-11T22:55:00","guid":{"rendered":"http:\/\/kranjcic.hr\/?p=5995"},"modified":"2023-05-13T10:57:04","modified_gmt":"2023-05-13T10:57:04","slug":"izlozba-hrvatski-sveci-i-blazenici-u-nasem-narodu-iris-mihatov-miocic-prvi-put-otvorena-u-brestovcu-orehovickom","status":"publish","type":"post","link":"https:\/\/kranjcic.hr\/?p=5995","title":{"rendered":"IZLO\u017dBA \u201eHRVATSKI SVECI I BLA\u017dENICI U NA\u0160EM NARODU\u201c IRIS MIHATOV MIO\u010cI\u0106 PRVI PUT OTVORENA U BRESTOVCU OREHOVI\u010cKOM"},"content":{"rendered":"\n<p>Izlo\u017eba \u201eHrvatski sveci i bla\u017eenici u na\u0161em narodu\u201c zadarske akademske slikarice Iris Mihatov Mio\u010di\u0107 otvorena je u \u010detvrtak 11. svibnja 2023. godine prvi put u srcu Hrvatskoga zagorja u Brestovcu Orehovi\u010dkom, u prostorima Osnovne \u0161kole Stjepana Radi\u0107a. Povod je bila svetkovina za\u0161titnika tamo\u0161nje \u017eupe sv. Leopolda Bogdana Mandi\u0107a, drugoga kanoniziranog hrvatskog sveca, i 40. godi\u0161njica sve\u010deve kanonizacije. Sudjelovali su deseci mje\u0161tana, a potporu su, u nagla\u0161enoj atmosferi duhovnosti i zajedni\u0161tva, pru\u017eili vode\u0107i ljudi crkvenih, civilnih i obrazovnih vlasti te sredine.<\/p>\n\n\n\n<p>Pozdravne su govore u ime doma\u0107ina izrekli ravnatelj \u0161kole Zdenko Kobe\u0161\u010dak, na\u010delnik op\u0107ine Bedekov\u010dina Darko Ban, kao i orehovi\u010dki \u017eupnik Josip Ban. Sva su trojica izrazila zadovoljstvo \u0161to je izlo\u017eba prvi put stigla u njihovu sredinu uo\u010di svetkovine njihova za\u0161titnika sv. Leopolda, a i istaknuli su da dosad u bedekov\u010dinskom kraju nije bilo umjetni\u010dkih prikaza takvoga sadr\u017eaja. Zato su na osobit na\u010din zahvalili sinu Brestovca Orehovi\u010dkog Antunu Senteu koji je izlo\u017ebu prvi put doveo ljudima uz koje je odrastao.<\/p>\n\n\n\n<p>Zatim je na te\u010dnom kajkavskom govoru o projektu i svojoj osobnoj motivaciji za promicanje hrvatskih svetaca i bla\u017eenika govorio doma\u0107i sin mons. Antun Sente ml., rodom iz toga zagorskog kraja, a danas rektor Nacionalnog sveti\u0161ta sv. Josipa iz Karlovca. Uslijedila je likovna analiza izlo\u017ebe povjesni\u010dara umjetnosti Stanka \u0160poljari\u0107a te obra\u0107anje autorice. Prof. \u0160poljari\u0107 je govorio o iskrenosti postavljene izlo\u017ebe te o tome kako je va\u017eno najprije biti \u010dovjek, a zatim umjetnik. Autorica je u svojem svjedo\u010danstvu vjere pripovijedala kako nema atelje i kako su njena djeca vi\u0161e tjedana u\u010dila o svakom hrvatskom duhovnom velikanu prate\u0107i nastajanje portreta iz maminih ruku. Program je kao cjelove\u010dernji umjetni\u010dki do\u017eivljaj obogatilo pjevanje i sviranje doma\u0107ih glazbenika Ive i Lucije Bejuk, Lane Kolari\u0107 i prijatelja, kao i dje\u010djeg zbora Osnovne \u0161kole Stjepana Radi\u0107a. Izlo\u017ebu je otvorio najpoznatiji promicatelj \u0161tovanja sv. Leopolda Bogdana Mandi\u0107a u Hrvatskoj franjevac kapucin Jure \u0160ar\u010devi\u0107 izraziv\u0161i radost \u0161to su i sv. Leopold i izlo\u017eba tako dobro primljeni u zagorskoj sredini. Govorio je o sna\u017enoj povezanosti sv. Leopolda Mandi\u0107a i bl. Alojzija Stepinca. Programom je moderirala Tanja Baran, predsjednica Udruge za promicanje znamenitih Kri\u017eev\u010dana \u201eDr. Stjepan Kranj\u010di\u0107\u201c koja je u zajedni\u0161tvu sa \u0160kolom i Nacionalnim sveti\u0161tem organizirala sve\u010danost. Pozvala je okupljene na po\u010detak novoga izlo\u017ebenog ciklusa koji je povjeren splitskoj akademskoj slikarici s. Zdravki Mili\u0107, a koji zapo\u010dinje u \u010detvrtak 25. svibnja na 15. Danima hrvatsih svetaca i bla\u017eenika u Kri\u017eevcima. Uputila je i na cjelokupan program te \u010detverodnevne manifestacije od 25. do 28. svibnja ove godine, na osobit na\u010din posve\u0107en bl. Augustinu Ka\u017eoti\u0107u u povodu 700 godina smrti, bl. Ivanu Merzu u povodu 20 godina beatifikacije te sv. Leopoldu Bogdanu Mandi\u0107u u povodu 40 godina kanonizacije.<\/p>\n\n\n\n<p>Deseta izlo\u017eba \u201eHrvatski sveci i bla\u017eenici u na\u0161em narodu\u201c Iris Mihatov Mio\u010di\u0107 suvremeni je likovni prikaz najve\u0107ih hrvatskih duhovnih velikana. Izlo\u017eba je dosad bila postavljena u Gradskom muzeju Kri\u017eevci, u samostanu franjevaca konventualaca u Puli, u Interpretacijskom centru katedrale sv. Jakova \u201eCivitas sacra\u201c \u0160ibenske biskupije u \u0160ibeniku, u sve\u010danoj dvorani &#8220;Ivan Pavao II.&#8221; sisa\u010dkog Velikog Kaptola, u Galeriji \u201eMartin Borkovi\u0107\u201c Nacionalnog sveti\u0161ta svetog Josipa u Karlovcu, na Hrvatskom katoli\u010dkom sveu\u010dili\u0161tu, u dominikanskom samostanu \u201eBl. Augustina Ka\u017eoti\u0107a\u201c na zagreba\u010dkoj Pe\u0161\u010denici i u Muzeju grada Pakraca.<\/p>\n\n\n\n<figure class=\"wp-block-gallery has-nested-images columns-default wp-block-gallery-1 is-layout-flex wp-block-gallery-is-layout-flex\">\n<figure class=\"wp-block-image size-large\"><a href=\"https:\/\/kranjcic.hr\/wp-content\/uploads\/2023\/05\/001-Sudionici-otvorenja-skupna.jpg\"><img loading=\"lazy\" decoding=\"async\" width=\"1024\" height=\"632\" data-id=\"5998\" src=\"https:\/\/kranjcic.hr\/wp-content\/uploads\/2023\/05\/001-Sudionici-otvorenja-skupna-1024x632.jpg\" alt=\"\" class=\"wp-image-5998\" srcset=\"https:\/\/kranjcic.hr\/wp-content\/uploads\/2023\/05\/001-Sudionici-otvorenja-skupna-1024x632.jpg 1024w, https:\/\/kranjcic.hr\/wp-content\/uploads\/2023\/05\/001-Sudionici-otvorenja-skupna-200x124.jpg 200w, https:\/\/kranjcic.hr\/wp-content\/uploads\/2023\/05\/001-Sudionici-otvorenja-skupna-120x74.jpg 120w, https:\/\/kranjcic.hr\/wp-content\/uploads\/2023\/05\/001-Sudionici-otvorenja-skupna-1536x949.jpg 1536w, https:\/\/kranjcic.hr\/wp-content\/uploads\/2023\/05\/001-Sudionici-otvorenja-skupna.jpg 1721w\" sizes=\"auto, (max-width: 1024px) 100vw, 1024px\" \/><\/a><\/figure>\n\n\n\n<figure class=\"wp-block-image size-large\"><a href=\"https:\/\/kranjcic.hr\/wp-content\/uploads\/2023\/05\/002-Publika.jpg\"><img loading=\"lazy\" decoding=\"async\" width=\"1024\" height=\"683\" data-id=\"6001\" src=\"https:\/\/kranjcic.hr\/wp-content\/uploads\/2023\/05\/002-Publika.jpg\" alt=\"\" class=\"wp-image-6001\" srcset=\"https:\/\/kranjcic.hr\/wp-content\/uploads\/2023\/05\/002-Publika.jpg 1024w, https:\/\/kranjcic.hr\/wp-content\/uploads\/2023\/05\/002-Publika-200x133.jpg 200w, https:\/\/kranjcic.hr\/wp-content\/uploads\/2023\/05\/002-Publika-120x80.jpg 120w\" sizes=\"auto, (max-width: 1024px) 100vw, 1024px\" \/><\/a><\/figure>\n\n\n\n<figure class=\"wp-block-image size-large\"><a href=\"https:\/\/kranjcic.hr\/wp-content\/uploads\/2023\/05\/003-Autorica-Iris-Mihatov-Miocic.jpg\"><img loading=\"lazy\" decoding=\"async\" width=\"1024\" height=\"768\" data-id=\"5997\" src=\"https:\/\/kranjcic.hr\/wp-content\/uploads\/2023\/05\/003-Autorica-Iris-Mihatov-Miocic-1024x768.jpg\" alt=\"\" class=\"wp-image-5997\" srcset=\"https:\/\/kranjcic.hr\/wp-content\/uploads\/2023\/05\/003-Autorica-Iris-Mihatov-Miocic-1024x768.jpg 1024w, https:\/\/kranjcic.hr\/wp-content\/uploads\/2023\/05\/003-Autorica-Iris-Mihatov-Miocic-200x150.jpg 200w, https:\/\/kranjcic.hr\/wp-content\/uploads\/2023\/05\/003-Autorica-Iris-Mihatov-Miocic-120x90.jpg 120w, https:\/\/kranjcic.hr\/wp-content\/uploads\/2023\/05\/003-Autorica-Iris-Mihatov-Miocic-1536x1152.jpg 1536w, https:\/\/kranjcic.hr\/wp-content\/uploads\/2023\/05\/003-Autorica-Iris-Mihatov-Miocic.jpg 2048w\" sizes=\"auto, (max-width: 1024px) 100vw, 1024px\" \/><\/a><\/figure>\n\n\n\n<figure class=\"wp-block-image size-large\"><a href=\"https:\/\/kranjcic.hr\/wp-content\/uploads\/2023\/05\/004-Promicatelji-stovanja-HR-svetaca-Antun-Sente-Tanja-Baran-Jure-Sarcevic.jpg\"><img loading=\"lazy\" decoding=\"async\" width=\"978\" height=\"1024\" data-id=\"5996\" src=\"https:\/\/kranjcic.hr\/wp-content\/uploads\/2023\/05\/004-Promicatelji-stovanja-HR-svetaca-Antun-Sente-Tanja-Baran-Jure-Sarcevic-978x1024.jpg\" alt=\"\" class=\"wp-image-5996\" srcset=\"https:\/\/kranjcic.hr\/wp-content\/uploads\/2023\/05\/004-Promicatelji-stovanja-HR-svetaca-Antun-Sente-Tanja-Baran-Jure-Sarcevic-978x1024.jpg 978w, https:\/\/kranjcic.hr\/wp-content\/uploads\/2023\/05\/004-Promicatelji-stovanja-HR-svetaca-Antun-Sente-Tanja-Baran-Jure-Sarcevic-143x150.jpg 143w, https:\/\/kranjcic.hr\/wp-content\/uploads\/2023\/05\/004-Promicatelji-stovanja-HR-svetaca-Antun-Sente-Tanja-Baran-Jure-Sarcevic-115x120.jpg 115w, https:\/\/kranjcic.hr\/wp-content\/uploads\/2023\/05\/004-Promicatelji-stovanja-HR-svetaca-Antun-Sente-Tanja-Baran-Jure-Sarcevic.jpg 1140w\" sizes=\"auto, (max-width: 978px) 100vw, 978px\" \/><\/a><\/figure>\n\n\n\n<figure class=\"wp-block-image size-large\"><a href=\"https:\/\/kranjcic.hr\/wp-content\/uploads\/2023\/05\/005-Organizator-mons.-Antun-Sente-ml.jpg\"><img loading=\"lazy\" decoding=\"async\" width=\"1024\" height=\"864\" data-id=\"5999\" src=\"https:\/\/kranjcic.hr\/wp-content\/uploads\/2023\/05\/005-Organizator-mons.-Antun-Sente-ml-1024x864.jpg\" alt=\"\" class=\"wp-image-5999\" srcset=\"https:\/\/kranjcic.hr\/wp-content\/uploads\/2023\/05\/005-Organizator-mons.-Antun-Sente-ml-1024x864.jpg 1024w, https:\/\/kranjcic.hr\/wp-content\/uploads\/2023\/05\/005-Organizator-mons.-Antun-Sente-ml-178x150.jpg 178w, https:\/\/kranjcic.hr\/wp-content\/uploads\/2023\/05\/005-Organizator-mons.-Antun-Sente-ml-120x101.jpg 120w, https:\/\/kranjcic.hr\/wp-content\/uploads\/2023\/05\/005-Organizator-mons.-Antun-Sente-ml-1536x1296.jpg 1536w, https:\/\/kranjcic.hr\/wp-content\/uploads\/2023\/05\/005-Organizator-mons.-Antun-Sente-ml.jpg 1820w\" sizes=\"auto, (max-width: 1024px) 100vw, 1024px\" \/><\/a><\/figure>\n\n\n\n<figure class=\"wp-block-image size-large\"><a href=\"https:\/\/kranjcic.hr\/wp-content\/uploads\/2023\/05\/006-Fra-Jure-Sarcevic-otvara-izlozbu.jpg\"><img loading=\"lazy\" decoding=\"async\" width=\"1024\" height=\"773\" data-id=\"6000\" src=\"https:\/\/kranjcic.hr\/wp-content\/uploads\/2023\/05\/006-Fra-Jure-Sarcevic-otvara-izlozbu-1024x773.jpg\" alt=\"\" class=\"wp-image-6000\" srcset=\"https:\/\/kranjcic.hr\/wp-content\/uploads\/2023\/05\/006-Fra-Jure-Sarcevic-otvara-izlozbu-1024x773.jpg 1024w, https:\/\/kranjcic.hr\/wp-content\/uploads\/2023\/05\/006-Fra-Jure-Sarcevic-otvara-izlozbu-200x150.jpg 200w, https:\/\/kranjcic.hr\/wp-content\/uploads\/2023\/05\/006-Fra-Jure-Sarcevic-otvara-izlozbu-120x91.jpg 120w, https:\/\/kranjcic.hr\/wp-content\/uploads\/2023\/05\/006-Fra-Jure-Sarcevic-otvara-izlozbu-1536x1159.jpg 1536w, https:\/\/kranjcic.hr\/wp-content\/uploads\/2023\/05\/006-Fra-Jure-Sarcevic-otvara-izlozbu.jpg 1890w\" sizes=\"auto, (max-width: 1024px) 100vw, 1024px\" \/><\/a><\/figure>\n<\/figure>\n","protected":false},"excerpt":{"rendered":"<p>Izlo\u017eba \u201eHrvatski sveci i bla\u017eenici u na\u0161em narodu\u201c zadarske akademske slikarice Iris Mihatov Mio\u010di\u0107 otvorena je u \u010detvrtak 11. svibnja 2023. godine prvi put u srcu Hrvatskoga zagorja u Brestovcu Orehovi\u010dkom, u prostorima Osnovne \u0161kole Stjepana Radi\u0107a. Povod je bila svetkovina za\u0161titnika tamo\u0161nje \u017eupe sv. Leopolda Bogdana Mandi\u0107a, drugoga kanoniziranog&hellip; <\/p>\n","protected":false},"author":1,"featured_media":5998,"comment_status":"closed","ping_status":"closed","sticky":false,"template":"","format":"standard","meta":{"footnotes":""},"categories":[89,92,30,18],"tags":[],"class_list":["post-5995","post","type-post","status-publish","format-standard","has-post-thumbnail","hentry","category-14-dani-hsib","category-92","category-dani-hrvatskih-svetaca-i-blazenika","category-zbivanja"],"_links":{"self":[{"href":"https:\/\/kranjcic.hr\/index.php?rest_route=\/wp\/v2\/posts\/5995","targetHints":{"allow":["GET"]}}],"collection":[{"href":"https:\/\/kranjcic.hr\/index.php?rest_route=\/wp\/v2\/posts"}],"about":[{"href":"https:\/\/kranjcic.hr\/index.php?rest_route=\/wp\/v2\/types\/post"}],"author":[{"embeddable":true,"href":"https:\/\/kranjcic.hr\/index.php?rest_route=\/wp\/v2\/users\/1"}],"replies":[{"embeddable":true,"href":"https:\/\/kranjcic.hr\/index.php?rest_route=%2Fwp%2Fv2%2Fcomments&post=5995"}],"version-history":[{"count":1,"href":"https:\/\/kranjcic.hr\/index.php?rest_route=\/wp\/v2\/posts\/5995\/revisions"}],"predecessor-version":[{"id":6002,"href":"https:\/\/kranjcic.hr\/index.php?rest_route=\/wp\/v2\/posts\/5995\/revisions\/6002"}],"wp:featuredmedia":[{"embeddable":true,"href":"https:\/\/kranjcic.hr\/index.php?rest_route=\/wp\/v2\/media\/5998"}],"wp:attachment":[{"href":"https:\/\/kranjcic.hr\/index.php?rest_route=%2Fwp%2Fv2%2Fmedia&parent=5995"}],"wp:term":[{"taxonomy":"category","embeddable":true,"href":"https:\/\/kranjcic.hr\/index.php?rest_route=%2Fwp%2Fv2%2Fcategories&post=5995"},{"taxonomy":"post_tag","embeddable":true,"href":"https:\/\/kranjcic.hr\/index.php?rest_route=%2Fwp%2Fv2%2Ftags&post=5995"}],"curies":[{"name":"wp","href":"https:\/\/api.w.org\/{rel}","templated":true}]}}