{"id":6003,"date":"2023-05-15T06:30:11","date_gmt":"2023-05-15T06:30:11","guid":{"rendered":"https:\/\/kranjcic.hr\/?p=6003"},"modified":"2023-05-15T06:30:12","modified_gmt":"2023-05-15T06:30:12","slug":"raspisan-natjecaj-za-15-knjizevni-kranjcic-2023","status":"publish","type":"post","link":"https:\/\/kranjcic.hr\/?p=6003","title":{"rendered":"RASPISAN NATJE\u010cAJ ZA 15. \u201eKNJI\u017dEVNI KRANJ\u010cI\u0106\u201c 2023."},"content":{"rendered":"\n<p>U organizaciji Udruge za promicanje znamenitih Kri\u017eev\u010dana \u201eDr. Stjepan Kranj\u010di\u0107\u201c u ponedjeljak 15. svibnja 2023. raspisan je natje\u010daj za 15. Susret hrvatskoga duhovnoga knji\u017eevnoga stvarala\u0161tva \u201eStjepan Kranj\u010di\u0107\u201c (\u201eKnji\u017eevni Kranj\u010di\u0107\u201c). Rije\u010d je o jedinom natje\u010daju za suvremenu duhovnu knji\u017eevnost protkanu kr\u0161\u0107anskim vrednotama u kratkim knji\u017eevnim \u017eanrovima (poezija, kratka pri\u010da, putopis, esej, monodrama) u Republici Hrvatskoj.<\/p>\n\n\n\n<p>Susret hrvatskoga duhovnoga knji\u017eevnoga stvarala\u0161tva \u201eStjepan Kranj\u010di\u0107\u201c, nazvan prema \u017eupniku koji je i s\u00e2m pisao i objavljivao knji\u017eevna ostvarenja protkana katoli\u010dkom duhovno\u0161\u0107u, ima nakanu potaknuti stvaranje suvremene hrvatske duhovne knji\u017eevnosti protkane kr\u0161\u0107anskim vrednotama.<\/p>\n\n\n\n<p>Ove godine organizatori predla\u017eu da tema radova bude <em>upornost<\/em>.<\/p>\n\n\n\n<p>Najuspjeliji radovi bit \u0107e nagra\u0111eni i javno izvedeni u Kri\u017eevcima uo\u010di 105. obljetnice ro\u0111enja Stjepana Kranj\u010di\u0107a, u subotu 2. prosinca 2023., a \u0161iri izbor odabranih radova bit \u0107e tiskan u prigodnome zborniku.<\/p>\n\n\n\n<p>Natje\u010daj je otvoren od 15. svibnja do 15. kolovoza 2023. godine.<\/p>\n\n\n\n<p>Radovi koji se \u0161alju na natje\u010daj do sada trebaju biti neobjavljeni (u knjigama, knji\u017eevnim \u010dasopisima i novinama). Autori ne smiju poslati radove s kojima su se ve\u0107 natjecali pro\u0161lih godina na istome natje\u010daju.<\/p>\n\n\n\n<p>Radovi tematski trebaju odgovarati natje\u010daju (u u\u017eem smislu: upornost; u \u0161irem smislu: Bog, Crkva, sveci, sve\u0107enici, redovnici, vjernici laici, hodo\u010da\u0161\u0107a&#8230;).<\/p>\n\n\n\n<p>Autor se u svakom \u017eanru smije natjecati s jednim radom (ukupno smije poslati pet radova: po jedan rad u svakom od pet \u017eanrova). Radovi smiju biti napisani na hrvatskom standardnom jeziku ili na bilo kojem hrvatskom narje\u010dju. Stru\u010dni ocjenjiva\u010dki sud radove \u0107e ocijeniti isklju\u010divo prema knji\u017eevno-estetskom kriteriju, unutar svakoga \u017eanra posebno.<\/p>\n\n\n\n<p>Radovi trebaju biti napisani oblikom slova Times New Roman, veli\u010dinom slova 12, s dvostrukim proredom. Du\u017eina teksta pisanoga na ovaj na\u010din smije biti najvi\u0161e 5 stranica, osim monodrame \u010dija duljina smije biti najvi\u0161e 10 stranica. Na radovima ne smije biti nikakvih drugih podataka osim naslova rada.<\/p>\n\n\n\n<p>Uz radove treba poslati i popunjenprijavni obrazac koji autor treba preuzeti ovdje.<\/p>\n\n\n\n<div class=\"wp-block-file\"><a id=\"wp-block-file--media-4bc4de80-e0cd-40da-a644-91e0d42d30a9\" href=\"https:\/\/kranjcic.hr\/wp-content\/uploads\/2023\/05\/15.-Knjizevni-Kranjcic-2023.-PRIJAVNI-OBRAZAC.xls\">15.-Knjizevni-Kranjcic-2023.-PRIJAVNI-OBRAZAC<\/a><a href=\"https:\/\/kranjcic.hr\/wp-content\/uploads\/2023\/05\/15.-Knjizevni-Kranjcic-2023.-PRIJAVNI-OBRAZAC.xls\" class=\"wp-block-file__button wp-element-button\" download aria-describedby=\"wp-block-file--media-4bc4de80-e0cd-40da-a644-91e0d42d30a9\">Preuzmi<\/a><\/div>\n\n\n\n<p>Radove i prijavni obrazac treba dostaviti isklju\u010divo u elektroni\u010dkom obliku u formatu .doc (ili .docx)nae-adresu: <a href=\"mailto:stjepan.kranjcic@gmail.com\">stjepan.kranjcic@gmail.com<\/a>.<\/p>\n\n\n\n<div style=\"height:100px\" aria-hidden=\"true\" class=\"wp-block-spacer\"><\/div>\n\n\n\n<div class=\"wp-block-file\"><a id=\"wp-block-file--media-8a533c9f-597c-4660-a1e9-c8bd61dc3bf3\" href=\"https:\/\/kranjcic.hr\/wp-content\/uploads\/2023\/05\/15.-Knjizevni-Kranjcic-2023.-TEKST-NATJECAJA.doc\">15.-Knjizevni-Kranjcic-2023.-TEKST-NATJECAJA<\/a><a href=\"https:\/\/kranjcic.hr\/wp-content\/uploads\/2023\/05\/15.-Knjizevni-Kranjcic-2023.-TEKST-NATJECAJA.doc\" class=\"wp-block-file__button wp-element-button\" download aria-describedby=\"wp-block-file--media-8a533c9f-597c-4660-a1e9-c8bd61dc3bf3\">Preuzmi<\/a><\/div>\n","protected":false},"excerpt":{"rendered":"<p>U organizaciji Udruge za promicanje znamenitih Kri\u017eev\u010dana \u201eDr. Stjepan Kranj\u010di\u0107\u201c u ponedjeljak 15. svibnja 2023. raspisan je natje\u010daj za 15. Susret hrvatskoga duhovnoga knji\u017eevnoga stvarala\u0161tva \u201eStjepan Kranj\u010di\u0107\u201c (\u201eKnji\u017eevni Kranj\u010di\u0107\u201c). Rije\u010d je o jedinom natje\u010daju za suvremenu duhovnu knji\u017eevnost protkanu kr\u0161\u0107anskim vrednotama u kratkim knji\u017eevnim \u017eanrovima (poezija, kratka pri\u010da, putopis, esej,&hellip; <\/p>\n","protected":false},"author":1,"featured_media":6006,"comment_status":"closed","ping_status":"closed","sticky":false,"template":"","format":"standard","meta":{"footnotes":""},"categories":[94,92,18],"tags":[],"class_list":["post-6003","post","type-post","status-publish","format-standard","has-post-thumbnail","hentry","category-15-knjizevni-kranjcic","category-92","category-zbivanja"],"_links":{"self":[{"href":"https:\/\/kranjcic.hr\/index.php?rest_route=\/wp\/v2\/posts\/6003","targetHints":{"allow":["GET"]}}],"collection":[{"href":"https:\/\/kranjcic.hr\/index.php?rest_route=\/wp\/v2\/posts"}],"about":[{"href":"https:\/\/kranjcic.hr\/index.php?rest_route=\/wp\/v2\/types\/post"}],"author":[{"embeddable":true,"href":"https:\/\/kranjcic.hr\/index.php?rest_route=\/wp\/v2\/users\/1"}],"replies":[{"embeddable":true,"href":"https:\/\/kranjcic.hr\/index.php?rest_route=%2Fwp%2Fv2%2Fcomments&post=6003"}],"version-history":[{"count":1,"href":"https:\/\/kranjcic.hr\/index.php?rest_route=\/wp\/v2\/posts\/6003\/revisions"}],"predecessor-version":[{"id":6007,"href":"https:\/\/kranjcic.hr\/index.php?rest_route=\/wp\/v2\/posts\/6003\/revisions\/6007"}],"wp:featuredmedia":[{"embeddable":true,"href":"https:\/\/kranjcic.hr\/index.php?rest_route=\/wp\/v2\/media\/6006"}],"wp:attachment":[{"href":"https:\/\/kranjcic.hr\/index.php?rest_route=%2Fwp%2Fv2%2Fmedia&parent=6003"}],"wp:term":[{"taxonomy":"category","embeddable":true,"href":"https:\/\/kranjcic.hr\/index.php?rest_route=%2Fwp%2Fv2%2Fcategories&post=6003"},{"taxonomy":"post_tag","embeddable":true,"href":"https:\/\/kranjcic.hr\/index.php?rest_route=%2Fwp%2Fv2%2Ftags&post=6003"}],"curies":[{"name":"wp","href":"https:\/\/api.w.org\/{rel}","templated":true}]}}