{"id":6009,"date":"2023-05-26T22:49:00","date_gmt":"2023-05-26T22:49:00","guid":{"rendered":"https:\/\/kranjcic.hr\/?p=6009"},"modified":"2023-05-27T11:57:03","modified_gmt":"2023-05-27T11:57:03","slug":"najstariji-hrvatski-blazenik-augustin-kazotic-proslavljen-na-15-danima-hrvatskih-svetaca-i-blazenika-u-krizevcima","status":"publish","type":"post","link":"https:\/\/kranjcic.hr\/?p=6009","title":{"rendered":"NAJSTARIJI HRVATSKI BLA\u017dENIK AUGUSTIN KA\u017dOTI\u0106 PROSLAVLJEN NA 15. DANIMA HRVATSKIH SVETACA I BLA\u017dENIKA U KRI\u017dEVCIMA"},"content":{"rendered":"\n<p>Misom bl. Augustinu Ka\u017eoti\u0107u u \u010dast kojoj je prethodio pripremni program te premijernom izvedbom dramsko-scenske igre \u201eAugustin\u201c, u Kri\u017eevcima su u petak 26. svibnja 2023. nastavljeni 15. Dani hrvatskih svetaca i bla\u017eenika. Tom je sve\u010dano\u0161\u0107u spomenuta 700. godi\u0161njica Ka\u017eoti\u0107eve smrti.<\/p>\n\n\n\n<p>Starje\u0161ina dominikanskog samostana u Starom Gradu na Hvaru iz roda Ka\u017eoti\u0107evih fr. Ante Kazoti uvodno je, s dominikanskim bogoslovima Jakovom Vukovi\u0107em i Leonardom Matinovi\u0107em, predstavio Ka\u017eoti\u0107ev \u017eivotopis, od njegova ro\u0111enja u Trogiru, dominikanske formacije, preko re\u0111enja za biskupa i njegova bogatog djelovanja kao zagreba\u010dkog i na kraju lucerskog biskupa. Interpretirali su Ka\u017eoti\u0107u posve\u0107ene stihove te poveli molitvu za Ka\u017eoti\u0107evo progla\u0161enje svetim, kao i Ka\u017eoti\u0107evu molitvu prije slavljenja mise. Glazbeno je pretprogram, kao i misno slavlje, obogatio zbor \u201eHrid\u201c koji djeluje u dominikanskoj \u017eupi Kraljice svete krunice na zagreba\u010dkoj Koloniji.<\/p>\n\n\n\n<p>Misno je slavlje, uz \u017eupnika doma\u0107ina pre\u010d. Stjepana Sovi\u010deka, grkokatoli\u010dkog sve\u0107enika o. Mladena Mikuli\u0107a te oce dominikance, predvodio vara\u017edinski biskup mons. Bo\u017ee Rado\u0161. Uz brojne okupljene vjernike sudjelovale su i sestre dominikanke Slavka Sente i Marta Turi.&nbsp; &nbsp;&nbsp;&nbsp;<\/p>\n\n\n\n<p>Uvodno je biskup Rado\u0161 progovorio o hrvatskim svecima i bla\u017eenicima kao zvijezdama koje danas slavimo. Najstarijega hrvatskog bla\u017eenika Augustina Ka\u017eoti\u0107a nazvao je dobrim pastirom Crkve Zagreba\u010dke. \u201eKa\u017eoti\u0107 je u svojoj Zagreba\u010dkoj Crkvi 20 godina bio dobri pastir, kao biskup je \u010dinio mnoga dobra djela i bio znak Bo\u017eje ljubavi prema vjernicima. Ipak, prijelaz u vje\u010dnost do\u017eivio je svijetle\u0107i kao biskup u ju\u017enoj Italiji u Luceri\u201c, istaknuo je biskup Rado\u0161 i naglasio da je bl. Ka\u017eoti\u0107 svako svoje djelovanje uobli\u010dio u izri\u010daj Bo\u017eje blizine. \u201eBog je Ka\u017eoti\u0107u bez iznimke uvijek bio na prvom mjestu\u201c, zaklju\u010dio je biskup Rado\u0161.<\/p>\n\n\n\n<p>Na kraju je mise uime organizatora biskupu, ostalim sudionicima i vjernicima zahvalila Tanja Baran, predsjednica Udruge za promicanje znamenitih Kri\u017eev\u010dana \u201eDr. Stjepan Kranj\u010di\u0107\u201c rekav\u0161i da se izniman jubilej poput Ka\u017eoti\u0107eva \u2013 700 godina od smrti \u2013 do\u017eivi jednom u \u017eivotu. Izrazila je \u017ealjenje \u0161to u prigodi velikog jubileja Ka\u017eoti\u0107 ne do\u017eivljava kanonizaciju, &nbsp;pozvala na daljnju molitvu na tu nakanu te na zauzetije promicanje \u0161tovanja najstarijega hrvatskog bla\u017eenika, klju\u010dne osobe hrvatskoga srednjovjekovlja, najuglednijeg Hrvata s kraja 13. i po\u010detka 14. stolje\u0107a.&nbsp;&nbsp; &nbsp;<\/p>\n\n\n\n<p>Uslijedila je premijerna izvedba dramsko-scenske igre \u201eAugustin\u201c Gluma\u010dke dru\u017eine \u201eOzana\u201c iz Visokog kraj Novog Marofa. Pod mentorstvom dramskog pedagoga Tibora Martana kao vi\u0161egodi\u0161nji su promicatelji \u017eivotopisa hrvatskih svetaca i bla\u017eenika kroz dramski izraz prikazali svoje vi\u0111enje poruke Ka\u017eoti\u0107eva \u017eivota.&nbsp;&nbsp;<\/p>\n\n\n\n<p>Cjelokupan program iz kri\u017eeva\u010dke \u017eupne crkve sv. Ane mogao se pratiti preko facebooka portala prigorski.hr, Hrvatskoga katoli\u010dkog radija, Radio Marije i Glasa Koncila.<\/p>\n\n\n\n<p>Organizatori su 15. Dana hrvatskih svetaca i bla\u017eenika u Kri\u017eevcima Udruga za promicanje znamenitih Kri\u017eev\u010dana \u201eDr. Stjepan Kranj\u010di\u0107\u201c te kri\u017eeva\u010dke \u017eupe sv. Ane te BDM \u017dalosne i sv. Marka Kri\u017eev\u010danina.<\/p>\n\n\n\n<figure class=\"wp-block-gallery has-nested-images columns-default wp-block-gallery-1 is-layout-flex wp-block-gallery-is-layout-flex\">\n<figure class=\"wp-block-image size-large\"><a href=\"https:\/\/kranjcic.hr\/wp-content\/uploads\/2023\/05\/002-Pretprogram-za-Kazotica-fr.-Ante-Kazoti-rotated.jpg\"><img loading=\"lazy\" decoding=\"async\" width=\"750\" height=\"1000\" data-id=\"6013\" src=\"https:\/\/kranjcic.hr\/wp-content\/uploads\/2023\/05\/002-Pretprogram-za-Kazotica-fr.-Ante-Kazoti-rotated.jpg\" alt=\"\" class=\"wp-image-6013\" srcset=\"https:\/\/kranjcic.hr\/wp-content\/uploads\/2023\/05\/002-Pretprogram-za-Kazotica-fr.-Ante-Kazoti-rotated.jpg 750w, https:\/\/kranjcic.hr\/wp-content\/uploads\/2023\/05\/002-Pretprogram-za-Kazotica-fr.-Ante-Kazoti-113x150.jpg 113w, https:\/\/kranjcic.hr\/wp-content\/uploads\/2023\/05\/002-Pretprogram-za-Kazotica-fr.-Ante-Kazoti-90x120.jpg 90w\" sizes=\"auto, (max-width: 750px) 100vw, 750px\" \/><\/a><\/figure>\n\n\n\n<figure class=\"wp-block-image size-large\"><a href=\"https:\/\/kranjcic.hr\/wp-content\/uploads\/2023\/05\/007-Zahvala-biskupu-Radosu-Tanja-Baran.jpg\"><img loading=\"lazy\" decoding=\"async\" width=\"712\" height=\"795\" data-id=\"6016\" src=\"https:\/\/kranjcic.hr\/wp-content\/uploads\/2023\/05\/007-Zahvala-biskupu-Radosu-Tanja-Baran.jpg\" alt=\"\" class=\"wp-image-6016\" srcset=\"https:\/\/kranjcic.hr\/wp-content\/uploads\/2023\/05\/007-Zahvala-biskupu-Radosu-Tanja-Baran.jpg 712w, https:\/\/kranjcic.hr\/wp-content\/uploads\/2023\/05\/007-Zahvala-biskupu-Radosu-Tanja-Baran-134x150.jpg 134w, https:\/\/kranjcic.hr\/wp-content\/uploads\/2023\/05\/007-Zahvala-biskupu-Radosu-Tanja-Baran-107x120.jpg 107w\" sizes=\"auto, (max-width: 712px) 100vw, 712px\" \/><\/a><\/figure>\n\n\n\n<figure class=\"wp-block-image size-large\"><a href=\"https:\/\/kranjcic.hr\/wp-content\/uploads\/2023\/05\/004-Propovjednik-biskup-Boze-Rados-rotated.jpg\"><img loading=\"lazy\" decoding=\"async\" width=\"750\" height=\"1000\" data-id=\"6012\" src=\"https:\/\/kranjcic.hr\/wp-content\/uploads\/2023\/05\/004-Propovjednik-biskup-Boze-Rados-rotated.jpg\" alt=\"\" class=\"wp-image-6012\" srcset=\"https:\/\/kranjcic.hr\/wp-content\/uploads\/2023\/05\/004-Propovjednik-biskup-Boze-Rados-rotated.jpg 750w, https:\/\/kranjcic.hr\/wp-content\/uploads\/2023\/05\/004-Propovjednik-biskup-Boze-Rados-113x150.jpg 113w, https:\/\/kranjcic.hr\/wp-content\/uploads\/2023\/05\/004-Propovjednik-biskup-Boze-Rados-90x120.jpg 90w\" sizes=\"auto, (max-width: 750px) 100vw, 750px\" \/><\/a><\/figure>\n\n\n\n<figure class=\"wp-block-image size-large\"><a href=\"https:\/\/kranjcic.hr\/wp-content\/uploads\/2023\/05\/001-Skupna-Kazoticev-dan.jpg\"><img loading=\"lazy\" decoding=\"async\" width=\"1024\" height=\"683\" data-id=\"6014\" src=\"https:\/\/kranjcic.hr\/wp-content\/uploads\/2023\/05\/001-Skupna-Kazoticev-dan-1024x683.jpg\" alt=\"\" class=\"wp-image-6014\" srcset=\"https:\/\/kranjcic.hr\/wp-content\/uploads\/2023\/05\/001-Skupna-Kazoticev-dan-1024x683.jpg 1024w, https:\/\/kranjcic.hr\/wp-content\/uploads\/2023\/05\/001-Skupna-Kazoticev-dan-200x133.jpg 200w, https:\/\/kranjcic.hr\/wp-content\/uploads\/2023\/05\/001-Skupna-Kazoticev-dan-120x80.jpg 120w, https:\/\/kranjcic.hr\/wp-content\/uploads\/2023\/05\/001-Skupna-Kazoticev-dan.jpg 1392w\" sizes=\"auto, (max-width: 1024px) 100vw, 1024px\" \/><\/a><\/figure>\n\n\n\n<figure class=\"wp-block-image size-large\"><a href=\"https:\/\/kranjcic.hr\/wp-content\/uploads\/2023\/05\/003-Zahvala-fr.-Anti-Kazotiju.jpg\"><img loading=\"lazy\" decoding=\"async\" width=\"1024\" height=\"682\" data-id=\"6010\" src=\"https:\/\/kranjcic.hr\/wp-content\/uploads\/2023\/05\/003-Zahvala-fr.-Anti-Kazotiju-1024x682.jpg\" alt=\"\" class=\"wp-image-6010\" srcset=\"https:\/\/kranjcic.hr\/wp-content\/uploads\/2023\/05\/003-Zahvala-fr.-Anti-Kazotiju-1024x682.jpg 1024w, https:\/\/kranjcic.hr\/wp-content\/uploads\/2023\/05\/003-Zahvala-fr.-Anti-Kazotiju-200x133.jpg 200w, https:\/\/kranjcic.hr\/wp-content\/uploads\/2023\/05\/003-Zahvala-fr.-Anti-Kazotiju-120x80.jpg 120w, https:\/\/kranjcic.hr\/wp-content\/uploads\/2023\/05\/003-Zahvala-fr.-Anti-Kazotiju.jpg 1280w\" sizes=\"auto, (max-width: 1024px) 100vw, 1024px\" \/><\/a><\/figure>\n\n\n\n<figure class=\"wp-block-image size-large\"><a href=\"https:\/\/kranjcic.hr\/wp-content\/uploads\/2023\/05\/005-Misa.jpg\"><img loading=\"lazy\" decoding=\"async\" width=\"1024\" height=\"683\" data-id=\"6011\" src=\"https:\/\/kranjcic.hr\/wp-content\/uploads\/2023\/05\/005-Misa-1024x683.jpg\" alt=\"\" class=\"wp-image-6011\" srcset=\"https:\/\/kranjcic.hr\/wp-content\/uploads\/2023\/05\/005-Misa-1024x683.jpg 1024w, https:\/\/kranjcic.hr\/wp-content\/uploads\/2023\/05\/005-Misa-200x133.jpg 200w, https:\/\/kranjcic.hr\/wp-content\/uploads\/2023\/05\/005-Misa-120x80.jpg 120w, https:\/\/kranjcic.hr\/wp-content\/uploads\/2023\/05\/005-Misa.jpg 1152w\" sizes=\"auto, (max-width: 1024px) 100vw, 1024px\" \/><\/a><\/figure>\n\n\n\n<figure class=\"wp-block-image size-large\"><a href=\"https:\/\/kranjcic.hr\/wp-content\/uploads\/2023\/05\/006-Zbor-Hrid.jpg\"><img loading=\"lazy\" decoding=\"async\" width=\"1024\" height=\"683\" data-id=\"6015\" src=\"https:\/\/kranjcic.hr\/wp-content\/uploads\/2023\/05\/006-Zbor-Hrid-1024x683.jpg\" alt=\"\" class=\"wp-image-6015\" srcset=\"https:\/\/kranjcic.hr\/wp-content\/uploads\/2023\/05\/006-Zbor-Hrid-1024x683.jpg 1024w, https:\/\/kranjcic.hr\/wp-content\/uploads\/2023\/05\/006-Zbor-Hrid-200x133.jpg 200w, https:\/\/kranjcic.hr\/wp-content\/uploads\/2023\/05\/006-Zbor-Hrid-120x80.jpg 120w, https:\/\/kranjcic.hr\/wp-content\/uploads\/2023\/05\/006-Zbor-Hrid.jpg 1392w\" sizes=\"auto, (max-width: 1024px) 100vw, 1024px\" \/><\/a><\/figure>\n\n\n\n<figure class=\"wp-block-image size-large\"><a href=\"https:\/\/kranjcic.hr\/wp-content\/uploads\/2023\/05\/008-Dramska-igra-Augustin.jpg\"><img loading=\"lazy\" decoding=\"async\" width=\"1000\" height=\"750\" data-id=\"6018\" src=\"https:\/\/kranjcic.hr\/wp-content\/uploads\/2023\/05\/008-Dramska-igra-Augustin.jpg\" alt=\"\" class=\"wp-image-6018\" srcset=\"https:\/\/kranjcic.hr\/wp-content\/uploads\/2023\/05\/008-Dramska-igra-Augustin.jpg 1000w, https:\/\/kranjcic.hr\/wp-content\/uploads\/2023\/05\/008-Dramska-igra-Augustin-200x150.jpg 200w, https:\/\/kranjcic.hr\/wp-content\/uploads\/2023\/05\/008-Dramska-igra-Augustin-120x90.jpg 120w\" sizes=\"auto, (max-width: 1000px) 100vw, 1000px\" \/><\/a><\/figure>\n\n\n\n<figure class=\"wp-block-image size-large\"><a href=\"https:\/\/kranjcic.hr\/wp-content\/uploads\/2023\/05\/009-Dramska-igra-Augustin-publika-1.jpg\"><img loading=\"lazy\" decoding=\"async\" width=\"1024\" height=\"768\" data-id=\"6020\" src=\"https:\/\/kranjcic.hr\/wp-content\/uploads\/2023\/05\/009-Dramska-igra-Augustin-publika-1-1024x768.jpg\" alt=\"\" class=\"wp-image-6020\" srcset=\"https:\/\/kranjcic.hr\/wp-content\/uploads\/2023\/05\/009-Dramska-igra-Augustin-publika-1-1024x768.jpg 1024w, https:\/\/kranjcic.hr\/wp-content\/uploads\/2023\/05\/009-Dramska-igra-Augustin-publika-1-200x150.jpg 200w, https:\/\/kranjcic.hr\/wp-content\/uploads\/2023\/05\/009-Dramska-igra-Augustin-publika-1-120x90.jpg 120w, https:\/\/kranjcic.hr\/wp-content\/uploads\/2023\/05\/009-Dramska-igra-Augustin-publika-1.jpg 1260w\" sizes=\"auto, (max-width: 1024px) 100vw, 1024px\" \/><\/a><\/figure>\n\n\n\n<figure class=\"wp-block-image size-large\"><a href=\"https:\/\/kranjcic.hr\/wp-content\/uploads\/2023\/05\/010-Dramska-igra-Augustin-publika-2.jpg\"><img loading=\"lazy\" decoding=\"async\" width=\"1024\" height=\"768\" data-id=\"6022\" src=\"https:\/\/kranjcic.hr\/wp-content\/uploads\/2023\/05\/010-Dramska-igra-Augustin-publika-2-1024x768.jpg\" alt=\"\" class=\"wp-image-6022\" srcset=\"https:\/\/kranjcic.hr\/wp-content\/uploads\/2023\/05\/010-Dramska-igra-Augustin-publika-2-1024x768.jpg 1024w, https:\/\/kranjcic.hr\/wp-content\/uploads\/2023\/05\/010-Dramska-igra-Augustin-publika-2-200x150.jpg 200w, https:\/\/kranjcic.hr\/wp-content\/uploads\/2023\/05\/010-Dramska-igra-Augustin-publika-2-120x90.jpg 120w, https:\/\/kranjcic.hr\/wp-content\/uploads\/2023\/05\/010-Dramska-igra-Augustin-publika-2.jpg 1260w\" sizes=\"auto, (max-width: 1024px) 100vw, 1024px\" \/><\/a><\/figure>\n\n\n\n<figure class=\"wp-block-image size-large\"><a href=\"https:\/\/kranjcic.hr\/wp-content\/uploads\/2023\/05\/011-Glumacka-druzina-Ozana.jpg\"><img loading=\"lazy\" decoding=\"async\" width=\"1024\" height=\"768\" data-id=\"6021\" src=\"https:\/\/kranjcic.hr\/wp-content\/uploads\/2023\/05\/011-Glumacka-druzina-Ozana-1024x768.jpg\" alt=\"\" class=\"wp-image-6021\" srcset=\"https:\/\/kranjcic.hr\/wp-content\/uploads\/2023\/05\/011-Glumacka-druzina-Ozana-1024x768.jpg 1024w, https:\/\/kranjcic.hr\/wp-content\/uploads\/2023\/05\/011-Glumacka-druzina-Ozana-200x150.jpg 200w, https:\/\/kranjcic.hr\/wp-content\/uploads\/2023\/05\/011-Glumacka-druzina-Ozana-120x90.jpg 120w, https:\/\/kranjcic.hr\/wp-content\/uploads\/2023\/05\/011-Glumacka-druzina-Ozana.jpg 1260w\" sizes=\"auto, (max-width: 1024px) 100vw, 1024px\" \/><\/a><\/figure>\n\n\n\n<figure class=\"wp-block-image size-large\"><a href=\"https:\/\/kranjcic.hr\/wp-content\/uploads\/2023\/05\/012-Kazoticevi-postovatelji.jpg\"><img loading=\"lazy\" decoding=\"async\" width=\"1024\" height=\"728\" data-id=\"6017\" src=\"https:\/\/kranjcic.hr\/wp-content\/uploads\/2023\/05\/012-Kazoticevi-postovatelji-1024x728.jpg\" alt=\"\" class=\"wp-image-6017\" srcset=\"https:\/\/kranjcic.hr\/wp-content\/uploads\/2023\/05\/012-Kazoticevi-postovatelji-1024x728.jpg 1024w, https:\/\/kranjcic.hr\/wp-content\/uploads\/2023\/05\/012-Kazoticevi-postovatelji-200x142.jpg 200w, https:\/\/kranjcic.hr\/wp-content\/uploads\/2023\/05\/012-Kazoticevi-postovatelji-120x85.jpg 120w, https:\/\/kranjcic.hr\/wp-content\/uploads\/2023\/05\/012-Kazoticevi-postovatelji.jpg 1213w\" sizes=\"auto, (max-width: 1024px) 100vw, 1024px\" \/><\/a><\/figure>\n\n\n\n<figure class=\"wp-block-image size-large\"><a href=\"https:\/\/kranjcic.hr\/wp-content\/uploads\/2023\/05\/013-Bl.-Augustin-Kazotic-slikara-Ivana-Marekovica-rotated.jpg\"><img loading=\"lazy\" decoding=\"async\" width=\"750\" height=\"1000\" data-id=\"6019\" src=\"https:\/\/kranjcic.hr\/wp-content\/uploads\/2023\/05\/013-Bl.-Augustin-Kazotic-slikara-Ivana-Marekovica-rotated.jpg\" alt=\"\" class=\"wp-image-6019\" srcset=\"https:\/\/kranjcic.hr\/wp-content\/uploads\/2023\/05\/013-Bl.-Augustin-Kazotic-slikara-Ivana-Marekovica-rotated.jpg 750w, https:\/\/kranjcic.hr\/wp-content\/uploads\/2023\/05\/013-Bl.-Augustin-Kazotic-slikara-Ivana-Marekovica-113x150.jpg 113w, https:\/\/kranjcic.hr\/wp-content\/uploads\/2023\/05\/013-Bl.-Augustin-Kazotic-slikara-Ivana-Marekovica-90x120.jpg 90w\" sizes=\"auto, (max-width: 750px) 100vw, 750px\" \/><\/a><\/figure>\n<\/figure>\n","protected":false},"excerpt":{"rendered":"<p>Misom bl. Augustinu Ka\u017eoti\u0107u u \u010dast kojoj je prethodio pripremni program te premijernom izvedbom dramsko-scenske igre \u201eAugustin\u201c, u Kri\u017eevcima su u petak 26. svibnja 2023. nastavljeni 15. Dani hrvatskih svetaca i bla\u017eenika. Tom je sve\u010dano\u0161\u0107u spomenuta 700. godi\u0161njica Ka\u017eoti\u0107eve smrti. Starje\u0161ina dominikanskog samostana u Starom Gradu na Hvaru iz roda&hellip; <\/p>\n","protected":false},"author":1,"featured_media":6014,"comment_status":"closed","ping_status":"closed","sticky":false,"template":"","format":"standard","meta":{"footnotes":""},"categories":[93,92,30,18],"tags":[],"class_list":["post-6009","post","type-post","status-publish","format-standard","has-post-thumbnail","hentry","category-15-dani-hsib","category-92","category-dani-hrvatskih-svetaca-i-blazenika","category-zbivanja"],"_links":{"self":[{"href":"https:\/\/kranjcic.hr\/index.php?rest_route=\/wp\/v2\/posts\/6009","targetHints":{"allow":["GET"]}}],"collection":[{"href":"https:\/\/kranjcic.hr\/index.php?rest_route=\/wp\/v2\/posts"}],"about":[{"href":"https:\/\/kranjcic.hr\/index.php?rest_route=\/wp\/v2\/types\/post"}],"author":[{"embeddable":true,"href":"https:\/\/kranjcic.hr\/index.php?rest_route=\/wp\/v2\/users\/1"}],"replies":[{"embeddable":true,"href":"https:\/\/kranjcic.hr\/index.php?rest_route=%2Fwp%2Fv2%2Fcomments&post=6009"}],"version-history":[{"count":2,"href":"https:\/\/kranjcic.hr\/index.php?rest_route=\/wp\/v2\/posts\/6009\/revisions"}],"predecessor-version":[{"id":6036,"href":"https:\/\/kranjcic.hr\/index.php?rest_route=\/wp\/v2\/posts\/6009\/revisions\/6036"}],"wp:featuredmedia":[{"embeddable":true,"href":"https:\/\/kranjcic.hr\/index.php?rest_route=\/wp\/v2\/media\/6014"}],"wp:attachment":[{"href":"https:\/\/kranjcic.hr\/index.php?rest_route=%2Fwp%2Fv2%2Fmedia&parent=6009"}],"wp:term":[{"taxonomy":"category","embeddable":true,"href":"https:\/\/kranjcic.hr\/index.php?rest_route=%2Fwp%2Fv2%2Fcategories&post=6009"},{"taxonomy":"post_tag","embeddable":true,"href":"https:\/\/kranjcic.hr\/index.php?rest_route=%2Fwp%2Fv2%2Ftags&post=6009"}],"curies":[{"name":"wp","href":"https:\/\/api.w.org\/{rel}","templated":true}]}}