{"id":6024,"date":"2023-05-25T22:50:00","date_gmt":"2023-05-25T22:50:00","guid":{"rendered":"https:\/\/kranjcic.hr\/?p=6024"},"modified":"2023-05-27T11:56:32","modified_gmt":"2023-05-27T11:56:32","slug":"otvoreni-15-dani-hrvatskih-svetaca-i-blazenika-1-dan-dan-sv-marka-krizevcanina","status":"publish","type":"post","link":"https:\/\/kranjcic.hr\/?p=6024","title":{"rendered":"\u00a0OTVORENI 15. DANI HRVATSKIH SVETACA I BLA\u017dENIKA (1. DAN) \u2013 DAN SV. MARKA KRI\u017dEV\u010cANINA"},"content":{"rendered":"\n<p>Programom sv. Marku Kri\u017eev\u010daninu u \u010dast, misnim slavljem koje je predvodio mons. Antun Sente ml. te otvorenjem izlo\u017ebe \u201eHrvatski sveci i bla\u017eenici u na\u0161em narodu\u201c s. Zdravke Spomenke Mili\u0107 u Kri\u017eevcima su u \u010detvrtak 25. svibnja 2023. zapo\u010deli \u010detverodnevni 15. Dani hrvatskih svetaca i bla\u017eenika.<\/p>\n\n\n\n<p>Manifestacija je zapo\u010dela pozdravima doma\u0107ina \u017eupnika kri\u017eeva\u010dke \u017eupe sv. Ane pre\u010d. Stjepana Sovi\u010deka. Sv. Marku posve\u0107en knji\u017eevni i molitveni program izvela je provincijalna poglavarica sestara milosrdnica provincije Navje\u0161tenja Gospodinova iz Splita s. Marija Andrijana Mir\u010deta. U toj je prilici predstavila djelovanje svoje dru\u017ebe te kauzu za slu\u017ebenicu Bo\u017eju s. \u017darku Ivasi\u0107 i susestre koju dru\u017eba vodi. Euharistiju je u suslavlju sa \u017eupnikom Sovi\u010dekom predvodio rektor Nacionalnog sveti\u0161ta sv. Josipa iz Karlovca mons. Antun Sente ml. Uvodno je propovjednik govorio o tome kako su sv. Marku \u017eivot oduzeli kr\u0161\u0107ani koji su se predstavljali kao protestanti. \u201eOni, na\u017ealost, nisu \u010duli Isusove rije\u010di, nisu Boga do\u017eivjeli. Da jesu, ne bi to u\u010dinili\u201c, istaknuo je propovjednik i rekao da je i ve\u0107ina drugih hrvatskih svetaca i bla\u017eenika svoju svetost posvjedo\u010dila svojim \u017eivotom. \u201eGledamo sada u na\u0161e svece, obuzima nas ponos, divimo im se i razmi\u0161ljamo kako bismo i mi mogli po\u017eivjeti poput njih. Ali onda do\u0111u ku\u0161nje. Posustajemo. No, Isus ne prestaje ra\u010dunati na nas, unato\u010d svim na\u0161im lutanjima. Va\u017eno je da poput Marka Kri\u017eev\u010danina i svih hrvatskih svetaca i bla\u017eenika u najva\u017enijim trenucima budemo s Bogom jer smo tada i s rodom, svojim narodom. Nije slu\u010dajno na\u0161 Stepinac rekao da je vjernost Katoli\u010dkoj Crkvi najbolji program za hrvatski narod\u201c, zaklju\u010dio je mons. Sente. Po\u017eelio je da hrvatski duhovni velikani svima budu nadahnu\u0107e u \u017eivotu, djelovanju, pa i onda kada je potrebno polo\u017eiti \u017ertvu, pa i mu\u010deni\u0161tvo, jer \u0161to je to, poru\u010dio je, naspram vje\u010dnosti.&nbsp;<\/p>\n\n\n\n<p>Glazbeni obol euharistijskom slavlju dao je zbor \u017eupe sv. Ane Kri\u017eevci.<\/p>\n\n\n\n<p>Program je nastavljen u kri\u017eeva\u010dkoj Gradskoj galeriji otvorenjem novoga izlo\u017ebenog ciklusa \u201eHrvatski sveci i bla\u017eenici u na\u0161em narodu\u201c koji su ove godine organizatori povjerili splitskoj akademskoj slikarici sestri milosrdnici Zdravki Spomenki Mili\u0107. U sve\u010danosti su sudjelovali koprivni\u010dko-kri\u017eeva\u010dki \u017eupan Darko Koren, ravnateljica kri\u017eeva\u010dkoga Gradskog muzeja Tea Hatadi, rektor Nacionalnog sveti\u0161ta sv. Josipa u Karlovcu mons. Antun Sente ml. koji je i organizirao izlo\u017ebu, likovni kriti\u010dar Stanko \u0160poljari\u0107 te sama autorica. Izlo\u017ebu je otvorio bjelovarsko-kri\u017eeva\u010dki biskup mons. Vjekoslav Huzjak. Glazbeni obol programu dali su sopranistica Dunja Rebi\u0107 i gitarist Mihael Rebi\u0107. Kroz program je uime doma\u0107ina i organizatora 15. Dana hrvatskih svetaca i bla\u017eenika Udruge za promicanje znamenitih Kri\u017eev\u010dana \u201eDr. Stjepan Kranj\u010di\u0107\u201c te kri\u017eeva\u010dkih \u017eupa sv. Ane te BDM \u017dalosne i sv. Marka Kri\u017eev\u010danina vodila Tanja Baran. Autorica je izlo\u017eila tridesetak radova razli\u010ditih dimenzija, uglavnom akrila na platnu, portreta gotovo svih hrvatskih svetaca i bla\u017eenika te vi\u0161e slugu i slu\u017ebenica Bo\u017ejih.<\/p>\n\n\n\n<p>Izlo\u017ebu, koja \u0107e u Kri\u017eevcima biti otvorena do 7. lipnja, a koju je peti put osmislilo Nacionalno sveti\u0161te sv. Josipa iz Karlovca, prati bogat katalog od oko 40 stranica. U njemu je stru\u010dnu analizu izlo\u017eenih radova napisao likovni kriti\u010dar Stanko \u0160poljari\u0107, objavljen je i popis svih hrvatskih svetaca i bla\u017eenika, i \u010detrdesetak slugu i slu\u017ebenica Bo\u017ejih za koje se vode procesi te su prikazani svi portreti progla\u0161enih duhovnih velikana naslikani za izlo\u017ebu. Nakon zatvaranja u Kri\u017eevcima, tijekom godine izlo\u017eba \u0107e biti postavljena u petnaestak hrvatskih gradova i mjesta te u BiH.<\/p>\n\n\n\n<p>Svi sadr\u017eaji otvorenja 15. Dana hrvatskih svetaca i bla\u017eenika u Kri\u017eevcima mogli su se pratiti na facebooku portala prigorski.hr, Hrvatskoga katoli\u010dkog radija, Radio Marije, Glasa Koncila te Nacionalnog sveti\u0161ta sv. Josipa iz Karlovca.\u00a0<\/p>\n\n\n\n<figure class=\"wp-block-gallery has-nested-images columns-default wp-block-gallery-1 is-layout-flex wp-block-gallery-is-layout-flex\">\n<figure class=\"wp-block-image size-large\"><a href=\"https:\/\/kranjcic.hr\/wp-content\/uploads\/2023\/05\/003-Pretprogram-s.-Andrijana-Mirceta-rotated.jpg\"><img loading=\"lazy\" decoding=\"async\" width=\"768\" height=\"1024\" data-id=\"6031\" src=\"https:\/\/kranjcic.hr\/wp-content\/uploads\/2023\/05\/003-Pretprogram-s.-Andrijana-Mirceta-768x1024.jpg\" alt=\"\" class=\"wp-image-6031\" srcset=\"https:\/\/kranjcic.hr\/wp-content\/uploads\/2023\/05\/003-Pretprogram-s.-Andrijana-Mirceta-768x1024.jpg 768w, https:\/\/kranjcic.hr\/wp-content\/uploads\/2023\/05\/003-Pretprogram-s.-Andrijana-Mirceta-113x150.jpg 113w, https:\/\/kranjcic.hr\/wp-content\/uploads\/2023\/05\/003-Pretprogram-s.-Andrijana-Mirceta-90x120.jpg 90w, https:\/\/kranjcic.hr\/wp-content\/uploads\/2023\/05\/003-Pretprogram-s.-Andrijana-Mirceta-rotated.jpg 945w\" sizes=\"auto, (max-width: 768px) 100vw, 768px\" \/><\/a><\/figure>\n\n\n\n<figure class=\"wp-block-image size-large\"><a href=\"https:\/\/kranjcic.hr\/wp-content\/uploads\/2023\/05\/004-Zahvala-Tanja-Baran-.jpg\"><img loading=\"lazy\" decoding=\"async\" width=\"1024\" height=\"683\" data-id=\"6032\" src=\"https:\/\/kranjcic.hr\/wp-content\/uploads\/2023\/05\/004-Zahvala-Tanja-Baran--1024x683.jpg\" alt=\"\" class=\"wp-image-6032\" srcset=\"https:\/\/kranjcic.hr\/wp-content\/uploads\/2023\/05\/004-Zahvala-Tanja-Baran--1024x683.jpg 1024w, https:\/\/kranjcic.hr\/wp-content\/uploads\/2023\/05\/004-Zahvala-Tanja-Baran--200x133.jpg 200w, https:\/\/kranjcic.hr\/wp-content\/uploads\/2023\/05\/004-Zahvala-Tanja-Baran--120x80.jpg 120w, https:\/\/kranjcic.hr\/wp-content\/uploads\/2023\/05\/004-Zahvala-Tanja-Baran-.jpg 1392w\" sizes=\"auto, (max-width: 1024px) 100vw, 1024px\" \/><\/a><\/figure>\n\n\n\n<figure class=\"wp-block-image size-large\"><a href=\"https:\/\/kranjcic.hr\/wp-content\/uploads\/2023\/05\/002-Misa-mons.-Antun-Sente-i-prec.-Stjepan-Sovicek.jpg\"><img loading=\"lazy\" decoding=\"async\" width=\"1008\" height=\"756\" data-id=\"6026\" src=\"https:\/\/kranjcic.hr\/wp-content\/uploads\/2023\/05\/002-Misa-mons.-Antun-Sente-i-prec.-Stjepan-Sovicek.jpg\" alt=\"\" class=\"wp-image-6026\" srcset=\"https:\/\/kranjcic.hr\/wp-content\/uploads\/2023\/05\/002-Misa-mons.-Antun-Sente-i-prec.-Stjepan-Sovicek.jpg 1008w, https:\/\/kranjcic.hr\/wp-content\/uploads\/2023\/05\/002-Misa-mons.-Antun-Sente-i-prec.-Stjepan-Sovicek-200x150.jpg 200w, https:\/\/kranjcic.hr\/wp-content\/uploads\/2023\/05\/002-Misa-mons.-Antun-Sente-i-prec.-Stjepan-Sovicek-120x90.jpg 120w\" sizes=\"auto, (max-width: 1008px) 100vw, 1008px\" \/><\/a><\/figure>\n\n\n\n<figure class=\"wp-block-image size-large\"><a href=\"https:\/\/kranjcic.hr\/wp-content\/uploads\/2023\/05\/005-Vjernici-crkva.jpg\"><img loading=\"lazy\" decoding=\"async\" width=\"1024\" height=\"682\" data-id=\"6027\" src=\"https:\/\/kranjcic.hr\/wp-content\/uploads\/2023\/05\/005-Vjernici-crkva-1024x682.jpg\" alt=\"\" class=\"wp-image-6027\" srcset=\"https:\/\/kranjcic.hr\/wp-content\/uploads\/2023\/05\/005-Vjernici-crkva-1024x682.jpg 1024w, https:\/\/kranjcic.hr\/wp-content\/uploads\/2023\/05\/005-Vjernici-crkva-200x133.jpg 200w, https:\/\/kranjcic.hr\/wp-content\/uploads\/2023\/05\/005-Vjernici-crkva-120x80.jpg 120w, https:\/\/kranjcic.hr\/wp-content\/uploads\/2023\/05\/005-Vjernici-crkva.jpg 1229w\" sizes=\"auto, (max-width: 1024px) 100vw, 1024px\" \/><\/a><\/figure>\n\n\n\n<figure class=\"wp-block-image size-large\"><a href=\"https:\/\/kranjcic.hr\/wp-content\/uploads\/2023\/05\/001-Izlozba-skupna.jpg\"><img loading=\"lazy\" decoding=\"async\" width=\"1024\" height=\"461\" data-id=\"6030\" src=\"https:\/\/kranjcic.hr\/wp-content\/uploads\/2023\/05\/001-Izlozba-skupna-1024x461.jpg\" alt=\"\" class=\"wp-image-6030\" srcset=\"https:\/\/kranjcic.hr\/wp-content\/uploads\/2023\/05\/001-Izlozba-skupna-1024x461.jpg 1024w, https:\/\/kranjcic.hr\/wp-content\/uploads\/2023\/05\/001-Izlozba-skupna-200x90.jpg 200w, https:\/\/kranjcic.hr\/wp-content\/uploads\/2023\/05\/001-Izlozba-skupna-120x54.jpg 120w, https:\/\/kranjcic.hr\/wp-content\/uploads\/2023\/05\/001-Izlozba-skupna-1536x692.jpg 1536w, https:\/\/kranjcic.hr\/wp-content\/uploads\/2023\/05\/001-Izlozba-skupna.jpg 2048w\" sizes=\"auto, (max-width: 1024px) 100vw, 1024px\" \/><\/a><\/figure>\n\n\n\n<figure class=\"wp-block-image size-large\"><a href=\"https:\/\/kranjcic.hr\/wp-content\/uploads\/2023\/05\/006-Otvorenje-izlozbe.jpg\"><img loading=\"lazy\" decoding=\"async\" width=\"1024\" height=\"683\" data-id=\"6028\" src=\"https:\/\/kranjcic.hr\/wp-content\/uploads\/2023\/05\/006-Otvorenje-izlozbe-1024x683.jpg\" alt=\"\" class=\"wp-image-6028\" srcset=\"https:\/\/kranjcic.hr\/wp-content\/uploads\/2023\/05\/006-Otvorenje-izlozbe-1024x683.jpg 1024w, https:\/\/kranjcic.hr\/wp-content\/uploads\/2023\/05\/006-Otvorenje-izlozbe-200x133.jpg 200w, https:\/\/kranjcic.hr\/wp-content\/uploads\/2023\/05\/006-Otvorenje-izlozbe-120x80.jpg 120w, https:\/\/kranjcic.hr\/wp-content\/uploads\/2023\/05\/006-Otvorenje-izlozbe-1536x1024.jpg 1536w, https:\/\/kranjcic.hr\/wp-content\/uploads\/2023\/05\/006-Otvorenje-izlozbe.jpg 1560w\" sizes=\"auto, (max-width: 1024px) 100vw, 1024px\" \/><\/a><\/figure>\n\n\n\n<figure class=\"wp-block-image size-large\"><a href=\"https:\/\/kranjcic.hr\/wp-content\/uploads\/2023\/05\/007-Izlozba-publika-1.jpg\"><img loading=\"lazy\" decoding=\"async\" width=\"1024\" height=\"682\" data-id=\"6033\" src=\"https:\/\/kranjcic.hr\/wp-content\/uploads\/2023\/05\/007-Izlozba-publika-1-1024x682.jpg\" alt=\"\" class=\"wp-image-6033\" srcset=\"https:\/\/kranjcic.hr\/wp-content\/uploads\/2023\/05\/007-Izlozba-publika-1-1024x682.jpg 1024w, https:\/\/kranjcic.hr\/wp-content\/uploads\/2023\/05\/007-Izlozba-publika-1-200x133.jpg 200w, https:\/\/kranjcic.hr\/wp-content\/uploads\/2023\/05\/007-Izlozba-publika-1-120x80.jpg 120w, https:\/\/kranjcic.hr\/wp-content\/uploads\/2023\/05\/007-Izlozba-publika-1.jpg 1229w\" sizes=\"auto, (max-width: 1024px) 100vw, 1024px\" \/><\/a><\/figure>\n\n\n\n<figure class=\"wp-block-image size-large\"><a href=\"https:\/\/kranjcic.hr\/wp-content\/uploads\/2023\/05\/008-Izlozba-publika-2.jpg\"><img loading=\"lazy\" decoding=\"async\" width=\"1024\" height=\"683\" data-id=\"6029\" src=\"https:\/\/kranjcic.hr\/wp-content\/uploads\/2023\/05\/008-Izlozba-publika-2-1024x683.jpg\" alt=\"\" class=\"wp-image-6029\" srcset=\"https:\/\/kranjcic.hr\/wp-content\/uploads\/2023\/05\/008-Izlozba-publika-2-1024x683.jpg 1024w, https:\/\/kranjcic.hr\/wp-content\/uploads\/2023\/05\/008-Izlozba-publika-2-200x133.jpg 200w, https:\/\/kranjcic.hr\/wp-content\/uploads\/2023\/05\/008-Izlozba-publika-2-120x80.jpg 120w, https:\/\/kranjcic.hr\/wp-content\/uploads\/2023\/05\/008-Izlozba-publika-2.jpg 1404w\" sizes=\"auto, (max-width: 1024px) 100vw, 1024px\" \/><\/a><\/figure>\n\n\n\n<figure class=\"wp-block-image size-large\"><a href=\"https:\/\/kranjcic.hr\/wp-content\/uploads\/2023\/05\/009-Izlozba-publika-3.jpg\"><img loading=\"lazy\" decoding=\"async\" width=\"1024\" height=\"683\" data-id=\"6025\" src=\"https:\/\/kranjcic.hr\/wp-content\/uploads\/2023\/05\/009-Izlozba-publika-3-1024x683.jpg\" alt=\"\" class=\"wp-image-6025\" srcset=\"https:\/\/kranjcic.hr\/wp-content\/uploads\/2023\/05\/009-Izlozba-publika-3-1024x683.jpg 1024w, https:\/\/kranjcic.hr\/wp-content\/uploads\/2023\/05\/009-Izlozba-publika-3-200x133.jpg 200w, https:\/\/kranjcic.hr\/wp-content\/uploads\/2023\/05\/009-Izlozba-publika-3-120x80.jpg 120w, https:\/\/kranjcic.hr\/wp-content\/uploads\/2023\/05\/009-Izlozba-publika-3.jpg 1392w\" sizes=\"auto, (max-width: 1024px) 100vw, 1024px\" \/><\/a><\/figure>\n<\/figure>\n","protected":false},"excerpt":{"rendered":"<p>Programom sv. Marku Kri\u017eev\u010daninu u \u010dast, misnim slavljem koje je predvodio mons. Antun Sente ml. te otvorenjem izlo\u017ebe \u201eHrvatski sveci i bla\u017eenici u na\u0161em narodu\u201c s. Zdravke Spomenke Mili\u0107 u Kri\u017eevcima su u \u010detvrtak 25. svibnja 2023. zapo\u010deli \u010detverodnevni 15. Dani hrvatskih svetaca i bla\u017eenika. Manifestacija je zapo\u010dela pozdravima doma\u0107ina&hellip; <\/p>\n","protected":false},"author":1,"featured_media":6030,"comment_status":"closed","ping_status":"closed","sticky":false,"template":"","format":"standard","meta":{"footnotes":""},"categories":[93,92,30,18],"tags":[],"class_list":["post-6024","post","type-post","status-publish","format-standard","has-post-thumbnail","hentry","category-15-dani-hsib","category-92","category-dani-hrvatskih-svetaca-i-blazenika","category-zbivanja"],"_links":{"self":[{"href":"https:\/\/kranjcic.hr\/index.php?rest_route=\/wp\/v2\/posts\/6024","targetHints":{"allow":["GET"]}}],"collection":[{"href":"https:\/\/kranjcic.hr\/index.php?rest_route=\/wp\/v2\/posts"}],"about":[{"href":"https:\/\/kranjcic.hr\/index.php?rest_route=\/wp\/v2\/types\/post"}],"author":[{"embeddable":true,"href":"https:\/\/kranjcic.hr\/index.php?rest_route=\/wp\/v2\/users\/1"}],"replies":[{"embeddable":true,"href":"https:\/\/kranjcic.hr\/index.php?rest_route=%2Fwp%2Fv2%2Fcomments&post=6024"}],"version-history":[{"count":2,"href":"https:\/\/kranjcic.hr\/index.php?rest_route=\/wp\/v2\/posts\/6024\/revisions"}],"predecessor-version":[{"id":6035,"href":"https:\/\/kranjcic.hr\/index.php?rest_route=\/wp\/v2\/posts\/6024\/revisions\/6035"}],"wp:featuredmedia":[{"embeddable":true,"href":"https:\/\/kranjcic.hr\/index.php?rest_route=\/wp\/v2\/media\/6030"}],"wp:attachment":[{"href":"https:\/\/kranjcic.hr\/index.php?rest_route=%2Fwp%2Fv2%2Fmedia&parent=6024"}],"wp:term":[{"taxonomy":"category","embeddable":true,"href":"https:\/\/kranjcic.hr\/index.php?rest_route=%2Fwp%2Fv2%2Fcategories&post=6024"},{"taxonomy":"post_tag","embeddable":true,"href":"https:\/\/kranjcic.hr\/index.php?rest_route=%2Fwp%2Fv2%2Ftags&post=6024"}],"curies":[{"name":"wp","href":"https:\/\/api.w.org\/{rel}","templated":true}]}}