{"id":6109,"date":"2023-10-27T23:43:00","date_gmt":"2023-10-27T23:43:00","guid":{"rendered":"https:\/\/kranjcic.hr\/?p=6109"},"modified":"2023-10-29T08:46:33","modified_gmt":"2023-10-29T08:46:33","slug":"otvorena-izlozba-hrvatskih-svetaca-iris-mihatov-miocic-u-sesvetama","status":"publish","type":"post","link":"https:\/\/kranjcic.hr\/?p=6109","title":{"rendered":"OTVORENA IZLO\u017dBA HRVATSKIH SVETACA IRIS MIHATOV MIO\u010cI\u0106 U SESVETAMA"},"content":{"rendered":"\n<p>U Sesvetama je u petak 27. listopada 2023. otvorena izlo\u017eba \u201eHrvatski sveci i bla\u017eenici u na\u0161em narodu\u201c zadarske akademske slikarice Iris Mihatov Mio\u010di\u0107. Portreti hrvatskih duhovnih velikana postavljeni su u galerijskom dijelu prostora udruge Zelene i plave Sesvete u Kelekovoj 2 sa \u017eeljom da se Sesve\u0107anima ba\u0161 uo\u010di svetkovine Svih svetih duhovni \u017eivot obogati likovnim prikazima hrvatskih svetaca i bla\u017eenika.&nbsp;<\/p>\n\n\n\n<p>Nakon uvodnih pozdrava tajnika udruge Zelene i plave Sesvete Radoslava Duman\u010di\u0107a koji je po\u017eelio da izlo\u017eba i nadalje svake godine za Sve svete dolazi u Sesvete, izlo\u017ebu su uz autoricu predstavili rektor Nacionalnoga sveti\u0161ta sv. Josipa mons. Antun Sente ml. i predsjednica Udruge za promicanje znamenitih Kri\u017eev\u010dana \u201eDr. Stjepan Kranj\u010di\u0107\u201c Tanja Baran. Likovni osvrt dao je povjesni\u010dar umjetnosti Stanko \u0160poljari\u0107, dok je izlo\u017ebu otvorio dekan Sesvetskoga dekanata i \u017eupnik \u017eupa Dobroga Pastira u Brestju pre\u010d. Zlatko Paveti\u0107.&nbsp;<\/p>\n\n\n\n<p>Autorica je predstavila svoje likovne susrete s hrvatskim duhovnim velikanima. Tijekom vi\u0161emjese\u010dnog rada na osobit se na\u010din osobno povezala sa svima njima, posvjedo\u010dila je, isti\u010du\u0107i da je se posebno dojmila njoj dotada slabije poznata slu\u017ebenica Bo\u017eja Marica Stankovi\u0107.<\/p>\n\n\n\n<p>Mons. Sente i dr. Baran govorili su o ideji cjelokupnoga izlo\u017ebenog projekta koji ve\u0107 15 godina, svake godine s portretima nekog drugog umjetnika, nakon \u010detverodnevne manifestacije Dana hrvatskih svetaca i bla\u017eenika u Kri\u017eevcima putuje po Hrvatskoj s ciljem boljeg poznavanja i intenzivnijeg \u0161tovanja hrvatskih svetaca i bla\u017eenika.<\/p>\n\n\n\n<p>Pre\u010d. Paveti\u0107 po\u017eelio je okupljenima puno duhovnog ispunjenja uz izlo\u017ebu, mir i dobro, te \u010destitao svetkovinu Svih svetih.<\/p>\n\n\n\n<p>Glazbeni obol sve\u010danosti dali su u\u010denici Glazbene \u0161kole Zlatka Grgo\u0161evi\u0107a iz Sesveta. &nbsp;<\/p>\n\n\n\n<figure class=\"wp-block-gallery has-nested-images columns-default is-cropped wp-block-gallery-1 is-layout-flex wp-block-gallery-is-layout-flex\">\n<figure class=\"wp-block-image size-large\"><img loading=\"lazy\" decoding=\"async\" width=\"1024\" height=\"515\" data-id=\"6112\" src=\"https:\/\/kranjcic.hr\/wp-content\/uploads\/2023\/10\/001-Skupna-1024x515.jpg\" alt=\"\" class=\"wp-image-6112\" srcset=\"https:\/\/kranjcic.hr\/wp-content\/uploads\/2023\/10\/001-Skupna-1024x515.jpg 1024w, https:\/\/kranjcic.hr\/wp-content\/uploads\/2023\/10\/001-Skupna-200x100.jpg 200w, https:\/\/kranjcic.hr\/wp-content\/uploads\/2023\/10\/001-Skupna-120x60.jpg 120w, https:\/\/kranjcic.hr\/wp-content\/uploads\/2023\/10\/001-Skupna-1536x772.jpg 1536w, https:\/\/kranjcic.hr\/wp-content\/uploads\/2023\/10\/001-Skupna.jpg 2048w\" sizes=\"auto, (max-width: 1024px) 100vw, 1024px\" \/><\/figure>\n\n\n\n<figure class=\"wp-block-image size-large\"><img loading=\"lazy\" decoding=\"async\" width=\"1024\" height=\"683\" data-id=\"6113\" src=\"https:\/\/kranjcic.hr\/wp-content\/uploads\/2023\/10\/003-Otvorenje-izlozbe-1024x683.jpg\" alt=\"\" class=\"wp-image-6113\" srcset=\"https:\/\/kranjcic.hr\/wp-content\/uploads\/2023\/10\/003-Otvorenje-izlozbe-1024x683.jpg 1024w, https:\/\/kranjcic.hr\/wp-content\/uploads\/2023\/10\/003-Otvorenje-izlozbe-200x133.jpg 200w, https:\/\/kranjcic.hr\/wp-content\/uploads\/2023\/10\/003-Otvorenje-izlozbe-120x80.jpg 120w, https:\/\/kranjcic.hr\/wp-content\/uploads\/2023\/10\/003-Otvorenje-izlozbe-1536x1024.jpg 1536w, https:\/\/kranjcic.hr\/wp-content\/uploads\/2023\/10\/003-Otvorenje-izlozbe.jpg 2048w\" sizes=\"auto, (max-width: 1024px) 100vw, 1024px\" \/><\/figure>\n\n\n\n<figure class=\"wp-block-image size-large\"><img loading=\"lazy\" decoding=\"async\" width=\"1024\" height=\"683\" data-id=\"6117\" src=\"https:\/\/kranjcic.hr\/wp-content\/uploads\/2023\/10\/004-Publika-1024x683.jpg\" alt=\"\" class=\"wp-image-6117\" srcset=\"https:\/\/kranjcic.hr\/wp-content\/uploads\/2023\/10\/004-Publika-1024x683.jpg 1024w, https:\/\/kranjcic.hr\/wp-content\/uploads\/2023\/10\/004-Publika-200x133.jpg 200w, https:\/\/kranjcic.hr\/wp-content\/uploads\/2023\/10\/004-Publika-120x80.jpg 120w, https:\/\/kranjcic.hr\/wp-content\/uploads\/2023\/10\/004-Publika-1536x1024.jpg 1536w, https:\/\/kranjcic.hr\/wp-content\/uploads\/2023\/10\/004-Publika-2048x1365.jpg 2048w\" sizes=\"auto, (max-width: 1024px) 100vw, 1024px\" \/><\/figure>\n\n\n\n<figure class=\"wp-block-image size-large\"><img loading=\"lazy\" decoding=\"async\" width=\"1024\" height=\"776\" data-id=\"6115\" src=\"https:\/\/kranjcic.hr\/wp-content\/uploads\/2023\/10\/002-Iris-Mihatov-Miocic-1024x776.jpg\" alt=\"\" class=\"wp-image-6115\" srcset=\"https:\/\/kranjcic.hr\/wp-content\/uploads\/2023\/10\/002-Iris-Mihatov-Miocic-1024x776.jpg 1024w, https:\/\/kranjcic.hr\/wp-content\/uploads\/2023\/10\/002-Iris-Mihatov-Miocic-198x150.jpg 198w, https:\/\/kranjcic.hr\/wp-content\/uploads\/2023\/10\/002-Iris-Mihatov-Miocic-120x91.jpg 120w, https:\/\/kranjcic.hr\/wp-content\/uploads\/2023\/10\/002-Iris-Mihatov-Miocic-1536x1164.jpg 1536w, https:\/\/kranjcic.hr\/wp-content\/uploads\/2023\/10\/002-Iris-Mihatov-Miocic.jpg 2048w\" sizes=\"auto, (max-width: 1024px) 100vw, 1024px\" \/><\/figure>\n\n\n\n<figure class=\"wp-block-image size-large\"><img loading=\"lazy\" decoding=\"async\" width=\"1024\" height=\"683\" data-id=\"6116\" src=\"https:\/\/kranjcic.hr\/wp-content\/uploads\/2023\/10\/005-Glazbeni-program-1024x683.jpg\" alt=\"\" class=\"wp-image-6116\" srcset=\"https:\/\/kranjcic.hr\/wp-content\/uploads\/2023\/10\/005-Glazbeni-program-1024x683.jpg 1024w, https:\/\/kranjcic.hr\/wp-content\/uploads\/2023\/10\/005-Glazbeni-program-200x133.jpg 200w, https:\/\/kranjcic.hr\/wp-content\/uploads\/2023\/10\/005-Glazbeni-program-120x80.jpg 120w, https:\/\/kranjcic.hr\/wp-content\/uploads\/2023\/10\/005-Glazbeni-program-1536x1024.jpg 1536w, https:\/\/kranjcic.hr\/wp-content\/uploads\/2023\/10\/005-Glazbeni-program.jpg 2048w\" sizes=\"auto, (max-width: 1024px) 100vw, 1024px\" \/><\/figure>\n<\/figure>\n","protected":false},"excerpt":{"rendered":"<p>U Sesvetama je u petak 27. listopada 2023. otvorena izlo\u017eba \u201eHrvatski sveci i bla\u017eenici u na\u0161em narodu\u201c zadarske akademske slikarice Iris Mihatov Mio\u010di\u0107. Portreti hrvatskih duhovnih velikana postavljeni su u galerijskom dijelu prostora udruge Zelene i plave Sesvete u Kelekovoj 2 sa \u017eeljom da se Sesve\u0107anima ba\u0161 uo\u010di svetkovine Svih&hellip; <\/p>\n","protected":false},"author":1,"featured_media":6115,"comment_status":"closed","ping_status":"closed","sticky":false,"template":"","format":"standard","meta":{"footnotes":""},"categories":[89,92,30],"tags":[],"class_list":["post-6109","post","type-post","status-publish","format-standard","has-post-thumbnail","hentry","category-14-dani-hsib","category-92","category-dani-hrvatskih-svetaca-i-blazenika"],"_links":{"self":[{"href":"https:\/\/kranjcic.hr\/index.php?rest_route=\/wp\/v2\/posts\/6109","targetHints":{"allow":["GET"]}}],"collection":[{"href":"https:\/\/kranjcic.hr\/index.php?rest_route=\/wp\/v2\/posts"}],"about":[{"href":"https:\/\/kranjcic.hr\/index.php?rest_route=\/wp\/v2\/types\/post"}],"author":[{"embeddable":true,"href":"https:\/\/kranjcic.hr\/index.php?rest_route=\/wp\/v2\/users\/1"}],"replies":[{"embeddable":true,"href":"https:\/\/kranjcic.hr\/index.php?rest_route=%2Fwp%2Fv2%2Fcomments&post=6109"}],"version-history":[{"count":1,"href":"https:\/\/kranjcic.hr\/index.php?rest_route=\/wp\/v2\/posts\/6109\/revisions"}],"predecessor-version":[{"id":6118,"href":"https:\/\/kranjcic.hr\/index.php?rest_route=\/wp\/v2\/posts\/6109\/revisions\/6118"}],"wp:featuredmedia":[{"embeddable":true,"href":"https:\/\/kranjcic.hr\/index.php?rest_route=\/wp\/v2\/media\/6115"}],"wp:attachment":[{"href":"https:\/\/kranjcic.hr\/index.php?rest_route=%2Fwp%2Fv2%2Fmedia&parent=6109"}],"wp:term":[{"taxonomy":"category","embeddable":true,"href":"https:\/\/kranjcic.hr\/index.php?rest_route=%2Fwp%2Fv2%2Fcategories&post=6109"},{"taxonomy":"post_tag","embeddable":true,"href":"https:\/\/kranjcic.hr\/index.php?rest_route=%2Fwp%2Fv2%2Ftags&post=6109"}],"curies":[{"name":"wp","href":"https:\/\/api.w.org\/{rel}","templated":true}]}}