{"id":6190,"date":"2023-12-09T22:34:00","date_gmt":"2023-12-09T22:34:00","guid":{"rendered":"https:\/\/kranjcic.hr\/?p=6190"},"modified":"2023-12-10T19:39:52","modified_gmt":"2023-12-10T19:39:52","slug":"izlozba-hrvatskih-svetaca-otvorena-u-dakovu","status":"publish","type":"post","link":"https:\/\/kranjcic.hr\/?p=6190","title":{"rendered":"IZLO\u017dBA HRVATSKIH SVETACA OTVORENA U \u0110AKOVU"},"content":{"rendered":"\n<p>\u201eProvodite istinski apostolat \u0161tovanja hrvatskih svetaca i bla\u017eenika, hvala vam na tome, hvala vam na izlo\u017ebi\u201c, rekao je organizatorima &#8211; otvaraju\u0107i izlo\u017ebu \u201eHrvatski sveci i bla\u017eenici u na\u0161em narodu\u201c akademske slikarice Iris Mihatov Mio\u010di\u0107 &#8211; pomo\u0107ni biskup \u0110akova\u010dko-osje\u010dke nadbiskupije mons. Ivan \u0106uri\u0107. Izlo\u017eba je otvorena u subotu 9. prosinca 2023. u \u0111akova\u010dkom nadbiskupijskom muzeju uz organizaciju Nacionalnog sveti\u0161ta sv. Josipa iz Karlovca i Udruge za promicanje znamenitih Kri\u017eev\u010dana \u201eDr. Stjepan Kranj\u010di\u0107\u201c. Biskup \u0106uri\u0107 se, otvaraju\u0107i izlo\u017ebu, prisjetio svojih osobnih susreta s hrvatskim duhovnim velikanima. Kao osnovno\u0161kolac je recitirao pred slugom Bo\u017ejim Antom Gabri\u0107em, a prije 40 godina je u Banjoj Luci, potaknut \u017eupnikom koji je iznenada objavio da je Leopold Mandi\u0107 progla\u0161en svetim, isti \u010das na orguljama sve\u010dano zasvirao sv. Leopoldu u \u010dast. \u201eTim vi\u0161e mi je bilo drago \u0161to sam ove godine u listopadu tijekom Biskupske sinode u Vatikanu bio u blizini pape Franje ba\u0161 u trenucima jubileja 40 godi\u0161njice Leopoldove kanonizacije. Spomenuo sam Svetome Ocu Leopolda, srda\u010dno se nasmije\u0161io na spomen sve\u010deva imena Zatim sam ga zamolio bi li tim povodom uputio koju rije\u010d hrvatskom narodu. Prihvatio je. Zamolio sam ga bi li dopustio da to njegovo obra\u0107anje i snimim. Prihvatio je pa mi je bilo drago da je to vidjelo dosta ljudi jer je tu snimku poslije objavila IKA\u201c, ispripovijedao je biskup \u0106uri\u0107 isti\u010du\u0107i kako mu je posebno lijep zaziv: Svi sveti hrvatskoga naroda. &nbsp;<\/p>\n\n\n\n<p>Radost zbog toga \u0161to izlo\u017eba hrvatskih duhovnih velikana ve\u0107 tre\u0107i put dolazi u \u0110akovo, svake godine s novim portretima nekoga drugog hrvatskog sakralnog slikara, izrazili su u ime organizatora rektor Nacionalnog sveti\u0161ta sv. Josipa mons. Antun Sente ml. i predsjednica Udruge \u201eDr. Stjepan Kranj\u010di\u0107\u201c dr. sc. Tanja Baran. Okupljanima su pojasnili tijek izlo\u017ebenog projekta koji ve\u0107 15 godina kre\u0107e s Danima hrvatskih svetaca i bla\u017eenika iz Kri\u017eevaca, rodnoga grada tre\u0107ega hrvatskog sveca Marka Kri\u017eev\u010danina, i \u0161iri se po cijeloj zemlji. Likovni kriti\u010dar Stanko \u0160poljari\u0107 pribli\u017eio je estetsku dimenziju autori\u010dina realisti\u010dnoga likovnog rukopisa, dok je zadarska umjetnica Iris Mihatov Mio\u010di\u0107 govorila o razli\u010ditim slojevima svake umjetnine po kojima je uranjala u lik svakog sveca, bla\u017eenika ili sluge Bo\u017ejeg kojeg je stvarala. Uime doma\u0107ina kroz program je vodila kustosica Spomen-muzeja biskupa Josipa Jurja Strossmayera Irena Ivki\u0107.<\/p>\n\n\n\n<p>Izlo\u017eba \u0107e u \u0110akovu biti otvorena do kraja bo\u017ei\u0107noga vremena.<\/p>\n\n\n\n<figure class=\"wp-block-gallery has-nested-images columns-default is-cropped wp-block-gallery-1 is-layout-flex wp-block-gallery-is-layout-flex\">\n<figure class=\"wp-block-image size-large\"><a href=\"https:\/\/kranjcic.hr\/wp-content\/uploads\/2023\/12\/001-Skupna-1-scaled.jpg\"><img loading=\"lazy\" decoding=\"async\" width=\"1024\" height=\"622\" data-id=\"6193\" src=\"https:\/\/kranjcic.hr\/wp-content\/uploads\/2023\/12\/001-Skupna-1-1024x622.jpg\" alt=\"\" class=\"wp-image-6193\" srcset=\"https:\/\/kranjcic.hr\/wp-content\/uploads\/2023\/12\/001-Skupna-1-1024x622.jpg 1024w, https:\/\/kranjcic.hr\/wp-content\/uploads\/2023\/12\/001-Skupna-1-200x121.jpg 200w, https:\/\/kranjcic.hr\/wp-content\/uploads\/2023\/12\/001-Skupna-1-120x73.jpg 120w, https:\/\/kranjcic.hr\/wp-content\/uploads\/2023\/12\/001-Skupna-1-1536x933.jpg 1536w, https:\/\/kranjcic.hr\/wp-content\/uploads\/2023\/12\/001-Skupna-1-2048x1244.jpg 2048w\" sizes=\"auto, (max-width: 1024px) 100vw, 1024px\" \/><\/a><\/figure>\n\n\n\n<figure class=\"wp-block-image size-large\"><a href=\"https:\/\/kranjcic.hr\/wp-content\/uploads\/2023\/12\/002-Publika-1.jpg\"><img loading=\"lazy\" decoding=\"async\" width=\"1024\" height=\"683\" data-id=\"6191\" src=\"https:\/\/kranjcic.hr\/wp-content\/uploads\/2023\/12\/002-Publika-1-1024x683.jpg\" alt=\"\" class=\"wp-image-6191\" srcset=\"https:\/\/kranjcic.hr\/wp-content\/uploads\/2023\/12\/002-Publika-1-1024x683.jpg 1024w, https:\/\/kranjcic.hr\/wp-content\/uploads\/2023\/12\/002-Publika-1-200x133.jpg 200w, https:\/\/kranjcic.hr\/wp-content\/uploads\/2023\/12\/002-Publika-1-120x80.jpg 120w, https:\/\/kranjcic.hr\/wp-content\/uploads\/2023\/12\/002-Publika-1-1536x1024.jpg 1536w, https:\/\/kranjcic.hr\/wp-content\/uploads\/2023\/12\/002-Publika-1.jpg 1992w\" sizes=\"auto, (max-width: 1024px) 100vw, 1024px\" \/><\/a><\/figure>\n\n\n\n<figure class=\"wp-block-image size-large\"><a href=\"https:\/\/kranjcic.hr\/wp-content\/uploads\/2023\/12\/003-Publika-2.jpg\"><img loading=\"lazy\" decoding=\"async\" width=\"1024\" height=\"683\" data-id=\"6192\" src=\"https:\/\/kranjcic.hr\/wp-content\/uploads\/2023\/12\/003-Publika-2-1024x683.jpg\" alt=\"\" class=\"wp-image-6192\" srcset=\"https:\/\/kranjcic.hr\/wp-content\/uploads\/2023\/12\/003-Publika-2-1024x683.jpg 1024w, https:\/\/kranjcic.hr\/wp-content\/uploads\/2023\/12\/003-Publika-2-200x133.jpg 200w, https:\/\/kranjcic.hr\/wp-content\/uploads\/2023\/12\/003-Publika-2-120x80.jpg 120w, https:\/\/kranjcic.hr\/wp-content\/uploads\/2023\/12\/003-Publika-2-1536x1024.jpg 1536w, https:\/\/kranjcic.hr\/wp-content\/uploads\/2023\/12\/003-Publika-2.jpg 1992w\" sizes=\"auto, (max-width: 1024px) 100vw, 1024px\" \/><\/a><\/figure>\n<\/figure>\n","protected":false},"excerpt":{"rendered":"<p>\u201eProvodite istinski apostolat \u0161tovanja hrvatskih svetaca i bla\u017eenika, hvala vam na tome, hvala vam na izlo\u017ebi\u201c, rekao je organizatorima &#8211; otvaraju\u0107i izlo\u017ebu \u201eHrvatski sveci i bla\u017eenici u na\u0161em narodu\u201c akademske slikarice Iris Mihatov Mio\u010di\u0107 &#8211; pomo\u0107ni biskup \u0110akova\u010dko-osje\u010dke nadbiskupije mons. Ivan \u0106uri\u0107. Izlo\u017eba je otvorena u subotu 9. prosinca 2023.&hellip; <\/p>\n","protected":false},"author":1,"featured_media":6193,"comment_status":"closed","ping_status":"closed","sticky":false,"template":"","format":"standard","meta":{"footnotes":""},"categories":[89,92,18],"tags":[],"class_list":["post-6190","post","type-post","status-publish","format-standard","has-post-thumbnail","hentry","category-14-dani-hsib","category-92","category-zbivanja"],"_links":{"self":[{"href":"https:\/\/kranjcic.hr\/index.php?rest_route=\/wp\/v2\/posts\/6190","targetHints":{"allow":["GET"]}}],"collection":[{"href":"https:\/\/kranjcic.hr\/index.php?rest_route=\/wp\/v2\/posts"}],"about":[{"href":"https:\/\/kranjcic.hr\/index.php?rest_route=\/wp\/v2\/types\/post"}],"author":[{"embeddable":true,"href":"https:\/\/kranjcic.hr\/index.php?rest_route=\/wp\/v2\/users\/1"}],"replies":[{"embeddable":true,"href":"https:\/\/kranjcic.hr\/index.php?rest_route=%2Fwp%2Fv2%2Fcomments&post=6190"}],"version-history":[{"count":2,"href":"https:\/\/kranjcic.hr\/index.php?rest_route=\/wp\/v2\/posts\/6190\/revisions"}],"predecessor-version":[{"id":6195,"href":"https:\/\/kranjcic.hr\/index.php?rest_route=\/wp\/v2\/posts\/6190\/revisions\/6195"}],"wp:featuredmedia":[{"embeddable":true,"href":"https:\/\/kranjcic.hr\/index.php?rest_route=\/wp\/v2\/media\/6193"}],"wp:attachment":[{"href":"https:\/\/kranjcic.hr\/index.php?rest_route=%2Fwp%2Fv2%2Fmedia&parent=6190"}],"wp:term":[{"taxonomy":"category","embeddable":true,"href":"https:\/\/kranjcic.hr\/index.php?rest_route=%2Fwp%2Fv2%2Fcategories&post=6190"},{"taxonomy":"post_tag","embeddable":true,"href":"https:\/\/kranjcic.hr\/index.php?rest_route=%2Fwp%2Fv2%2Ftags&post=6190"}],"curies":[{"name":"wp","href":"https:\/\/api.w.org\/{rel}","templated":true}]}}