{"id":6197,"date":"2023-11-01T22:37:00","date_gmt":"2023-11-01T22:37:00","guid":{"rendered":"https:\/\/kranjcic.hr\/?p=6197"},"modified":"2024-01-09T13:42:06","modified_gmt":"2024-01-09T13:42:06","slug":"svi-sveti-na-kranjcicevu-grobu-u-krizevcima","status":"publish","type":"post","link":"https:\/\/kranjcic.hr\/?p=6197","title":{"rendered":"SVI SVETI NA KRANJ\u010cI\u0106EVU GROBU U KRI\u017dEVCIMA"},"content":{"rendered":"\n<p>Na svetkovinu Svih svetih 1. studenoga 2023. \u010dlanovi Udruge \u201eDr. Stjepan Kranj\u010di\u0107\u201d okupili su se nakon molitve pred sredi\u0161njim kri\u017eem, zajedno s ostalim vjernicima, na grobu dr. Stjepana Kranj\u010di\u0107a na kri\u017eeva\u010dkom Gradskom groblju. Uz pjev zbora \u017eupe sv. Ane Kri\u017eevci molili su i za otvorenje procesa za progla\u0161enje bla\u017eenim Stjepana Kranj\u010di\u0107a. Blagoslovni obred predvodio je pre\u010d. Stjepan Sovi\u010dek, \u017eupnik kri\u017eeva\u010dke \u017eupe sv. Ane i dekan Kri\u017eeva\u010dkoga dekanata.<\/p>\n\n\n\n<figure class=\"wp-block-gallery has-nested-images columns-default is-cropped wp-block-gallery-1 is-layout-flex wp-block-gallery-is-layout-flex\">\n<figure class=\"wp-block-image size-large\"><a href=\"https:\/\/kranjcic.hr\/wp-content\/uploads\/2024\/01\/IMG-20231101-WA000112.jpg\"><img loading=\"lazy\" decoding=\"async\" width=\"915\" height=\"847\" data-id=\"6198\" src=\"https:\/\/kranjcic.hr\/wp-content\/uploads\/2024\/01\/IMG-20231101-WA000112.jpg\" alt=\"\" class=\"wp-image-6198\" srcset=\"https:\/\/kranjcic.hr\/wp-content\/uploads\/2024\/01\/IMG-20231101-WA000112.jpg 915w, https:\/\/kranjcic.hr\/wp-content\/uploads\/2024\/01\/IMG-20231101-WA000112-162x150.jpg 162w, https:\/\/kranjcic.hr\/wp-content\/uploads\/2024\/01\/IMG-20231101-WA000112-120x111.jpg 120w\" sizes=\"auto, (max-width: 915px) 100vw, 915px\" \/><\/a><\/figure>\n\n\n\n<figure class=\"wp-block-image size-large\"><a href=\"https:\/\/kranjcic.hr\/wp-content\/uploads\/2024\/01\/IMG-20231101-WA00023.jpg\"><img loading=\"lazy\" decoding=\"async\" width=\"896\" height=\"932\" data-id=\"6199\" src=\"https:\/\/kranjcic.hr\/wp-content\/uploads\/2024\/01\/IMG-20231101-WA00023.jpg\" alt=\"\" class=\"wp-image-6199\" srcset=\"https:\/\/kranjcic.hr\/wp-content\/uploads\/2024\/01\/IMG-20231101-WA00023.jpg 896w, https:\/\/kranjcic.hr\/wp-content\/uploads\/2024\/01\/IMG-20231101-WA00023-144x150.jpg 144w, https:\/\/kranjcic.hr\/wp-content\/uploads\/2024\/01\/IMG-20231101-WA00023-115x120.jpg 115w\" sizes=\"auto, (max-width: 896px) 100vw, 896px\" \/><\/a><\/figure>\n\n\n\n<figure class=\"wp-block-image size-large\"><a href=\"https:\/\/kranjcic.hr\/wp-content\/uploads\/2024\/01\/IMG-20231101-WA00032.jpg\"><img loading=\"lazy\" decoding=\"async\" width=\"955\" height=\"929\" data-id=\"6200\" src=\"https:\/\/kranjcic.hr\/wp-content\/uploads\/2024\/01\/IMG-20231101-WA00032.jpg\" alt=\"\" class=\"wp-image-6200\" srcset=\"https:\/\/kranjcic.hr\/wp-content\/uploads\/2024\/01\/IMG-20231101-WA00032.jpg 955w, https:\/\/kranjcic.hr\/wp-content\/uploads\/2024\/01\/IMG-20231101-WA00032-154x150.jpg 154w, https:\/\/kranjcic.hr\/wp-content\/uploads\/2024\/01\/IMG-20231101-WA00032-120x117.jpg 120w\" sizes=\"auto, (max-width: 955px) 100vw, 955px\" \/><\/a><\/figure>\n\n\n\n<figure class=\"wp-block-image size-large\"><a href=\"https:\/\/kranjcic.hr\/wp-content\/uploads\/2024\/01\/svi-sveti-2023-1.jpg\"><img loading=\"lazy\" decoding=\"async\" width=\"1000\" height=\"665\" data-id=\"6201\" src=\"https:\/\/kranjcic.hr\/wp-content\/uploads\/2024\/01\/svi-sveti-2023-1.jpg\" alt=\"\" class=\"wp-image-6201\" srcset=\"https:\/\/kranjcic.hr\/wp-content\/uploads\/2024\/01\/svi-sveti-2023-1.jpg 1000w, https:\/\/kranjcic.hr\/wp-content\/uploads\/2024\/01\/svi-sveti-2023-1-200x133.jpg 200w, https:\/\/kranjcic.hr\/wp-content\/uploads\/2024\/01\/svi-sveti-2023-1-120x80.jpg 120w\" sizes=\"auto, (max-width: 1000px) 100vw, 1000px\" \/><\/a><\/figure>\n<\/figure>\n","protected":false},"excerpt":{"rendered":"<p>Na svetkovinu Svih svetih 1. studenoga 2023. \u010dlanovi Udruge \u201eDr. Stjepan Kranj\u010di\u0107\u201d okupili su se nakon molitve pred sredi\u0161njim kri\u017eem, zajedno s ostalim vjernicima, na grobu dr. Stjepana Kranj\u010di\u0107a na kri\u017eeva\u010dkom Gradskom groblju. Uz pjev zbora \u017eupe sv. Ane Kri\u017eevci molili su i za otvorenje procesa za progla\u0161enje bla\u017eenim Stjepana&hellip; <\/p>\n","protected":false},"author":1,"featured_media":6201,"comment_status":"closed","ping_status":"closed","sticky":false,"template":"","format":"standard","meta":{"footnotes":""},"categories":[92,17],"tags":[],"class_list":["post-6197","post","type-post","status-publish","format-standard","has-post-thumbnail","hentry","category-92","category-svi-sveti"],"_links":{"self":[{"href":"https:\/\/kranjcic.hr\/index.php?rest_route=\/wp\/v2\/posts\/6197","targetHints":{"allow":["GET"]}}],"collection":[{"href":"https:\/\/kranjcic.hr\/index.php?rest_route=\/wp\/v2\/posts"}],"about":[{"href":"https:\/\/kranjcic.hr\/index.php?rest_route=\/wp\/v2\/types\/post"}],"author":[{"embeddable":true,"href":"https:\/\/kranjcic.hr\/index.php?rest_route=\/wp\/v2\/users\/1"}],"replies":[{"embeddable":true,"href":"https:\/\/kranjcic.hr\/index.php?rest_route=%2Fwp%2Fv2%2Fcomments&post=6197"}],"version-history":[{"count":1,"href":"https:\/\/kranjcic.hr\/index.php?rest_route=\/wp\/v2\/posts\/6197\/revisions"}],"predecessor-version":[{"id":6202,"href":"https:\/\/kranjcic.hr\/index.php?rest_route=\/wp\/v2\/posts\/6197\/revisions\/6202"}],"wp:featuredmedia":[{"embeddable":true,"href":"https:\/\/kranjcic.hr\/index.php?rest_route=\/wp\/v2\/media\/6201"}],"wp:attachment":[{"href":"https:\/\/kranjcic.hr\/index.php?rest_route=%2Fwp%2Fv2%2Fmedia&parent=6197"}],"wp:term":[{"taxonomy":"category","embeddable":true,"href":"https:\/\/kranjcic.hr\/index.php?rest_route=%2Fwp%2Fv2%2Fcategories&post=6197"},{"taxonomy":"post_tag","embeddable":true,"href":"https:\/\/kranjcic.hr\/index.php?rest_route=%2Fwp%2Fv2%2Ftags&post=6197"}],"curies":[{"name":"wp","href":"https:\/\/api.w.org\/{rel}","templated":true}]}}