{"id":6236,"date":"2024-04-11T17:16:12","date_gmt":"2024-04-11T17:16:12","guid":{"rendered":"https:\/\/kranjcic.hr\/?p=6236"},"modified":"2024-04-11T17:19:34","modified_gmt":"2024-04-11T17:19:34","slug":"odrzana-spomen-svecanost-56-godisnjice-smrti-stjepana-kranjcica","status":"publish","type":"post","link":"https:\/\/kranjcic.hr\/?p=6236","title":{"rendered":"ODR\u017dANA SPOMEN-SVE\u010cANOST 56. GODI\u0160NJICE SMRTI STJEPANA KRANJ\u010cI\u0106A"},"content":{"rendered":"\n<p>U Kri\u017eevcima je u srijedu 10. travnja 2024. odr\u017eana spomen-sve\u010danost 56. godi\u0161njice smrti kri\u017eeva\u010dkoga \u017eupnika na glasu svetosti Stjepana Kranj\u010di\u0107a (Petrijanec, 5. 12. 1918. \u2013 Rim, 10. 4. 1968.).<\/p>\n\n\n\n<p>Sve\u010danost je zapo\u010dela molitvom na Kranj\u010di\u0107evu grobu na kri\u017eeva\u010dkom gradskom groblju koju je predvodio \u017eupnik \u017eupe sv. Ane pre\u010d. Stjepan Sovi\u010dek.<\/p>\n\n\n\n<p>Zatim je kra\u0161i\u0107ki \u017eupnik vl\u010d. Ivan Vu\u010dak u crkvi sv. Ane predvodio &nbsp;euharistijsko slavlje posve\u0107eno Stjepanu Kranj\u010di\u0107u. Uz doma\u0107ina \u017eupnika Sovi\u010deka, koncelebrirao je pre\u010d. Ivan Saka\u010d, \u017eupnik iz Petrijanca, odakle je Stjepan Kranj\u010di\u0107 bio rodom. Uvodno je predslavitelj mise izrazio radost \u0161to se u drevnim Kri\u017eevcima obilje\u017eava 56. godi\u0161njica ro\u0111enja za Nebo Stjepana Kranj\u010di\u0107a, i to u uskrsnom vremenu koje podsje\u0107a na to da smrt nema posljednju rije\u010d, da je smrt zarez, a ne to\u010dka. U propovijedi je vl\u010d. Vu\u010dak istaknuo da je divno slaviti Boga kroz njegove svece jer sami sveci nisu Bog, ali su slavili Boga. Zaklju\u010dio je da su sveci poput Kranj\u010di\u0107a Bogu na slavu, a ljudima na korist.&nbsp;&nbsp;<\/p>\n\n\n\n<p>Uslijedilo je predavanje \u201eStjepan Kranj\u010di\u0107 \u2013 vojnik Stepin\u010deve vojske\u201c \u2013 Poveznice bl. Alojzija Stepinca i Stjepana Kranj\u010di\u0107a. I o to je temi govorio predvoditelj mise vl\u010d. Vu\u010dak. Posebno se osvrnuo na odnos bl. Stepinca i njegovih sve\u0107enika me\u0111u kojima su najistaknutiji bili kra\u0161i\u0107ki \u017eupnik Josip Vranekovi\u0107, kardinal Franjo Kuhari\u0107 i kri\u017eeva\u010dki \u017eupnik Stjepan Kranj\u010di\u0107. \u201eOni su se nadahnjivali na jakosti Stepin\u010deve vjere. Kuhari\u0107 i Kranj\u010di\u0107 zajedno su posje\u0107ivali Stepinca. Tko zna bi li sva trojica i Vranekovi\u0107, i Kuhari\u0107, i Kranj\u010di\u0107 uspjeli da nije bilo Stepinca\u201c, zapitao se vl\u010d. Vu\u010dak i naglasio da se iz Kranj\u010di\u0107eva \u017eivota prepoznaje da je bio Stepin\u010dev sve\u0107enik. \u201ePoniznost je odlika svetosti. A Kranj\u010di\u0107 je bespogovorno prihvatio svaku slu\u017ebu koju mu je dao Stepinac. Obojica su, i Stepinac i Kranj\u010di\u0107, proiza\u0161li iz iste ljubavi za Isusa Krista\u201c, zaklju\u010dio je vl\u010d. Vu\u010dak.<\/p>\n\n\n\n<p>Organizatori proslave Kranj\u010di\u0107eva spomendana bili su Udruga za promicanje znamenitih Kri\u017eev\u010dana \u201eDr. Stjepan Kranj\u010di\u0107\u201c i kri\u017eeva\u010dke \u017eupe sv. Ane te BDM \u017dalosne i sv. Marka Kri\u017eev\u010danina. Sve\u010danost je odr\u017eana kao dio programa Dana grada Kri\u017eevaca.<\/p>\n\n\n\n<figure class=\"wp-block-gallery has-nested-images columns-default is-cropped wp-block-gallery-1 is-layout-flex wp-block-gallery-is-layout-flex\">\n<figure class=\"wp-block-image size-large\"><a href=\"https:\/\/kranjcic.hr\/wp-content\/uploads\/2024\/04\/001-Skupna.jpg\"><img loading=\"lazy\" decoding=\"async\" width=\"1024\" height=\"607\" data-id=\"6242\" src=\"https:\/\/kranjcic.hr\/wp-content\/uploads\/2024\/04\/001-Skupna-1024x607.jpg\" alt=\"\" class=\"wp-image-6242\" srcset=\"https:\/\/kranjcic.hr\/wp-content\/uploads\/2024\/04\/001-Skupna-1024x607.jpg 1024w, https:\/\/kranjcic.hr\/wp-content\/uploads\/2024\/04\/001-Skupna-200x119.jpg 200w, https:\/\/kranjcic.hr\/wp-content\/uploads\/2024\/04\/001-Skupna-120x71.jpg 120w, https:\/\/kranjcic.hr\/wp-content\/uploads\/2024\/04\/001-Skupna-1536x911.jpg 1536w, https:\/\/kranjcic.hr\/wp-content\/uploads\/2024\/04\/001-Skupna.jpg 1888w\" sizes=\"auto, (max-width: 1024px) 100vw, 1024px\" \/><\/a><\/figure>\n\n\n\n<figure class=\"wp-block-image size-large\"><a href=\"https:\/\/kranjcic.hr\/wp-content\/uploads\/2024\/04\/002-Na-grobu-Stjepana-Kranjcica-10.-4.-2024.jpg\"><img loading=\"lazy\" decoding=\"async\" width=\"1024\" height=\"682\" data-id=\"6241\" src=\"https:\/\/kranjcic.hr\/wp-content\/uploads\/2024\/04\/002-Na-grobu-Stjepana-Kranjcica-10.-4.-2024-1024x682.jpg\" alt=\"\" class=\"wp-image-6241\" srcset=\"https:\/\/kranjcic.hr\/wp-content\/uploads\/2024\/04\/002-Na-grobu-Stjepana-Kranjcica-10.-4.-2024-1024x682.jpg 1024w, https:\/\/kranjcic.hr\/wp-content\/uploads\/2024\/04\/002-Na-grobu-Stjepana-Kranjcica-10.-4.-2024-200x133.jpg 200w, https:\/\/kranjcic.hr\/wp-content\/uploads\/2024\/04\/002-Na-grobu-Stjepana-Kranjcica-10.-4.-2024-120x80.jpg 120w, https:\/\/kranjcic.hr\/wp-content\/uploads\/2024\/04\/002-Na-grobu-Stjepana-Kranjcica-10.-4.-2024-1536x1022.jpg 1536w, https:\/\/kranjcic.hr\/wp-content\/uploads\/2024\/04\/002-Na-grobu-Stjepana-Kranjcica-10.-4.-2024.jpg 2016w\" sizes=\"auto, (max-width: 1024px) 100vw, 1024px\" \/><\/a><\/figure>\n\n\n\n<figure class=\"wp-block-image size-large\"><a href=\"https:\/\/kranjcic.hr\/wp-content\/uploads\/2024\/04\/003-Vlc.-Ivan-Vucak-propovijeda.jpg\"><img loading=\"lazy\" decoding=\"async\" width=\"1024\" height=\"768\" data-id=\"6239\" src=\"https:\/\/kranjcic.hr\/wp-content\/uploads\/2024\/04\/003-Vlc.-Ivan-Vucak-propovijeda-1024x768.jpg\" alt=\"\" class=\"wp-image-6239\" srcset=\"https:\/\/kranjcic.hr\/wp-content\/uploads\/2024\/04\/003-Vlc.-Ivan-Vucak-propovijeda-1024x768.jpg 1024w, https:\/\/kranjcic.hr\/wp-content\/uploads\/2024\/04\/003-Vlc.-Ivan-Vucak-propovijeda-200x150.jpg 200w, https:\/\/kranjcic.hr\/wp-content\/uploads\/2024\/04\/003-Vlc.-Ivan-Vucak-propovijeda-120x90.jpg 120w, https:\/\/kranjcic.hr\/wp-content\/uploads\/2024\/04\/003-Vlc.-Ivan-Vucak-propovijeda.jpg 1400w\" sizes=\"auto, (max-width: 1024px) 100vw, 1024px\" \/><\/a><\/figure>\n\n\n\n<figure class=\"wp-block-image size-large\"><a href=\"https:\/\/kranjcic.hr\/wp-content\/uploads\/2024\/04\/004-Misa.jpg\"><img loading=\"lazy\" decoding=\"async\" width=\"1024\" height=\"768\" data-id=\"6244\" src=\"https:\/\/kranjcic.hr\/wp-content\/uploads\/2024\/04\/004-Misa-1024x768.jpg\" alt=\"\" class=\"wp-image-6244\" srcset=\"https:\/\/kranjcic.hr\/wp-content\/uploads\/2024\/04\/004-Misa-1024x768.jpg 1024w, https:\/\/kranjcic.hr\/wp-content\/uploads\/2024\/04\/004-Misa-200x150.jpg 200w, https:\/\/kranjcic.hr\/wp-content\/uploads\/2024\/04\/004-Misa-120x90.jpg 120w, https:\/\/kranjcic.hr\/wp-content\/uploads\/2024\/04\/004-Misa.jpg 1400w\" sizes=\"auto, (max-width: 1024px) 100vw, 1024px\" \/><\/a><\/figure>\n\n\n\n<figure class=\"wp-block-image size-large\"><a href=\"https:\/\/kranjcic.hr\/wp-content\/uploads\/2024\/04\/005-Vjernici.jpg\"><img loading=\"lazy\" decoding=\"async\" width=\"1024\" height=\"682\" data-id=\"6237\" src=\"https:\/\/kranjcic.hr\/wp-content\/uploads\/2024\/04\/005-Vjernici-1024x682.jpg\" alt=\"\" class=\"wp-image-6237\" srcset=\"https:\/\/kranjcic.hr\/wp-content\/uploads\/2024\/04\/005-Vjernici-1024x682.jpg 1024w, https:\/\/kranjcic.hr\/wp-content\/uploads\/2024\/04\/005-Vjernici-200x133.jpg 200w, https:\/\/kranjcic.hr\/wp-content\/uploads\/2024\/04\/005-Vjernici-120x80.jpg 120w, https:\/\/kranjcic.hr\/wp-content\/uploads\/2024\/04\/005-Vjernici-1536x1023.jpg 1536w, https:\/\/kranjcic.hr\/wp-content\/uploads\/2024\/04\/005-Vjernici.jpg 1694w\" sizes=\"auto, (max-width: 1024px) 100vw, 1024px\" \/><\/a><\/figure>\n\n\n\n<figure class=\"wp-block-image size-large\"><a href=\"https:\/\/kranjcic.hr\/wp-content\/uploads\/2024\/04\/006-Vlc.-Ivan-Vucak-drzi-predavanje.jpg\"><img loading=\"lazy\" decoding=\"async\" width=\"1024\" height=\"768\" data-id=\"6238\" src=\"https:\/\/kranjcic.hr\/wp-content\/uploads\/2024\/04\/006-Vlc.-Ivan-Vucak-drzi-predavanje-1024x768.jpg\" alt=\"\" class=\"wp-image-6238\" srcset=\"https:\/\/kranjcic.hr\/wp-content\/uploads\/2024\/04\/006-Vlc.-Ivan-Vucak-drzi-predavanje-1024x768.jpg 1024w, https:\/\/kranjcic.hr\/wp-content\/uploads\/2024\/04\/006-Vlc.-Ivan-Vucak-drzi-predavanje-200x150.jpg 200w, https:\/\/kranjcic.hr\/wp-content\/uploads\/2024\/04\/006-Vlc.-Ivan-Vucak-drzi-predavanje-120x90.jpg 120w, https:\/\/kranjcic.hr\/wp-content\/uploads\/2024\/04\/006-Vlc.-Ivan-Vucak-drzi-predavanje-1536x1152.jpg 1536w, https:\/\/kranjcic.hr\/wp-content\/uploads\/2024\/04\/006-Vlc.-Ivan-Vucak-drzi-predavanje.jpg 1600w\" sizes=\"auto, (max-width: 1024px) 100vw, 1024px\" \/><\/a><\/figure>\n\n\n\n<figure class=\"wp-block-image size-large\"><a href=\"https:\/\/kranjcic.hr\/wp-content\/uploads\/2024\/04\/007-Grob-Stjepana-Kranjcica.jpg\"><img loading=\"lazy\" decoding=\"async\" width=\"1024\" height=\"682\" data-id=\"6240\" src=\"https:\/\/kranjcic.hr\/wp-content\/uploads\/2024\/04\/007-Grob-Stjepana-Kranjcica-1024x682.jpg\" alt=\"\" class=\"wp-image-6240\" srcset=\"https:\/\/kranjcic.hr\/wp-content\/uploads\/2024\/04\/007-Grob-Stjepana-Kranjcica-1024x682.jpg 1024w, https:\/\/kranjcic.hr\/wp-content\/uploads\/2024\/04\/007-Grob-Stjepana-Kranjcica-200x133.jpg 200w, https:\/\/kranjcic.hr\/wp-content\/uploads\/2024\/04\/007-Grob-Stjepana-Kranjcica-120x80.jpg 120w, https:\/\/kranjcic.hr\/wp-content\/uploads\/2024\/04\/007-Grob-Stjepana-Kranjcica-1536x1023.jpg 1536w, https:\/\/kranjcic.hr\/wp-content\/uploads\/2024\/04\/007-Grob-Stjepana-Kranjcica.jpg 1694w\" sizes=\"auto, (max-width: 1024px) 100vw, 1024px\" \/><\/a><\/figure>\n\n\n\n<figure class=\"wp-block-image size-large\"><a href=\"https:\/\/kranjcic.hr\/wp-content\/uploads\/2024\/03\/Kranjcicevo-2024.-plakat-scaled.jpg\"><img loading=\"lazy\" decoding=\"async\" width=\"717\" height=\"1024\" data-id=\"6230\" src=\"https:\/\/kranjcic.hr\/wp-content\/uploads\/2024\/03\/Kranjcicevo-2024.-plakat-717x1024.jpg\" alt=\"\" class=\"wp-image-6230\" srcset=\"https:\/\/kranjcic.hr\/wp-content\/uploads\/2024\/03\/Kranjcicevo-2024.-plakat-717x1024.jpg 717w, https:\/\/kranjcic.hr\/wp-content\/uploads\/2024\/03\/Kranjcicevo-2024.-plakat-105x150.jpg 105w, https:\/\/kranjcic.hr\/wp-content\/uploads\/2024\/03\/Kranjcicevo-2024.-plakat-84x120.jpg 84w, https:\/\/kranjcic.hr\/wp-content\/uploads\/2024\/03\/Kranjcicevo-2024.-plakat-1075x1536.jpg 1075w, https:\/\/kranjcic.hr\/wp-content\/uploads\/2024\/03\/Kranjcicevo-2024.-plakat-1434x2048.jpg 1434w, https:\/\/kranjcic.hr\/wp-content\/uploads\/2024\/03\/Kranjcicevo-2024.-plakat-scaled.jpg 1792w\" sizes=\"auto, (max-width: 717px) 100vw, 717px\" \/><\/a><\/figure>\n<\/figure>\n","protected":false},"excerpt":{"rendered":"<p>U Kri\u017eevcima je u srijedu 10. travnja 2024. odr\u017eana spomen-sve\u010danost 56. godi\u0161njice smrti kri\u017eeva\u010dkoga \u017eupnika na glasu svetosti Stjepana Kranj\u010di\u0107a (Petrijanec, 5. 12. 1918. \u2013 Rim, 10. 4. 1968.). Sve\u010danost je zapo\u010dela molitvom na Kranj\u010di\u0107evu grobu na kri\u017eeva\u010dkom gradskom groblju koju je predvodio \u017eupnik \u017eupe sv. Ane pre\u010d. Stjepan Sovi\u010dek.&hellip; <\/p>\n","protected":false},"author":1,"featured_media":6242,"comment_status":"closed","ping_status":"closed","sticky":false,"template":"","format":"standard","meta":{"footnotes":""},"categories":[96,35],"tags":[],"class_list":["post-6236","post","type-post","status-publish","format-standard","has-post-thumbnail","hentry","category-96","category-kranjcicevo"],"_links":{"self":[{"href":"https:\/\/kranjcic.hr\/index.php?rest_route=\/wp\/v2\/posts\/6236","targetHints":{"allow":["GET"]}}],"collection":[{"href":"https:\/\/kranjcic.hr\/index.php?rest_route=\/wp\/v2\/posts"}],"about":[{"href":"https:\/\/kranjcic.hr\/index.php?rest_route=\/wp\/v2\/types\/post"}],"author":[{"embeddable":true,"href":"https:\/\/kranjcic.hr\/index.php?rest_route=\/wp\/v2\/users\/1"}],"replies":[{"embeddable":true,"href":"https:\/\/kranjcic.hr\/index.php?rest_route=%2Fwp%2Fv2%2Fcomments&post=6236"}],"version-history":[{"count":3,"href":"https:\/\/kranjcic.hr\/index.php?rest_route=\/wp\/v2\/posts\/6236\/revisions"}],"predecessor-version":[{"id":6247,"href":"https:\/\/kranjcic.hr\/index.php?rest_route=\/wp\/v2\/posts\/6236\/revisions\/6247"}],"wp:featuredmedia":[{"embeddable":true,"href":"https:\/\/kranjcic.hr\/index.php?rest_route=\/wp\/v2\/media\/6242"}],"wp:attachment":[{"href":"https:\/\/kranjcic.hr\/index.php?rest_route=%2Fwp%2Fv2%2Fmedia&parent=6236"}],"wp:term":[{"taxonomy":"category","embeddable":true,"href":"https:\/\/kranjcic.hr\/index.php?rest_route=%2Fwp%2Fv2%2Fcategories&post=6236"},{"taxonomy":"post_tag","embeddable":true,"href":"https:\/\/kranjcic.hr\/index.php?rest_route=%2Fwp%2Fv2%2Ftags&post=6236"}],"curies":[{"name":"wp","href":"https:\/\/api.w.org\/{rel}","templated":true}]}}