{"id":6303,"date":"2024-05-14T19:24:55","date_gmt":"2024-05-14T19:24:55","guid":{"rendered":"https:\/\/kranjcic.hr\/?p=6303"},"modified":"2024-05-14T19:26:14","modified_gmt":"2024-05-14T19:26:14","slug":"16-dani-hrvatskih-svetaca-i-blazenika-od-23-do-26-svibnja-2024-u-krizevcima","status":"publish","type":"post","link":"https:\/\/kranjcic.hr\/?p=6303","title":{"rendered":"16. DANI HRVATSKIH SVETACA I BLA\u017dENIKA \u2013 OD 23. DO 26. SVIBNJA 2024. U KRI\u017dEVCIMA"},"content":{"rendered":"\n<p>U Kri\u017eevcima \u0107e od \u010detvrtka 23. do nedjelje 26. svibnja 2024. biti odr\u017eani 16. Dani hrvatskih svetaca i bla\u017eenika. Pretprogramom i misnim slavljem ove \u0107e godine biti tematizirani sv. Marko Kri\u017eev\u010danin, bl. Alojzije Stepinac, \u010dasni sluga Bo\u017eji Ante Tomi\u010di\u0107 i bl. Katarina Kosa\u010da Kotromani\u0107. Kulturni dio programa sastojat \u0107e se od likovne izlo\u017ebe, okrugloga stola, projekcije dokumentarnoga filma i prezentacije hrvatskih svetaca i bla\u017eenika prikazanih umjetnom inteligencijom.<\/p>\n\n\n\n<p>Manifestacija \u0107e zapo\u010deti u \u010detvrtak 23. svibnja u 18.30 sati u kri\u017eeva\u010dkoj \u017eupnoj crkvi sv. Ane sve\u010dano\u0161\u0107u otvorenja Dana u kojoj \u0107e sudjelovati obojica kri\u017eeva\u010dkih \u017eupnika pre\u010d. Stjepan Sovi\u010dek i vl\u010d. Kristijan Bogdan. Taj je prvi dan posve\u0107en sv. Marku Kri\u017eev\u010daninu i molitveni \u0107e, knji\u017eevni i glazbeni program njemu u \u010dast izvesti \u010dlanovi Udruge za promicanje znamenitih Kri\u017eev\u010dana \u201eDr. Stjepan Kranj\u010di\u0107\u201c uz voditeljicu Danijelu Zagorec. Misno \u0107e slavlje u 19.00 sati predvoditi kri\u017eeva\u010dki vladika mons. Milan Stipi\u0107, a pjevat \u0107e zbor mladih \u201eAgape\u201c Nacionalnog sveti\u0161ta sv. Josipa iz Karlovca. Nakon mise u Gradskoj \u0107e galeriji od 20.15 sati biti odr\u017ean program pod nazivom \u201eHrvatski sveci i bla\u017eenici u na\u0161em narodu\u201c u sklopu kojeg \u0107e biti otvorena izlo\u017eba akrilika na platnu s portretima hrvatskih svetaca i bla\u017eenika akademskog slikara Branimira Doroti\u0107a. U sve\u010danosti otvorenja sudjelovat \u0107e ravnateljica Gradskoga muzeja u Kri\u017eevcima Tea Hatadi, rektor Nacionalnoga sveti\u0161ta sv. Josipa mons. Antun Sente ml., koje i organizira izlo\u017ebu, zatim likovni kriti\u010dar Stanko \u0160poljari\u0107 te autor. U glazbenom programu nastupit \u0107e zbor \u201eAgape\u201c. Izlo\u017ebu, koja ostaje otvorena do 9. lipnja, otvorit \u0107e kri\u017eeva\u010dki vladika mons. Milan Stipi\u0107. Moderatorica je Tanja Baran, predsjednica Udruge za promicanje znamenitih Kri\u017eev\u010dana \u201eDr. Stjepan Kranj\u010di\u0107\u201c.<\/p>\n\n\n\n<p>Drugi dan manifestacije, petak 24. svibnja, bit \u0107e u \u010dast bl. Alojzija Stepinca. Molitveni, knji\u017eevni i glazbeni program u 18.30 sati u crkvi sv. Aneizvest \u0107e Udruga \u201ePasionska ba\u0161tina\u201c predvo\u0111ena predsjednicom Evom Kirchmayer Bili\u0107. Nakon toga \u0107e u 19.00 sati misno slavlje predvoditi vicepostulator za kauze beatifikacije i kanonizacije Zagreba\u010dke nadbiskupije mr. sc. pre\u010d. Tomislav Ha\u010dko. Pjevat \u0107e bend \u201e\u017divim\u201c. Od 20.00 sati odr\u017eava se okrugli stol \u201eBl. Alojzije Stepinac i mladi\u201c. Sudjelovat \u0107e novinar Glasa Koncila i doktorand Marino Erceg, glazbenik i glumac Matija Antoli\u0107 te sveu\u010dili\u0161na profesorica, pijanistica Eva Kirchmayer Bili\u0107. Moderirat \u0107e novinar Glasa Koncila Ivan Ta\u0161ev.<\/p>\n\n\n\n<p>Tre\u0107ega dana, u subotu 25. svibnja, program \u0107e biti posve\u0107en \u010dasnom sluzi Bo\u017ejem fra Anti Tomi\u010di\u0107u. Pretprogram \u0107e u crkvi sv. Ane od 18.30 sati izvesti Franjeva\u010dki svjetovni red i Frama \u017eupe sv. Leopolda Bogdana Mandi\u0107a iz Gornje Dubrave u Zagrebu uz voditeljicu Dubravku Rovi\u010danac. Misu \u0107e predslaviti oci kapucini, predvodit \u0107e gvardijan i \u017eupnik \u017eupe sv. Mihaela iz zagreba\u010dke Donje Dubrave fra Goran Rukavina, a propovijedati fra Jure \u0160ar\u010devi\u0107. Pjevat \u0107e zbor \u017eupe sv. Ane Kri\u017eevci. Nakon toga \u0107e od 20.00 sati biti odr\u017eana projekcija dokumentarnoga filma posve\u0107enog \u010dasnom sluzi Bo\u017ejem fra Anti Tomi\u010di\u0107u \u201eSvjedoci o Svjedoku\u201c autorice Irene Hrvatin, iz produkcije Medije Art.<\/p>\n\n\n\n<p>Posljednjega \u010detvrtoga dana manifestacije, u nedjelju 26. svibnja, program \u0107e biti posve\u0107en bosanskoj kraljici bl. Katarini Kosa\u010di Kotromani\u0107. Molitveni, knji\u017eevni i glazbeni program njoj u \u010dast od 09.30 \u0107e sati u crkvi sv. Ane izvesti ministar Tre\u0107ega franjeva\u010dkog reda Bosne Srebrene Marijan Begi\u0107 i definitor i duhovni asistent Franjeva\u010dkoga svjetovnog reda fra Miro Relota. Misu \u0107e u 10.00 sati slaviti provincijal provincijal franjeva\u010dke provincije Bosne Srebrene fra Zdravko Dadi\u0107. Pjevat \u0107e dje\u010dji zbor \u017eupe sv. Ane Kri\u017eevci. Nakon mise bit \u0107e prikazana digitalna galerija hrvatskih svetaca i bla\u017eenika prikazanih umjetnom inteligencijomautora Zorana Rajna, predsjednika Centra za dru\u0161tvene inovacije i odr\u017eivi razvoj te direktora me\u0111unarodne crowdfunding platforme Bona Fides Invest.&nbsp;&nbsp;<\/p>\n\n\n\n<p>\u010cetverodnevnu manifestaciju 16. Dane hrvatskih svetaca i bla\u017eenika, pod pokroviteljstvom Bjelovarsko-kri\u017eeva\u010dke biskupije te uz potporu Grada Kri\u017eevaca, portala prigorski.hr, Hrvatske katoli\u010dke mre\u017ee, Radio Marije i Glasa Koncila, u zajedni\u0161tvu organiziraju Udruga za promicanje znamenitih Kri\u017eev\u010dana \u201eDr. Stjepan Kranj\u010di\u0107\u201c te kri\u017eeva\u010dke \u017eupe sv. Ane i BDM \u017dalosne i sv. Marka Kri\u017eev\u010danina. Suradnici su Nacionalno sveti\u0161te sv. Josipa Karlovac i Gradski muzej Kri\u017eevci.<\/p>\n\n\n\n<p>Cjelokupan \u0107e se program u sve dane mo\u0107i pratiti u\u017eivo preko facebooka portala prigorski.hr, Hrvatskoga katoli\u010dkog radija, Radio Marije i Glasa Koncila.<\/p>\n\n\n\n<figure class=\"wp-block-gallery has-nested-images columns-default wp-block-gallery-1 is-layout-flex wp-block-gallery-is-layout-flex\">\n<figure class=\"wp-block-image size-large\"><a href=\"https:\/\/kranjcic.hr\/wp-content\/uploads\/2024\/05\/16.-Dani-HSIB-2024.-plakat-scaled.jpg\"><img loading=\"lazy\" decoding=\"async\" width=\"717\" height=\"1024\" data-id=\"6308\" src=\"https:\/\/kranjcic.hr\/wp-content\/uploads\/2024\/05\/16.-Dani-HSIB-2024.-plakat-717x1024.jpg\" alt=\"\" class=\"wp-image-6308\" srcset=\"https:\/\/kranjcic.hr\/wp-content\/uploads\/2024\/05\/16.-Dani-HSIB-2024.-plakat-717x1024.jpg 717w, https:\/\/kranjcic.hr\/wp-content\/uploads\/2024\/05\/16.-Dani-HSIB-2024.-plakat-105x150.jpg 105w, https:\/\/kranjcic.hr\/wp-content\/uploads\/2024\/05\/16.-Dani-HSIB-2024.-plakat-84x120.jpg 84w, https:\/\/kranjcic.hr\/wp-content\/uploads\/2024\/05\/16.-Dani-HSIB-2024.-plakat-1075x1536.jpg 1075w, https:\/\/kranjcic.hr\/wp-content\/uploads\/2024\/05\/16.-Dani-HSIB-2024.-plakat-1434x2048.jpg 1434w, https:\/\/kranjcic.hr\/wp-content\/uploads\/2024\/05\/16.-Dani-HSIB-2024.-plakat-scaled.jpg 1792w\" sizes=\"auto, (max-width: 717px) 100vw, 717px\" \/><\/a><\/figure>\n\n\n\n<figure class=\"wp-block-image size-large\"><a href=\"https:\/\/kranjcic.hr\/wp-content\/uploads\/2024\/05\/16.-Dani-HSIB-2024.-pozivnica-vanjska.jpg\"><img loading=\"lazy\" decoding=\"async\" width=\"975\" height=\"1024\" data-id=\"6306\" src=\"https:\/\/kranjcic.hr\/wp-content\/uploads\/2024\/05\/16.-Dani-HSIB-2024.-pozivnica-vanjska-975x1024.jpg\" alt=\"\" class=\"wp-image-6306\" srcset=\"https:\/\/kranjcic.hr\/wp-content\/uploads\/2024\/05\/16.-Dani-HSIB-2024.-pozivnica-vanjska-975x1024.jpg 975w, https:\/\/kranjcic.hr\/wp-content\/uploads\/2024\/05\/16.-Dani-HSIB-2024.-pozivnica-vanjska-143x150.jpg 143w, https:\/\/kranjcic.hr\/wp-content\/uploads\/2024\/05\/16.-Dani-HSIB-2024.-pozivnica-vanjska-114x120.jpg 114w, https:\/\/kranjcic.hr\/wp-content\/uploads\/2024\/05\/16.-Dani-HSIB-2024.-pozivnica-vanjska.jpg 1181w\" sizes=\"auto, (max-width: 975px) 100vw, 975px\" \/><\/a><\/figure>\n\n\n\n<figure class=\"wp-block-image size-large\"><a href=\"https:\/\/kranjcic.hr\/wp-content\/uploads\/2024\/05\/16.-Dani-HSIB-2024.-pozivnica-unutranja.jpg\"><img loading=\"lazy\" decoding=\"async\" width=\"975\" height=\"1024\" data-id=\"6304\" src=\"https:\/\/kranjcic.hr\/wp-content\/uploads\/2024\/05\/16.-Dani-HSIB-2024.-pozivnica-unutranja-975x1024.jpg\" alt=\"\" class=\"wp-image-6304\" srcset=\"https:\/\/kranjcic.hr\/wp-content\/uploads\/2024\/05\/16.-Dani-HSIB-2024.-pozivnica-unutranja-975x1024.jpg 975w, https:\/\/kranjcic.hr\/wp-content\/uploads\/2024\/05\/16.-Dani-HSIB-2024.-pozivnica-unutranja-143x150.jpg 143w, https:\/\/kranjcic.hr\/wp-content\/uploads\/2024\/05\/16.-Dani-HSIB-2024.-pozivnica-unutranja-114x120.jpg 114w, https:\/\/kranjcic.hr\/wp-content\/uploads\/2024\/05\/16.-Dani-HSIB-2024.-pozivnica-unutranja.jpg 1181w\" sizes=\"auto, (max-width: 975px) 100vw, 975px\" \/><\/a><\/figure>\n\n\n\n<figure class=\"wp-block-image size-large\"><a href=\"https:\/\/kranjcic.hr\/wp-content\/uploads\/2024\/05\/16.-Dani-HSIB-2024.-program-vanjska.jpg\"><img loading=\"lazy\" decoding=\"async\" width=\"1024\" height=\"717\" data-id=\"6307\" src=\"https:\/\/kranjcic.hr\/wp-content\/uploads\/2024\/05\/16.-Dani-HSIB-2024.-program-vanjska-1024x717.jpg\" alt=\"\" class=\"wp-image-6307\" srcset=\"https:\/\/kranjcic.hr\/wp-content\/uploads\/2024\/05\/16.-Dani-HSIB-2024.-program-vanjska-1024x717.jpg 1024w, https:\/\/kranjcic.hr\/wp-content\/uploads\/2024\/05\/16.-Dani-HSIB-2024.-program-vanjska-200x140.jpg 200w, https:\/\/kranjcic.hr\/wp-content\/uploads\/2024\/05\/16.-Dani-HSIB-2024.-program-vanjska-120x84.jpg 120w, https:\/\/kranjcic.hr\/wp-content\/uploads\/2024\/05\/16.-Dani-HSIB-2024.-program-vanjska-1536x1075.jpg 1536w, https:\/\/kranjcic.hr\/wp-content\/uploads\/2024\/05\/16.-Dani-HSIB-2024.-program-vanjska-230x160.jpg 230w, https:\/\/kranjcic.hr\/wp-content\/uploads\/2024\/05\/16.-Dani-HSIB-2024.-program-vanjska.jpg 1713w\" sizes=\"auto, (max-width: 1024px) 100vw, 1024px\" \/><\/a><\/figure>\n\n\n\n<figure class=\"wp-block-image size-large\"><a href=\"https:\/\/kranjcic.hr\/wp-content\/uploads\/2024\/05\/16.-Dani-HSIB-2024.-program-unutarnja.jpg\"><img loading=\"lazy\" decoding=\"async\" width=\"1024\" height=\"717\" data-id=\"6305\" src=\"https:\/\/kranjcic.hr\/wp-content\/uploads\/2024\/05\/16.-Dani-HSIB-2024.-program-unutarnja-1024x717.jpg\" alt=\"\" class=\"wp-image-6305\" srcset=\"https:\/\/kranjcic.hr\/wp-content\/uploads\/2024\/05\/16.-Dani-HSIB-2024.-program-unutarnja-1024x717.jpg 1024w, https:\/\/kranjcic.hr\/wp-content\/uploads\/2024\/05\/16.-Dani-HSIB-2024.-program-unutarnja-200x140.jpg 200w, https:\/\/kranjcic.hr\/wp-content\/uploads\/2024\/05\/16.-Dani-HSIB-2024.-program-unutarnja-120x84.jpg 120w, https:\/\/kranjcic.hr\/wp-content\/uploads\/2024\/05\/16.-Dani-HSIB-2024.-program-unutarnja-1536x1075.jpg 1536w, https:\/\/kranjcic.hr\/wp-content\/uploads\/2024\/05\/16.-Dani-HSIB-2024.-program-unutarnja-230x160.jpg 230w, https:\/\/kranjcic.hr\/wp-content\/uploads\/2024\/05\/16.-Dani-HSIB-2024.-program-unutarnja.jpg 1713w\" sizes=\"auto, (max-width: 1024px) 100vw, 1024px\" \/><\/a><\/figure>\n<\/figure>\n","protected":false},"excerpt":{"rendered":"<p>U Kri\u017eevcima \u0107e od \u010detvrtka 23. do nedjelje 26. svibnja 2024. biti odr\u017eani 16. Dani hrvatskih svetaca i bla\u017eenika. Pretprogramom i misnim slavljem ove \u0107e godine biti tematizirani sv. Marko Kri\u017eev\u010danin, bl. Alojzije Stepinac, \u010dasni sluga Bo\u017eji Ante Tomi\u010di\u0107 i bl. Katarina Kosa\u010da Kotromani\u0107. Kulturni dio programa sastojat \u0107e se&hellip; <\/p>\n","protected":false},"author":1,"featured_media":6308,"comment_status":"closed","ping_status":"closed","sticky":false,"template":"","format":"standard","meta":{"footnotes":""},"categories":[97,18],"tags":[],"class_list":["post-6303","post","type-post","status-publish","format-standard","has-post-thumbnail","hentry","category-16-dani-hsib","category-zbivanja"],"_links":{"self":[{"href":"https:\/\/kranjcic.hr\/index.php?rest_route=\/wp\/v2\/posts\/6303","targetHints":{"allow":["GET"]}}],"collection":[{"href":"https:\/\/kranjcic.hr\/index.php?rest_route=\/wp\/v2\/posts"}],"about":[{"href":"https:\/\/kranjcic.hr\/index.php?rest_route=\/wp\/v2\/types\/post"}],"author":[{"embeddable":true,"href":"https:\/\/kranjcic.hr\/index.php?rest_route=\/wp\/v2\/users\/1"}],"replies":[{"embeddable":true,"href":"https:\/\/kranjcic.hr\/index.php?rest_route=%2Fwp%2Fv2%2Fcomments&post=6303"}],"version-history":[{"count":2,"href":"https:\/\/kranjcic.hr\/index.php?rest_route=\/wp\/v2\/posts\/6303\/revisions"}],"predecessor-version":[{"id":6310,"href":"https:\/\/kranjcic.hr\/index.php?rest_route=\/wp\/v2\/posts\/6303\/revisions\/6310"}],"wp:featuredmedia":[{"embeddable":true,"href":"https:\/\/kranjcic.hr\/index.php?rest_route=\/wp\/v2\/media\/6308"}],"wp:attachment":[{"href":"https:\/\/kranjcic.hr\/index.php?rest_route=%2Fwp%2Fv2%2Fmedia&parent=6303"}],"wp:term":[{"taxonomy":"category","embeddable":true,"href":"https:\/\/kranjcic.hr\/index.php?rest_route=%2Fwp%2Fv2%2Fcategories&post=6303"},{"taxonomy":"post_tag","embeddable":true,"href":"https:\/\/kranjcic.hr\/index.php?rest_route=%2Fwp%2Fv2%2Ftags&post=6303"}],"curies":[{"name":"wp","href":"https:\/\/api.w.org\/{rel}","templated":true}]}}