{"id":6324,"date":"2024-05-23T22:28:45","date_gmt":"2024-05-23T22:28:45","guid":{"rendered":"https:\/\/kranjcic.hr\/?p=6324"},"modified":"2024-05-25T08:35:23","modified_gmt":"2024-05-25T08:35:23","slug":"otvoreni-16-dani-hrvatskih-svetaca-i-blazenika-u-krizevcima-dan-sv-marka-krizevcanina","status":"publish","type":"post","link":"https:\/\/kranjcic.hr\/?p=6324","title":{"rendered":"OTVORENI 16. DANI HRVATSKIH SVETACA I BLA\u017dENIKA U KRI\u017dEVCIMA \u2013 DAN SV. MARKA KRI\u017dEV\u010cANINA"},"content":{"rendered":"\n<p>U Kri\u017eevcima je u \u010detvrtak 23. svibnja 2024. otvorena \u010detverodnevna manifestacija 16. Dana hrvatskih svetaca i bla\u017eenika. Pretprogram i misno slavlje bilo je u \u010dast tre\u0107ega hrvatskog sveca Marka Kri\u017eev\u010danina, dok je u kulturnom dijelu programa otvoren novi izlo\u017ebeni ciklus \u201eHrvatski sveci i bla\u017eenici u na\u0161em narodu\u201c akademskog slikara Branimira Doroti\u0107a.<\/p>\n\n\n\n<p>Knji\u017eevno, molitveno i glazbeno u slavlje su sv. Marka Kri\u017eev\u010danina u crkvi sv. Ane uveli \u010dlanovi Udruge za promicanje znamenitih Kri\u017eev\u010dana \u201eDr. Stjepan Kranj\u010di\u0107\u201c. Uslijedilo je misno slavlje koje je, uz koncelebraciju kri\u017eeva\u010dkoga \u017eupnika pre\u010d. Stjepana Sovi\u010deka i rektora Nacionalnog sveti\u0161ta sv. Josipa iz Karlovca mons. Antuna Sentea, predvodio kri\u017eeva\u010dki vladika mons. Milan Stipi\u0107. U propovijedi je rekao da su njemu Kri\u017eevci posebni zato \u0161to je uz taj grad vezano vi\u0161e ljudi sveta \u017eivota. \u201eJedan je, Marko Kri\u017eev\u010danin, svet, a za drugoga se, Stjepana Kranj\u010di\u0107a, priprema proces. O njima se pi\u0161u knjige, spremaju se kulturni programi. No divno je \u0161to i me\u0111u \u017eivima ima svetih osoba\u201c, naglasio je mons. Stipi\u0107 poja\u0161njavaju\u0107i nemale aspekte svetosti u \u017eivotima gre\u0161nih ljudi. \u201eVa\u017eno je svetost \u010duvati i prenijeti novim nara\u0161tajima. Neka nam u tim nastojanjima sv. Marko pomogne\u201c, zavr\u0161io je grkokatoli\u010dki biskup Stipi\u0107. Misu je glazbeno animirao zbor mladih \u201eAgape\u201c Nacionalnog sveti\u0161ta sv. Josipa iz Karlovca.<\/p>\n\n\n\n<p>Program je nastavljen u kri\u017eeva\u010dkoj Gradskoj galeriji uz otvorenje izlo\u017ebe \u201eHrvatski sveci i bla\u017eenici u na\u0161em narodu\u201c akademskog slikara Branimira Doroti\u0107a. Prigodnim su govorima izlo\u017ebu u ime Grada Kri\u017eevaca predstavili ravnateljica Gradskog muzeja Tea Hatadi i pro\u010delnik za dru\u0161tvene djelatnosti Sandro Novosel, zatim nositelj izlo\u017ebe mons. Antun Sente ml. kao rektor Nacionalnog sveti\u0161ta sv. Josipa iz Karlovca, likovni kriti\u010dar Stanko \u0160poljari\u0107 te sam autor Branimir Doroti\u0107 rekav\u0161i da se osje\u0107a ponosno \u0161to je Hrvat i \u0161to je dobio priliku ostvariti portrete svetih Hrvata. Kao hodo\u010dasnik doma\u0107inima je na kontinuitetu manifestacije \u010destitao saborski zastupnik Stjepo Bartulica, dok je izlo\u017ebu otvorio vladika Stipi\u0107. Glazbeno je sve\u010danost obogatio zbor mladih \u201eAgape\u201c, a moderirala je autorica Dana hrvatskih svetaca i bla\u017eenika i predsjednica Udruge \u201eDr. Stjepan Kranj\u010di\u0107\u201c Tanja Baran. Istaknula je da je Branimir Doroti\u0107 prvi umjetnik kojemu je ovo druga izlo\u017eba na Danima hrvatskih svetaca i bla\u017eenika. Podsjetila je da je prva Doroti\u0107eva izlo\u017eba bila na 3. Danima i tada su bile izlo\u017eene umjetnikove skice za vitraje s likovima hrvatskih svetaca i bla\u017eenika. Nova \u0107e izlo\u017eba u Kri\u017eevcima biti otvorena do 9. lipnja, a zatim \u0107e, zahvaljuju\u0107i ponajprije Nacionalnom sveti\u0161tu sv. Josipa, krenuti na put po Hrvatskoj.<\/p>\n\n\n\n<p>Autor izlo\u017ebe Branimir Doroti\u0107 ostvario je vi\u0161e od 20 portreta hrvatskih duhovnih velikana u tehnici akrila na platnu. Izlo\u017eba je pra\u0107ena prigodnim katalogom u kojem su objavljene sve slike, likovna analiza izlo\u017ebe povjesni\u010dara umjetnosti Stanka \u0160poljari\u0107a, kao i cjelovit popis hrvatskih svetaca i bla\u017eenika te slugu i slu\u017ebenica Bo\u017ejih s osnovnim podacima o svakome.<\/p>\n\n\n\n<p>Osim okupljenih u crkvi i galeriji cjelokupan je program u\u017eivo pratilo vi\u0161e od 15 000 pratitelja preko facebooka portala prigorski.hr, Hrvatskoga katoli\u010dkog radija, Radio Marije i Glasa Koncila. &nbsp;&nbsp;&nbsp;&nbsp;&nbsp;&nbsp;&nbsp;&nbsp;&nbsp;&nbsp;<\/p>\n\n\n\n<figure class=\"wp-block-gallery has-nested-images columns-default is-cropped wp-block-gallery-1 is-layout-flex wp-block-gallery-is-layout-flex\">\n<figure class=\"wp-block-image size-large\"><a href=\"https:\/\/kranjcic.hr\/wp-content\/uploads\/2024\/05\/001-Skupna-sudionici-otvorenja-izlozbe.jpg\"><img loading=\"lazy\" decoding=\"async\" width=\"1024\" height=\"525\" data-id=\"6328\" src=\"https:\/\/kranjcic.hr\/wp-content\/uploads\/2024\/05\/001-Skupna-sudionici-otvorenja-izlozbe-1024x525.jpg\" alt=\"\" class=\"wp-image-6328\" srcset=\"https:\/\/kranjcic.hr\/wp-content\/uploads\/2024\/05\/001-Skupna-sudionici-otvorenja-izlozbe-1024x525.jpg 1024w, https:\/\/kranjcic.hr\/wp-content\/uploads\/2024\/05\/001-Skupna-sudionici-otvorenja-izlozbe-200x102.jpg 200w, https:\/\/kranjcic.hr\/wp-content\/uploads\/2024\/05\/001-Skupna-sudionici-otvorenja-izlozbe-120x61.jpg 120w, https:\/\/kranjcic.hr\/wp-content\/uploads\/2024\/05\/001-Skupna-sudionici-otvorenja-izlozbe-1536x787.jpg 1536w, https:\/\/kranjcic.hr\/wp-content\/uploads\/2024\/05\/001-Skupna-sudionici-otvorenja-izlozbe.jpg 2016w\" sizes=\"auto, (max-width: 1024px) 100vw, 1024px\" \/><\/a><\/figure>\n\n\n\n<figure class=\"wp-block-image size-large\"><a href=\"https:\/\/kranjcic.hr\/wp-content\/uploads\/2024\/05\/002-Program-otvorenja-izlozbe.jpg\"><img loading=\"lazy\" decoding=\"async\" width=\"1024\" height=\"597\" data-id=\"6326\" src=\"https:\/\/kranjcic.hr\/wp-content\/uploads\/2024\/05\/002-Program-otvorenja-izlozbe-1024x597.jpg\" alt=\"\" class=\"wp-image-6326\" srcset=\"https:\/\/kranjcic.hr\/wp-content\/uploads\/2024\/05\/002-Program-otvorenja-izlozbe-1024x597.jpg 1024w, https:\/\/kranjcic.hr\/wp-content\/uploads\/2024\/05\/002-Program-otvorenja-izlozbe-200x117.jpg 200w, https:\/\/kranjcic.hr\/wp-content\/uploads\/2024\/05\/002-Program-otvorenja-izlozbe-120x70.jpg 120w, https:\/\/kranjcic.hr\/wp-content\/uploads\/2024\/05\/002-Program-otvorenja-izlozbe-1536x896.jpg 1536w, https:\/\/kranjcic.hr\/wp-content\/uploads\/2024\/05\/002-Program-otvorenja-izlozbe.jpg 1815w\" sizes=\"auto, (max-width: 1024px) 100vw, 1024px\" \/><\/a><\/figure>\n\n\n\n<figure class=\"wp-block-image size-large\"><a href=\"https:\/\/kranjcic.hr\/wp-content\/uploads\/2024\/05\/003-Sudionici-i-zbor-Agape.jpg\"><img loading=\"lazy\" decoding=\"async\" width=\"1024\" height=\"531\" data-id=\"6329\" src=\"https:\/\/kranjcic.hr\/wp-content\/uploads\/2024\/05\/003-Sudionici-i-zbor-Agape-1024x531.jpg\" alt=\"\" class=\"wp-image-6329\" srcset=\"https:\/\/kranjcic.hr\/wp-content\/uploads\/2024\/05\/003-Sudionici-i-zbor-Agape-1024x531.jpg 1024w, https:\/\/kranjcic.hr\/wp-content\/uploads\/2024\/05\/003-Sudionici-i-zbor-Agape-200x104.jpg 200w, https:\/\/kranjcic.hr\/wp-content\/uploads\/2024\/05\/003-Sudionici-i-zbor-Agape-120x62.jpg 120w, https:\/\/kranjcic.hr\/wp-content\/uploads\/2024\/05\/003-Sudionici-i-zbor-Agape-1536x796.jpg 1536w, https:\/\/kranjcic.hr\/wp-content\/uploads\/2024\/05\/003-Sudionici-i-zbor-Agape.jpg 1613w\" sizes=\"auto, (max-width: 1024px) 100vw, 1024px\" \/><\/a><\/figure>\n\n\n\n<figure class=\"wp-block-image size-large\"><a href=\"https:\/\/kranjcic.hr\/wp-content\/uploads\/2024\/05\/004-Ravnateljica-muzeja-Tea-Hatadi-i-predsjednica-Udruge-Kranjcic-Tanja-Baran.jpg\"><img loading=\"lazy\" decoding=\"async\" width=\"1024\" height=\"703\" data-id=\"6330\" src=\"https:\/\/kranjcic.hr\/wp-content\/uploads\/2024\/05\/004-Ravnateljica-muzeja-Tea-Hatadi-i-predsjednica-Udruge-Kranjcic-Tanja-Baran-1024x703.jpg\" alt=\"\" class=\"wp-image-6330\" srcset=\"https:\/\/kranjcic.hr\/wp-content\/uploads\/2024\/05\/004-Ravnateljica-muzeja-Tea-Hatadi-i-predsjednica-Udruge-Kranjcic-Tanja-Baran-1024x703.jpg 1024w, https:\/\/kranjcic.hr\/wp-content\/uploads\/2024\/05\/004-Ravnateljica-muzeja-Tea-Hatadi-i-predsjednica-Udruge-Kranjcic-Tanja-Baran-200x137.jpg 200w, https:\/\/kranjcic.hr\/wp-content\/uploads\/2024\/05\/004-Ravnateljica-muzeja-Tea-Hatadi-i-predsjednica-Udruge-Kranjcic-Tanja-Baran-120x82.jpg 120w, https:\/\/kranjcic.hr\/wp-content\/uploads\/2024\/05\/004-Ravnateljica-muzeja-Tea-Hatadi-i-predsjednica-Udruge-Kranjcic-Tanja-Baran-1536x1055.jpg 1536w, https:\/\/kranjcic.hr\/wp-content\/uploads\/2024\/05\/004-Ravnateljica-muzeja-Tea-Hatadi-i-predsjednica-Udruge-Kranjcic-Tanja-Baran.jpg 2016w\" sizes=\"auto, (max-width: 1024px) 100vw, 1024px\" \/><\/a><\/figure>\n\n\n\n<figure class=\"wp-block-image size-large\"><a href=\"https:\/\/kranjcic.hr\/wp-content\/uploads\/2024\/05\/005-Misa.jpg\"><img loading=\"lazy\" decoding=\"async\" width=\"1000\" height=\"750\" data-id=\"6325\" src=\"https:\/\/kranjcic.hr\/wp-content\/uploads\/2024\/05\/005-Misa.jpg\" alt=\"\" class=\"wp-image-6325\" srcset=\"https:\/\/kranjcic.hr\/wp-content\/uploads\/2024\/05\/005-Misa.jpg 1000w, https:\/\/kranjcic.hr\/wp-content\/uploads\/2024\/05\/005-Misa-200x150.jpg 200w, https:\/\/kranjcic.hr\/wp-content\/uploads\/2024\/05\/005-Misa-120x90.jpg 120w\" sizes=\"auto, (max-width: 1000px) 100vw, 1000px\" \/><\/a><\/figure>\n\n\n\n<figure class=\"wp-block-image size-large\"><a href=\"https:\/\/kranjcic.hr\/wp-content\/uploads\/2024\/05\/006-Vladika-Milan-Stipic-propovijeda.jpg\"><img loading=\"lazy\" decoding=\"async\" width=\"1024\" height=\"768\" data-id=\"6327\" src=\"https:\/\/kranjcic.hr\/wp-content\/uploads\/2024\/05\/006-Vladika-Milan-Stipic-propovijeda-1024x768.jpg\" alt=\"\" class=\"wp-image-6327\" srcset=\"https:\/\/kranjcic.hr\/wp-content\/uploads\/2024\/05\/006-Vladika-Milan-Stipic-propovijeda-1024x768.jpg 1024w, https:\/\/kranjcic.hr\/wp-content\/uploads\/2024\/05\/006-Vladika-Milan-Stipic-propovijeda-200x150.jpg 200w, https:\/\/kranjcic.hr\/wp-content\/uploads\/2024\/05\/006-Vladika-Milan-Stipic-propovijeda-120x90.jpg 120w, https:\/\/kranjcic.hr\/wp-content\/uploads\/2024\/05\/006-Vladika-Milan-Stipic-propovijeda.jpg 1120w\" sizes=\"auto, (max-width: 1024px) 100vw, 1024px\" \/><\/a><\/figure>\n\n\n\n<figure class=\"wp-block-image size-large\"><a href=\"https:\/\/kranjcic.hr\/wp-content\/uploads\/2024\/05\/007-Pretprogram-1-Udruga-Kranjcic.jpg\"><img loading=\"lazy\" decoding=\"async\" width=\"1000\" height=\"750\" data-id=\"6331\" src=\"https:\/\/kranjcic.hr\/wp-content\/uploads\/2024\/05\/007-Pretprogram-1-Udruga-Kranjcic.jpg\" alt=\"\" class=\"wp-image-6331\" srcset=\"https:\/\/kranjcic.hr\/wp-content\/uploads\/2024\/05\/007-Pretprogram-1-Udruga-Kranjcic.jpg 1000w, https:\/\/kranjcic.hr\/wp-content\/uploads\/2024\/05\/007-Pretprogram-1-Udruga-Kranjcic-200x150.jpg 200w, https:\/\/kranjcic.hr\/wp-content\/uploads\/2024\/05\/007-Pretprogram-1-Udruga-Kranjcic-120x90.jpg 120w\" sizes=\"auto, (max-width: 1000px) 100vw, 1000px\" \/><\/a><\/figure>\n\n\n\n<figure class=\"wp-block-image size-large\"><a href=\"https:\/\/kranjcic.hr\/wp-content\/uploads\/2024\/05\/008-Pretprogram-2-Udruga-Kranjcic.jpg\"><img loading=\"lazy\" decoding=\"async\" width=\"1000\" height=\"750\" data-id=\"6332\" src=\"https:\/\/kranjcic.hr\/wp-content\/uploads\/2024\/05\/008-Pretprogram-2-Udruga-Kranjcic.jpg\" alt=\"\" class=\"wp-image-6332\" srcset=\"https:\/\/kranjcic.hr\/wp-content\/uploads\/2024\/05\/008-Pretprogram-2-Udruga-Kranjcic.jpg 1000w, https:\/\/kranjcic.hr\/wp-content\/uploads\/2024\/05\/008-Pretprogram-2-Udruga-Kranjcic-200x150.jpg 200w, https:\/\/kranjcic.hr\/wp-content\/uploads\/2024\/05\/008-Pretprogram-2-Udruga-Kranjcic-120x90.jpg 120w\" sizes=\"auto, (max-width: 1000px) 100vw, 1000px\" \/><\/a><\/figure>\n\n\n\n<figure class=\"wp-block-image size-large\"><a href=\"https:\/\/kranjcic.hr\/wp-content\/uploads\/2024\/05\/DSC_0243.jpg\"><img loading=\"lazy\" decoding=\"async\" width=\"1024\" height=\"683\" data-id=\"6334\" src=\"https:\/\/kranjcic.hr\/wp-content\/uploads\/2024\/05\/DSC_0243.jpg\" alt=\"\" class=\"wp-image-6334\" srcset=\"https:\/\/kranjcic.hr\/wp-content\/uploads\/2024\/05\/DSC_0243.jpg 1024w, https:\/\/kranjcic.hr\/wp-content\/uploads\/2024\/05\/DSC_0243-200x133.jpg 200w, https:\/\/kranjcic.hr\/wp-content\/uploads\/2024\/05\/DSC_0243-120x80.jpg 120w\" sizes=\"auto, (max-width: 1024px) 100vw, 1024px\" \/><\/a><\/figure>\n\n\n\n<figure class=\"wp-block-image size-large\"><a href=\"https:\/\/kranjcic.hr\/wp-content\/uploads\/2024\/05\/DSC_0431.jpg\"><img loading=\"lazy\" decoding=\"async\" width=\"1024\" height=\"683\" data-id=\"6333\" src=\"https:\/\/kranjcic.hr\/wp-content\/uploads\/2024\/05\/DSC_0431.jpg\" alt=\"\" class=\"wp-image-6333\" srcset=\"https:\/\/kranjcic.hr\/wp-content\/uploads\/2024\/05\/DSC_0431.jpg 1024w, https:\/\/kranjcic.hr\/wp-content\/uploads\/2024\/05\/DSC_0431-200x133.jpg 200w, https:\/\/kranjcic.hr\/wp-content\/uploads\/2024\/05\/DSC_0431-120x80.jpg 120w\" sizes=\"auto, (max-width: 1024px) 100vw, 1024px\" \/><\/a><\/figure>\n\n\n\n<figure class=\"wp-block-image size-large\"><a href=\"https:\/\/kranjcic.hr\/wp-content\/uploads\/2024\/05\/DSC_0439.jpg\"><img loading=\"lazy\" decoding=\"async\" width=\"1024\" height=\"683\" data-id=\"6335\" src=\"https:\/\/kranjcic.hr\/wp-content\/uploads\/2024\/05\/DSC_0439.jpg\" alt=\"\" class=\"wp-image-6335\" srcset=\"https:\/\/kranjcic.hr\/wp-content\/uploads\/2024\/05\/DSC_0439.jpg 1024w, https:\/\/kranjcic.hr\/wp-content\/uploads\/2024\/05\/DSC_0439-200x133.jpg 200w, https:\/\/kranjcic.hr\/wp-content\/uploads\/2024\/05\/DSC_0439-120x80.jpg 120w\" sizes=\"auto, (max-width: 1024px) 100vw, 1024px\" \/><\/a><\/figure>\n<\/figure>\n","protected":false},"excerpt":{"rendered":"<p>U Kri\u017eevcima je u \u010detvrtak 23. svibnja 2024. otvorena \u010detverodnevna manifestacija 16. Dana hrvatskih svetaca i bla\u017eenika. Pretprogram i misno slavlje bilo je u \u010dast tre\u0107ega hrvatskog sveca Marka Kri\u017eev\u010danina, dok je u kulturnom dijelu programa otvoren novi izlo\u017ebeni ciklus \u201eHrvatski sveci i bla\u017eenici u na\u0161em narodu\u201c akademskog slikara Branimira&hellip; <\/p>\n","protected":false},"author":1,"featured_media":6328,"comment_status":"closed","ping_status":"closed","sticky":false,"template":"","format":"standard","meta":{"footnotes":""},"categories":[97,96,30,18],"tags":[],"class_list":["post-6324","post","type-post","status-publish","format-standard","has-post-thumbnail","hentry","category-16-dani-hsib","category-96","category-dani-hrvatskih-svetaca-i-blazenika","category-zbivanja"],"_links":{"self":[{"href":"https:\/\/kranjcic.hr\/index.php?rest_route=\/wp\/v2\/posts\/6324","targetHints":{"allow":["GET"]}}],"collection":[{"href":"https:\/\/kranjcic.hr\/index.php?rest_route=\/wp\/v2\/posts"}],"about":[{"href":"https:\/\/kranjcic.hr\/index.php?rest_route=\/wp\/v2\/types\/post"}],"author":[{"embeddable":true,"href":"https:\/\/kranjcic.hr\/index.php?rest_route=\/wp\/v2\/users\/1"}],"replies":[{"embeddable":true,"href":"https:\/\/kranjcic.hr\/index.php?rest_route=%2Fwp%2Fv2%2Fcomments&post=6324"}],"version-history":[{"count":2,"href":"https:\/\/kranjcic.hr\/index.php?rest_route=\/wp\/v2\/posts\/6324\/revisions"}],"predecessor-version":[{"id":6337,"href":"https:\/\/kranjcic.hr\/index.php?rest_route=\/wp\/v2\/posts\/6324\/revisions\/6337"}],"wp:featuredmedia":[{"embeddable":true,"href":"https:\/\/kranjcic.hr\/index.php?rest_route=\/wp\/v2\/media\/6328"}],"wp:attachment":[{"href":"https:\/\/kranjcic.hr\/index.php?rest_route=%2Fwp%2Fv2%2Fmedia&parent=6324"}],"wp:term":[{"taxonomy":"category","embeddable":true,"href":"https:\/\/kranjcic.hr\/index.php?rest_route=%2Fwp%2Fv2%2Fcategories&post=6324"},{"taxonomy":"post_tag","embeddable":true,"href":"https:\/\/kranjcic.hr\/index.php?rest_route=%2Fwp%2Fv2%2Ftags&post=6324"}],"curies":[{"name":"wp","href":"https:\/\/api.w.org\/{rel}","templated":true}]}}