{"id":6338,"date":"2024-05-24T22:34:00","date_gmt":"2024-05-24T22:34:00","guid":{"rendered":"https:\/\/kranjcic.hr\/?p=6338"},"modified":"2024-05-25T08:35:12","modified_gmt":"2024-05-25T08:35:12","slug":"bl-alojzije-stepinac-proslavljen-na-16-danima-hrvatskih-svetaca-i-blazenika-u-krizevcima","status":"publish","type":"post","link":"https:\/\/kranjcic.hr\/?p=6338","title":{"rendered":"BL. ALOJZIJE STEPINAC PROSLAVLJEN NA 16. DANIMA HRVATSKIH SVETACA I BLA\u017dENIKA U KRI\u017dEVCIMA"},"content":{"rendered":"\n<p>Misom bl. Alojziju Stepincu u \u010dast kojoj je prethodio molitveni, knji\u017eevni i glazbeni pretprogram te okruglim stolom \u201eBl. Alojzije Stepinac i mladi\u201c, u Kri\u017eevcima su u petak 24. svibnja 2024. nastavljeni 16. Dani hrvatskih svetaca i bla\u017eenika.<\/p>\n\n\n\n<p>Uvodni je program povjeren Udruzi \u201ePasionska ba\u0161tina\u201c predvo\u0111enoj predsjednicom sveu\u010dili\u0161nom profesoricom i pijanisticom Evom Kirchmayer Bili\u0107. Ona je, u zajedni\u0161tvu s u\u010denicama osnovne \u0161kole iz Lu\u010dkog Janom Da\u010dnik i Emom Capjak te studenticom 5. godine Muzi\u010dke akademije u Zagrebu sopranisticom Antonijom \u017darkovi\u0107, izvela vi\u0161e slabo poznatih i rijetko izvo\u0111enih skladbi posve\u0107enih bl. Stepincu autora Miroslava Martinjaka, An\u0111elka Klobu\u010dara, Zvonimira P\u0161aga, Bla\u017eenka Jura\u010di\u0107a i Dra\u017eena Cara. Interpretirala je i vi\u0161e stihova klasika hrvatske knji\u017eevnosti posve\u0107enih bla\u017eeniku.<\/p>\n\n\n\n<p>Misno je slavlje, u koncelebraciji s kri\u017eeva\u010dkim \u017eupnikom Stjepanom Sovi\u010dekom, prevodio vicepostulator za kauze beatifikacije i kanonizacije Zagreba\u010dke nadbiskupije mr. sc. Tomislav Ha\u010dko. Glazbeno je misu animirao bend \u201e\u017divim\u201c. U propovijedi je pre\u010d. Ha\u010dko okupljenima pribli\u017eio Stepin\u010devu marijansku duhovnost. \u201ePod Bogorodi\u010dinom za\u0161titom bl. Alojzije neustra\u0161ivo je bio boj vjere, ostao je \u010dvrst u nauku apostola i sigurno je kora\u010dao kroz oluje ovoga svijeta dok radostan nije stigao u nebeski grad\u201c, istaknuo je. \u201eStepin\u010dev put do nebeskoga grada put je molitve i pokore. A kao i na svakom putu, tako je i na ovom putu va\u017eno samo jedno \u2013 ustrajati\u201c, zaklju\u010dio je pre\u010d. Ha\u010dko.<\/p>\n\n\n\n<p>Uslijedio je okrugli stol \u201eBla\u017eeni Alojzije Stepinac i mladi\u201c. Sudjelovali su novinar Glasa Koncila i doktorand Marino Erceg, glazbenik i glumac Matija Antoli\u0107 te pijanistica i doktorandica Eva Kirchmayer Bili\u0107. Moderirao je novinar Glasa Koncila Ivan Ta\u0161ev. Izdvojili su najzna\u010dajnija obra\u0107anja bl. Stepinca hrvatskoj mladosti te posvjedo\u010dili o osobnim do\u017eivljajima bla\u017eenika kao uzora za nasljedovanje.<\/p>\n\n\n\n<p>Cjelokupan program iz kri\u017eeva\u010dke \u017eupne crkve sv. Ane mogao se pratiti preko facebooka portala prigorski.hr, Hrvatskoga katoli\u010dkog radija, Radio Marije i Glasa Koncila.<\/p>\n\n\n\n<p>Organizatori su 16. Dana hrvatskih svetaca i bla\u017eenika u Kri\u017eevcima Udruga za promicanje znamenitih Kri\u017eev\u010dana \u201eDr. Stjepan Kranj\u010di\u0107\u201c te kri\u017eeva\u010dke \u017eupe sv. Ane te BDM \u017dalosne i sv. Marka Kri\u017eev\u010danina.<\/p>\n\n\n\n<figure class=\"wp-block-gallery has-nested-images columns-default is-cropped wp-block-gallery-1 is-layout-flex wp-block-gallery-is-layout-flex\">\n<figure class=\"wp-block-image size-large\"><a href=\"https:\/\/kranjcic.hr\/wp-content\/uploads\/2024\/05\/01-Skupna-svi-sudionici.jpg\"><img loading=\"lazy\" decoding=\"async\" width=\"1024\" height=\"691\" data-id=\"6344\" src=\"https:\/\/kranjcic.hr\/wp-content\/uploads\/2024\/05\/01-Skupna-svi-sudionici-1024x691.jpg\" alt=\"\" class=\"wp-image-6344\" srcset=\"https:\/\/kranjcic.hr\/wp-content\/uploads\/2024\/05\/01-Skupna-svi-sudionici-1024x691.jpg 1024w, https:\/\/kranjcic.hr\/wp-content\/uploads\/2024\/05\/01-Skupna-svi-sudionici-200x135.jpg 200w, https:\/\/kranjcic.hr\/wp-content\/uploads\/2024\/05\/01-Skupna-svi-sudionici-120x81.jpg 120w, https:\/\/kranjcic.hr\/wp-content\/uploads\/2024\/05\/01-Skupna-svi-sudionici-1536x1036.jpg 1536w, https:\/\/kranjcic.hr\/wp-content\/uploads\/2024\/05\/01-Skupna-svi-sudionici.jpg 1613w\" sizes=\"auto, (max-width: 1024px) 100vw, 1024px\" \/><\/a><\/figure>\n\n\n\n<figure class=\"wp-block-image size-large\"><a href=\"https:\/\/kranjcic.hr\/wp-content\/uploads\/2024\/05\/02-Okrugli-stol-Marino-Erceg-Eva-Kirchmayer-Bilic-Ivan-Tasev-Matija-Antolic.jpg\"><img loading=\"lazy\" decoding=\"async\" width=\"1024\" height=\"768\" data-id=\"6340\" src=\"https:\/\/kranjcic.hr\/wp-content\/uploads\/2024\/05\/02-Okrugli-stol-Marino-Erceg-Eva-Kirchmayer-Bilic-Ivan-Tasev-Matija-Antolic-1024x768.jpg\" alt=\"\" class=\"wp-image-6340\" srcset=\"https:\/\/kranjcic.hr\/wp-content\/uploads\/2024\/05\/02-Okrugli-stol-Marino-Erceg-Eva-Kirchmayer-Bilic-Ivan-Tasev-Matija-Antolic-1024x768.jpg 1024w, https:\/\/kranjcic.hr\/wp-content\/uploads\/2024\/05\/02-Okrugli-stol-Marino-Erceg-Eva-Kirchmayer-Bilic-Ivan-Tasev-Matija-Antolic-200x150.jpg 200w, https:\/\/kranjcic.hr\/wp-content\/uploads\/2024\/05\/02-Okrugli-stol-Marino-Erceg-Eva-Kirchmayer-Bilic-Ivan-Tasev-Matija-Antolic-120x90.jpg 120w, https:\/\/kranjcic.hr\/wp-content\/uploads\/2024\/05\/02-Okrugli-stol-Marino-Erceg-Eva-Kirchmayer-Bilic-Ivan-Tasev-Matija-Antolic.jpg 1200w\" sizes=\"auto, (max-width: 1024px) 100vw, 1024px\" \/><\/a><\/figure>\n\n\n\n<figure class=\"wp-block-image size-large\"><a href=\"https:\/\/kranjcic.hr\/wp-content\/uploads\/2024\/05\/03-Misa.jpg\"><img loading=\"lazy\" decoding=\"async\" width=\"1024\" height=\"768\" data-id=\"6341\" src=\"https:\/\/kranjcic.hr\/wp-content\/uploads\/2024\/05\/03-Misa-1024x768.jpg\" alt=\"\" class=\"wp-image-6341\" srcset=\"https:\/\/kranjcic.hr\/wp-content\/uploads\/2024\/05\/03-Misa-1024x768.jpg 1024w, https:\/\/kranjcic.hr\/wp-content\/uploads\/2024\/05\/03-Misa-200x150.jpg 200w, https:\/\/kranjcic.hr\/wp-content\/uploads\/2024\/05\/03-Misa-120x90.jpg 120w, https:\/\/kranjcic.hr\/wp-content\/uploads\/2024\/05\/03-Misa.jpg 1260w\" sizes=\"auto, (max-width: 1024px) 100vw, 1024px\" \/><\/a><\/figure>\n\n\n\n<figure class=\"wp-block-image size-large\"><a href=\"https:\/\/kranjcic.hr\/wp-content\/uploads\/2024\/05\/04-Propovjednik-Tomislav-Hacko.jpg\"><img loading=\"lazy\" decoding=\"async\" width=\"1024\" height=\"768\" data-id=\"6342\" src=\"https:\/\/kranjcic.hr\/wp-content\/uploads\/2024\/05\/04-Propovjednik-Tomislav-Hacko-1024x768.jpg\" alt=\"\" class=\"wp-image-6342\" srcset=\"https:\/\/kranjcic.hr\/wp-content\/uploads\/2024\/05\/04-Propovjednik-Tomislav-Hacko-1024x768.jpg 1024w, https:\/\/kranjcic.hr\/wp-content\/uploads\/2024\/05\/04-Propovjednik-Tomislav-Hacko-200x150.jpg 200w, https:\/\/kranjcic.hr\/wp-content\/uploads\/2024\/05\/04-Propovjednik-Tomislav-Hacko-120x90.jpg 120w, https:\/\/kranjcic.hr\/wp-content\/uploads\/2024\/05\/04-Propovjednik-Tomislav-Hacko.jpg 1200w\" sizes=\"auto, (max-width: 1024px) 100vw, 1024px\" \/><\/a><\/figure>\n\n\n\n<figure class=\"wp-block-image size-large\"><a href=\"https:\/\/kranjcic.hr\/wp-content\/uploads\/2024\/05\/05-Bend-Zivim.jpg\"><img loading=\"lazy\" decoding=\"async\" width=\"1024\" height=\"768\" data-id=\"6339\" src=\"https:\/\/kranjcic.hr\/wp-content\/uploads\/2024\/05\/05-Bend-Zivim-1024x768.jpg\" alt=\"\" class=\"wp-image-6339\" srcset=\"https:\/\/kranjcic.hr\/wp-content\/uploads\/2024\/05\/05-Bend-Zivim-1024x768.jpg 1024w, https:\/\/kranjcic.hr\/wp-content\/uploads\/2024\/05\/05-Bend-Zivim-200x150.jpg 200w, https:\/\/kranjcic.hr\/wp-content\/uploads\/2024\/05\/05-Bend-Zivim-120x90.jpg 120w, https:\/\/kranjcic.hr\/wp-content\/uploads\/2024\/05\/05-Bend-Zivim.jpg 1280w\" sizes=\"auto, (max-width: 1024px) 100vw, 1024px\" \/><\/a><\/figure>\n\n\n\n<figure class=\"wp-block-image size-large\"><a href=\"https:\/\/kranjcic.hr\/wp-content\/uploads\/2024\/05\/06-Udruga-Pasionska-bastina-1-predsjednica-Eva-Kirchmayer-Bilic.jpg\"><img loading=\"lazy\" decoding=\"async\" width=\"1024\" height=\"768\" data-id=\"6343\" src=\"https:\/\/kranjcic.hr\/wp-content\/uploads\/2024\/05\/06-Udruga-Pasionska-bastina-1-predsjednica-Eva-Kirchmayer-Bilic-1024x768.jpg\" alt=\"\" class=\"wp-image-6343\" srcset=\"https:\/\/kranjcic.hr\/wp-content\/uploads\/2024\/05\/06-Udruga-Pasionska-bastina-1-predsjednica-Eva-Kirchmayer-Bilic-1024x768.jpg 1024w, https:\/\/kranjcic.hr\/wp-content\/uploads\/2024\/05\/06-Udruga-Pasionska-bastina-1-predsjednica-Eva-Kirchmayer-Bilic-200x150.jpg 200w, https:\/\/kranjcic.hr\/wp-content\/uploads\/2024\/05\/06-Udruga-Pasionska-bastina-1-predsjednica-Eva-Kirchmayer-Bilic-120x90.jpg 120w, https:\/\/kranjcic.hr\/wp-content\/uploads\/2024\/05\/06-Udruga-Pasionska-bastina-1-predsjednica-Eva-Kirchmayer-Bilic-1536x1152.jpg 1536w, https:\/\/kranjcic.hr\/wp-content\/uploads\/2024\/05\/06-Udruga-Pasionska-bastina-1-predsjednica-Eva-Kirchmayer-Bilic.jpg 1600w\" sizes=\"auto, (max-width: 1024px) 100vw, 1024px\" \/><\/a><\/figure>\n\n\n\n<figure class=\"wp-block-image size-large\"><a href=\"https:\/\/kranjcic.hr\/wp-content\/uploads\/2024\/05\/07-Udruga-Pasionska-bastina-2-Jana-Dacnik-i-Ema-Capjak.jpg\"><img loading=\"lazy\" decoding=\"async\" width=\"1024\" height=\"768\" data-id=\"6346\" src=\"https:\/\/kranjcic.hr\/wp-content\/uploads\/2024\/05\/07-Udruga-Pasionska-bastina-2-Jana-Dacnik-i-Ema-Capjak-1024x768.jpg\" alt=\"\" class=\"wp-image-6346\" srcset=\"https:\/\/kranjcic.hr\/wp-content\/uploads\/2024\/05\/07-Udruga-Pasionska-bastina-2-Jana-Dacnik-i-Ema-Capjak-1024x768.jpg 1024w, https:\/\/kranjcic.hr\/wp-content\/uploads\/2024\/05\/07-Udruga-Pasionska-bastina-2-Jana-Dacnik-i-Ema-Capjak-200x150.jpg 200w, https:\/\/kranjcic.hr\/wp-content\/uploads\/2024\/05\/07-Udruga-Pasionska-bastina-2-Jana-Dacnik-i-Ema-Capjak-120x90.jpg 120w, https:\/\/kranjcic.hr\/wp-content\/uploads\/2024\/05\/07-Udruga-Pasionska-bastina-2-Jana-Dacnik-i-Ema-Capjak.jpg 1200w\" sizes=\"auto, (max-width: 1024px) 100vw, 1024px\" \/><\/a><\/figure>\n\n\n\n<figure class=\"wp-block-image size-large\"><a href=\"https:\/\/kranjcic.hr\/wp-content\/uploads\/2024\/05\/08-Udruga-Pasionska-bastina-3-sopranistica-Antonija-Zarkovic.jpg\"><img loading=\"lazy\" decoding=\"async\" width=\"1024\" height=\"768\" data-id=\"6345\" src=\"https:\/\/kranjcic.hr\/wp-content\/uploads\/2024\/05\/08-Udruga-Pasionska-bastina-3-sopranistica-Antonija-Zarkovic-1024x768.jpg\" alt=\"\" class=\"wp-image-6345\" srcset=\"https:\/\/kranjcic.hr\/wp-content\/uploads\/2024\/05\/08-Udruga-Pasionska-bastina-3-sopranistica-Antonija-Zarkovic-1024x768.jpg 1024w, https:\/\/kranjcic.hr\/wp-content\/uploads\/2024\/05\/08-Udruga-Pasionska-bastina-3-sopranistica-Antonija-Zarkovic-200x150.jpg 200w, https:\/\/kranjcic.hr\/wp-content\/uploads\/2024\/05\/08-Udruga-Pasionska-bastina-3-sopranistica-Antonija-Zarkovic-120x90.jpg 120w, https:\/\/kranjcic.hr\/wp-content\/uploads\/2024\/05\/08-Udruga-Pasionska-bastina-3-sopranistica-Antonija-Zarkovic-1536x1152.jpg 1536w, https:\/\/kranjcic.hr\/wp-content\/uploads\/2024\/05\/08-Udruga-Pasionska-bastina-3-sopranistica-Antonija-Zarkovic.jpg 1600w\" sizes=\"auto, (max-width: 1024px) 100vw, 1024px\" \/><\/a><\/figure>\n<\/figure>\n","protected":false},"excerpt":{"rendered":"<p>Misom bl. Alojziju Stepincu u \u010dast kojoj je prethodio molitveni, knji\u017eevni i glazbeni pretprogram te okruglim stolom \u201eBl. Alojzije Stepinac i mladi\u201c, u Kri\u017eevcima su u petak 24. svibnja 2024. nastavljeni 16. Dani hrvatskih svetaca i bla\u017eenika. Uvodni je program povjeren Udruzi \u201ePasionska ba\u0161tina\u201c predvo\u0111enoj predsjednicom sveu\u010dili\u0161nom profesoricom i pijanisticom&hellip; <\/p>\n","protected":false},"author":1,"featured_media":6340,"comment_status":"closed","ping_status":"closed","sticky":false,"template":"","format":"standard","meta":{"footnotes":""},"categories":[97,96,30,18],"tags":[],"class_list":["post-6338","post","type-post","status-publish","format-standard","has-post-thumbnail","hentry","category-16-dani-hsib","category-96","category-dani-hrvatskih-svetaca-i-blazenika","category-zbivanja"],"_links":{"self":[{"href":"https:\/\/kranjcic.hr\/index.php?rest_route=\/wp\/v2\/posts\/6338","targetHints":{"allow":["GET"]}}],"collection":[{"href":"https:\/\/kranjcic.hr\/index.php?rest_route=\/wp\/v2\/posts"}],"about":[{"href":"https:\/\/kranjcic.hr\/index.php?rest_route=\/wp\/v2\/types\/post"}],"author":[{"embeddable":true,"href":"https:\/\/kranjcic.hr\/index.php?rest_route=\/wp\/v2\/users\/1"}],"replies":[{"embeddable":true,"href":"https:\/\/kranjcic.hr\/index.php?rest_route=%2Fwp%2Fv2%2Fcomments&post=6338"}],"version-history":[{"count":1,"href":"https:\/\/kranjcic.hr\/index.php?rest_route=\/wp\/v2\/posts\/6338\/revisions"}],"predecessor-version":[{"id":6347,"href":"https:\/\/kranjcic.hr\/index.php?rest_route=\/wp\/v2\/posts\/6338\/revisions\/6347"}],"wp:featuredmedia":[{"embeddable":true,"href":"https:\/\/kranjcic.hr\/index.php?rest_route=\/wp\/v2\/media\/6340"}],"wp:attachment":[{"href":"https:\/\/kranjcic.hr\/index.php?rest_route=%2Fwp%2Fv2%2Fmedia&parent=6338"}],"wp:term":[{"taxonomy":"category","embeddable":true,"href":"https:\/\/kranjcic.hr\/index.php?rest_route=%2Fwp%2Fv2%2Fcategories&post=6338"},{"taxonomy":"post_tag","embeddable":true,"href":"https:\/\/kranjcic.hr\/index.php?rest_route=%2Fwp%2Fv2%2Ftags&post=6338"}],"curies":[{"name":"wp","href":"https:\/\/api.w.org\/{rel}","templated":true}]}}