{"id":6348,"date":"2024-05-25T22:48:00","date_gmt":"2024-05-25T22:48:00","guid":{"rendered":"https:\/\/kranjcic.hr\/?p=6348"},"modified":"2024-05-26T15:50:51","modified_gmt":"2024-05-26T15:50:51","slug":"casni-sluga-bozji-ante-tomicic-proslavljen-na-16-danima-hrvatskih-svetaca-i-blazenika-u-krizevcima","status":"publish","type":"post","link":"https:\/\/kranjcic.hr\/?p=6348","title":{"rendered":"\u010cASNI SLUGA BO\u017dJI ANTE TOMI\u010cI\u0106 PROSLAVLJEN NA 16. DANIMA HRVATSKIH SVETACA I BLA\u017dENIKA U KRI\u017dEVCIMA"},"content":{"rendered":"\n<p>Prigodnim uvodnim programom posve\u0107enim \u010dasnom sluzi Bo\u017ejem franjevcu kapucinu Anti Tomi\u010di\u0107u (1901. \u2013 1981.), misnim slavljem koje je predvodio gvardijan i \u017eupnik \u017eupe sv Mihaela iz zagreba\u010dke Donje Dubrave fra Goran Rukavina, a propovijedao fra Jure \u0160ar\u010devi\u0107, te projekcijom dokumentarnoga filma \u201eSvjedoci o Svjedoku\u201c u subotu 25. svibnja 2024. u Kri\u017eevcima je nastavljen program \u010detverodnevnih 16. Dana hrvatskih svetaca i bla\u017eenika.<\/p>\n\n\n\n<p>Uvodni program izvele su \u010dlanice Franjeva\u010dkoga svjetovnog reda i Frame \u017eupe sv. Leopolda Bogdana Mandi\u0107a iz zagreba\u010dke Gornje Dubrave predvo\u0111ene knji\u017eevnicom Dubravkom Rovi\u010danac. Predstavile su raznolik izbor tekstova o skomnom kapucinu \u010dasnom sluzi Bo\u017ejem, uz skladbe posve\u0107ene Anti Tomi\u010di\u0107u.&nbsp; &nbsp;<\/p>\n\n\n\n<p>Slijedilo je misno slavlje koje je, u suslavlju s kri\u017eeva\u010dkim \u017eupnikom Stjepanom Sovi\u010dekom i uz pjev zbora \u017eupe sv. Ane, predvodio fra Goran Rukavina, a propovijedao je fra Jure \u0160ar\u010devi\u0107. Kako je godinu dana \u017eivio s fra Antom propovijed je o. \u0160ar\u010devi\u0107 u velikoj mjeri bazirao na osobnom svjedo\u010danstvu i do\u017eivljaju skromnoga sluge Bo\u017ejeg. Opisao ga je kao blagu osobu, malo pogurenog \u010dovjeka s krunicom u ruci, sjajnih o\u010diju i prodornog pogleda, kao tipi\u010dnog predstavnika kapucinske reforme i duhovnosti. \u201eBio je ponizan, nije \u017eelio da se za njega zna, pomagao je, prosio i po cijele dane molio. Prosio je hranu i nov\u010dana sredstva po cijeloj Hrvatskoj, BiH, Vojvodini, \u010dak i po Beogradu, za gradnju kapucinskih samostana u Dubrovniku, Vara\u017edinu i Zagrebu, a sakristan je u crkvi Majke Bo\u017eje Lurdske u Rijeci bio vi\u0161e od 30 godina\u201c, istaknuo je o. \u0160ar\u010devi\u0107 rekav\u0161i da je bio srda\u010dan sa svim ljudima, a da su ga vjernici koje je rado primao do\u017eivljavali ponajprije kao strpljiva i ponizna \u010dovjeka. Fra Jure \u0160ar\u010devi\u0107 okupljanima je objasnio da su zavr\u0161eni procesi za beatifikaciju fra Ante i na biskupijskoj razini i u Vatikanu te da je za progla\u0161enje bla\u017eenim jo\u0161 potrebno dokazati jedno \u010dudo po Tomi\u010di\u0107evu zagovoru. U tom je smislu predvoditelj mise fra Goran Rukavina pozvao vjernike da se u svojim potrebama molitvom utje\u010du sluzi Bo\u017ejem fra Anti i da eventualna usli\u0161anja prijave ocima kapucinima.<\/p>\n\n\n\n<p>Nakon mise odr\u017eana je projekcija dokumentarnoga filma \u201eSvjedoci o Svjedoku\u201c posve\u0107enog fra Anti Tomi\u010di\u0107u. Autorica toga filma je Irena Hrvatin, a producent Media Art.&nbsp;<\/p>\n\n\n\n<p>Cjelove\u010dernja se proslava \u010dasnoga sluge Bo\u017ejeg Ante Tomi\u010di\u0107a mogla pratiti preko facebooka portala prigorski.hr, Hrvatskoga katoli\u010dkog radija, Radio Marije i Glasa Koncila.<\/p>\n\n\n\n<figure class=\"wp-block-gallery has-nested-images columns-default is-cropped wp-block-gallery-1 is-layout-flex wp-block-gallery-is-layout-flex\">\n<figure class=\"wp-block-image size-large\"><a href=\"https:\/\/kranjcic.hr\/wp-content\/uploads\/2024\/05\/01-Skupna-1.jpg\"><img loading=\"lazy\" decoding=\"async\" width=\"1024\" height=\"499\" data-id=\"6349\" src=\"https:\/\/kranjcic.hr\/wp-content\/uploads\/2024\/05\/01-Skupna-1-1024x499.jpg\" alt=\"\" class=\"wp-image-6349\" srcset=\"https:\/\/kranjcic.hr\/wp-content\/uploads\/2024\/05\/01-Skupna-1-1024x499.jpg 1024w, https:\/\/kranjcic.hr\/wp-content\/uploads\/2024\/05\/01-Skupna-1-200x98.jpg 200w, https:\/\/kranjcic.hr\/wp-content\/uploads\/2024\/05\/01-Skupna-1-120x59.jpg 120w, https:\/\/kranjcic.hr\/wp-content\/uploads\/2024\/05\/01-Skupna-1-1536x749.jpg 1536w, https:\/\/kranjcic.hr\/wp-content\/uploads\/2024\/05\/01-Skupna-1.jpg 1825w\" sizes=\"auto, (max-width: 1024px) 100vw, 1024px\" \/><\/a><\/figure>\n\n\n\n<figure class=\"wp-block-image size-large\"><a href=\"https:\/\/kranjcic.hr\/wp-content\/uploads\/2024\/05\/02-Pretprogram.jpg\"><img loading=\"lazy\" decoding=\"async\" width=\"1024\" height=\"768\" data-id=\"6351\" src=\"https:\/\/kranjcic.hr\/wp-content\/uploads\/2024\/05\/02-Pretprogram-1024x768.jpg\" alt=\"\" class=\"wp-image-6351\" srcset=\"https:\/\/kranjcic.hr\/wp-content\/uploads\/2024\/05\/02-Pretprogram-1024x768.jpg 1024w, https:\/\/kranjcic.hr\/wp-content\/uploads\/2024\/05\/02-Pretprogram-200x150.jpg 200w, https:\/\/kranjcic.hr\/wp-content\/uploads\/2024\/05\/02-Pretprogram-120x90.jpg 120w, https:\/\/kranjcic.hr\/wp-content\/uploads\/2024\/05\/02-Pretprogram.jpg 1400w\" sizes=\"auto, (max-width: 1024px) 100vw, 1024px\" \/><\/a><\/figure>\n\n\n\n<figure class=\"wp-block-image size-large\"><a href=\"https:\/\/kranjcic.hr\/wp-content\/uploads\/2024\/05\/03-Jure-Sarcevic-propovijeda.jpg\"><img loading=\"lazy\" decoding=\"async\" width=\"1024\" height=\"768\" data-id=\"6352\" src=\"https:\/\/kranjcic.hr\/wp-content\/uploads\/2024\/05\/03-Jure-Sarcevic-propovijeda-1024x768.jpg\" alt=\"\" class=\"wp-image-6352\" srcset=\"https:\/\/kranjcic.hr\/wp-content\/uploads\/2024\/05\/03-Jure-Sarcevic-propovijeda-1024x768.jpg 1024w, https:\/\/kranjcic.hr\/wp-content\/uploads\/2024\/05\/03-Jure-Sarcevic-propovijeda-200x150.jpg 200w, https:\/\/kranjcic.hr\/wp-content\/uploads\/2024\/05\/03-Jure-Sarcevic-propovijeda-120x90.jpg 120w, https:\/\/kranjcic.hr\/wp-content\/uploads\/2024\/05\/03-Jure-Sarcevic-propovijeda.jpg 1400w\" sizes=\"auto, (max-width: 1024px) 100vw, 1024px\" \/><\/a><\/figure>\n\n\n\n<figure class=\"wp-block-image size-large\"><a href=\"https:\/\/kranjcic.hr\/wp-content\/uploads\/2024\/05\/04-Misa.jpg\"><img loading=\"lazy\" decoding=\"async\" width=\"1024\" height=\"768\" data-id=\"6350\" src=\"https:\/\/kranjcic.hr\/wp-content\/uploads\/2024\/05\/04-Misa-1024x768.jpg\" alt=\"\" class=\"wp-image-6350\" srcset=\"https:\/\/kranjcic.hr\/wp-content\/uploads\/2024\/05\/04-Misa-1024x768.jpg 1024w, https:\/\/kranjcic.hr\/wp-content\/uploads\/2024\/05\/04-Misa-200x150.jpg 200w, https:\/\/kranjcic.hr\/wp-content\/uploads\/2024\/05\/04-Misa-120x90.jpg 120w, https:\/\/kranjcic.hr\/wp-content\/uploads\/2024\/05\/04-Misa.jpg 1400w\" sizes=\"auto, (max-width: 1024px) 100vw, 1024px\" \/><\/a><\/figure>\n<\/figure>\n","protected":false},"excerpt":{"rendered":"<p>Prigodnim uvodnim programom posve\u0107enim \u010dasnom sluzi Bo\u017ejem franjevcu kapucinu Anti Tomi\u010di\u0107u (1901. \u2013 1981.), misnim slavljem koje je predvodio gvardijan i \u017eupnik \u017eupe sv Mihaela iz zagreba\u010dke Donje Dubrave fra Goran Rukavina, a propovijedao fra Jure \u0160ar\u010devi\u0107, te projekcijom dokumentarnoga filma \u201eSvjedoci o Svjedoku\u201c u subotu 25. svibnja 2024. u&hellip; <\/p>\n","protected":false},"author":1,"featured_media":6350,"comment_status":"closed","ping_status":"closed","sticky":false,"template":"","format":"standard","meta":{"footnotes":""},"categories":[97,96,18],"tags":[],"class_list":["post-6348","post","type-post","status-publish","format-standard","has-post-thumbnail","hentry","category-16-dani-hsib","category-96","category-zbivanja"],"_links":{"self":[{"href":"https:\/\/kranjcic.hr\/index.php?rest_route=\/wp\/v2\/posts\/6348","targetHints":{"allow":["GET"]}}],"collection":[{"href":"https:\/\/kranjcic.hr\/index.php?rest_route=\/wp\/v2\/posts"}],"about":[{"href":"https:\/\/kranjcic.hr\/index.php?rest_route=\/wp\/v2\/types\/post"}],"author":[{"embeddable":true,"href":"https:\/\/kranjcic.hr\/index.php?rest_route=\/wp\/v2\/users\/1"}],"replies":[{"embeddable":true,"href":"https:\/\/kranjcic.hr\/index.php?rest_route=%2Fwp%2Fv2%2Fcomments&post=6348"}],"version-history":[{"count":1,"href":"https:\/\/kranjcic.hr\/index.php?rest_route=\/wp\/v2\/posts\/6348\/revisions"}],"predecessor-version":[{"id":6353,"href":"https:\/\/kranjcic.hr\/index.php?rest_route=\/wp\/v2\/posts\/6348\/revisions\/6353"}],"wp:featuredmedia":[{"embeddable":true,"href":"https:\/\/kranjcic.hr\/index.php?rest_route=\/wp\/v2\/media\/6350"}],"wp:attachment":[{"href":"https:\/\/kranjcic.hr\/index.php?rest_route=%2Fwp%2Fv2%2Fmedia&parent=6348"}],"wp:term":[{"taxonomy":"category","embeddable":true,"href":"https:\/\/kranjcic.hr\/index.php?rest_route=%2Fwp%2Fv2%2Fcategories&post=6348"},{"taxonomy":"post_tag","embeddable":true,"href":"https:\/\/kranjcic.hr\/index.php?rest_route=%2Fwp%2Fv2%2Ftags&post=6348"}],"curies":[{"name":"wp","href":"https:\/\/api.w.org\/{rel}","templated":true}]}}