{"id":6380,"date":"2024-06-21T23:08:00","date_gmt":"2024-06-21T23:08:00","guid":{"rendered":"https:\/\/kranjcic.hr\/?p=6380"},"modified":"2024-06-24T22:14:03","modified_gmt":"2024-06-24T22:14:03","slug":"nadbiskup-lavova-mieczyslaw-mokrzycki-otvorio-izlozbu-hrvatskih-svetaca-iris-mihatov-miocic-u-sinju","status":"publish","type":"post","link":"https:\/\/kranjcic.hr\/?p=6380","title":{"rendered":"NADBISKUP LAVOVA MIECZYSLAW MOKRZYCKI OTVORIO IZLO\u017dBU HRVATSKIH SVETACA IRIS MIHATOV MIO\u010cI\u0106 U SINJU"},"content":{"rendered":"\n<p>Izlo\u017eba zadarske akademske slikarice Iris Mihatov Mio\u010di\u0107 \u201eHrvatski sveci i bla\u017eenici u na\u0161em narodu\u201c sve\u010dano je otvorena u petak 21. lipnja 2024. u sveti\u0161tu \u010cudotvorne Gospe Sinjske kao dio programa 3. Dana duhovne ba\u0161tine marijanskih sveti\u0161ta. Izlo\u017ebu je otvorio nadbiskup Lavova mons. Mieczyslaw Mokrzycki, nekada\u0161nji podtajnik i sv. pape Ivana Pavla II. i pape Benedikta XVI.<\/p>\n\n\n\n<p>Uvodno su okupljene pozdravili doma\u0107ini rektor sveti\u0161ta Gospe Sinjske fra Marinko Vukman i direktorica Turisti\u010dke zajednice Sinja Monika Vrgo\u010d izraziv\u0161i radost \u0161to se izlo\u017eba iz ciklusa \u201eHrvatski sveci i bla\u017eenici u na\u0161em narodu\u201c u Sinju otvara tre\u0107i put, uvijek s portretima hrvatskih svetaca i bla\u017eenika, slugu i slu\u017ebenica Bo\u017ejih nekoga drugog umjetnika. Rektor Nacionalnog sveti\u0161ta sv. Josipa iz Karlovca mons. Antun Sente ml. kao voditelj izlo\u017ebenog ciklusa zahvalio je na podr\u0161ci sinjskom sveti\u0161tu pojasniv\u0161i da se potaknut pozivom iz Kri\u017eevaca, iz kojih je izlo\u017ebeni ciklus niknuo prije 16 godina uz Dane hrvatskih svetaca i bla\u017eenika, odva\u017eio u\u0107i me\u0111u slikare, da izlo\u017ebeni ciklus posve\u0107en svecima u financijskom smislu ne nosi plus, ali da su plodovi na drugim stranama. Likovni kriti\u010dar Stanko \u0160poljari\u0107 istaknuo je da je sakralna umjetnost, na \u017ealost, na marginama u hrvatskom javnom prostoru i da je zato ovaj izlo\u017ebeni ciklus posve\u0107en hrvatskim svetim ljudima posebno dragocjen. Analizirao je izlo\u017ebu posebno se osvrnuv\u0161i na svjetlo koje je autorica koristila u oblikovanju slika. Iris Mihatov Mio\u010di\u0107 progovorila je o miru i ti\u0161ini iz kojih su niknuli portreti. Program otvorenja moderirala je inicijatorica izlo\u017ebenoga ciklusa Tanja Baran, predsjednica Udruge za promicanje znamenitih Kri\u017eev\u010dana \u201eDr. Stjepan Kranj\u010di\u0107\u201c, rekav\u0161i da se izlo\u017eba otvara u radosnom ozra\u010dju jer je iz Vatikana ovih dana priop\u0107eno da Hrvati dobivaju novoga bla\u017eenika u osobi mu\u010denika Jakova Pali\u0107a. Podsjetila je da je smisao izlo\u017ebe isklju\u010divo promicanje poznavanja i \u0161tovanja hrvatskih duhovnih velikana i da izlo\u017ebeni ciklus zato pripada svima, a ne samo organizatorima koji se o izlo\u017ebi brinu. Nadbiskup Mieczyslaw <a>Mokrzycki <\/a>otvaraju\u0107i izlo\u017ebu podsjetio je kako je papa Ivan Pavao II. za svoga pontifikata mnoge ljude proglasio svetima i bla\u017eenima jer je \u017eelio poru\u010diti da sveci nisu samo ljudi pro\u0161losti, ve\u0107 i na\u0161i suvremenici. \u201ePo njima se svi mo\u017eemo posvetiti, kako bi ljudima oko sebe posvjedo\u010dili ljepotu i dobrotu svetosti i kr\u0161\u0107anskoga imena. \u010cestitam vam na ovoj izlo\u017ebi, na zauzimanju za svoje svece, i neka vas svi oni prate svojim zagovorom u sve dane\u201c, poru\u010dio je nadbiskup Mokrzycki.<\/p>\n\n\n\n<p>Izlo\u017eba \u201eHrvatski sveci i bla\u017eenici u na\u0161em narodu\u201c Iris Mihatov Mio\u010di\u0107 u Sinju \u0107e se mo\u0107i razgledati sljede\u0107a dva tjedna, a zatim se u petak 5. srpnja 2024. otvara u dominikanskom samostanu u Starom Gradu na Hvaru.<\/p>\n\n\n\n<p><\/p>\n\n\n\n<figure class=\"wp-block-gallery has-nested-images columns-default is-cropped wp-block-gallery-1 is-layout-flex wp-block-gallery-is-layout-flex\">\n<figure class=\"wp-block-image size-large\"><a href=\"https:\/\/kranjcic.hr\/wp-content\/uploads\/2024\/06\/01-Izlozba-otvorenje-scaled.jpg\"><img loading=\"lazy\" decoding=\"async\" width=\"1024\" height=\"588\" data-id=\"6384\" src=\"https:\/\/kranjcic.hr\/wp-content\/uploads\/2024\/06\/01-Izlozba-otvorenje-1024x588.jpg\" alt=\"\" class=\"wp-image-6384\" srcset=\"https:\/\/kranjcic.hr\/wp-content\/uploads\/2024\/06\/01-Izlozba-otvorenje-1024x588.jpg 1024w, https:\/\/kranjcic.hr\/wp-content\/uploads\/2024\/06\/01-Izlozba-otvorenje-200x115.jpg 200w, https:\/\/kranjcic.hr\/wp-content\/uploads\/2024\/06\/01-Izlozba-otvorenje-120x69.jpg 120w, https:\/\/kranjcic.hr\/wp-content\/uploads\/2024\/06\/01-Izlozba-otvorenje-1536x882.jpg 1536w, https:\/\/kranjcic.hr\/wp-content\/uploads\/2024\/06\/01-Izlozba-otvorenje-2048x1176.jpg 2048w\" sizes=\"auto, (max-width: 1024px) 100vw, 1024px\" \/><\/a><\/figure>\n\n\n\n<figure class=\"wp-block-image size-large\"><a href=\"https:\/\/kranjcic.hr\/wp-content\/uploads\/2024\/06\/02-Izlozba-svi-scaled.jpg\"><img loading=\"lazy\" decoding=\"async\" width=\"1024\" height=\"570\" data-id=\"6385\" src=\"https:\/\/kranjcic.hr\/wp-content\/uploads\/2024\/06\/02-Izlozba-svi-1024x570.jpg\" alt=\"\" class=\"wp-image-6385\" srcset=\"https:\/\/kranjcic.hr\/wp-content\/uploads\/2024\/06\/02-Izlozba-svi-1024x570.jpg 1024w, https:\/\/kranjcic.hr\/wp-content\/uploads\/2024\/06\/02-Izlozba-svi-200x111.jpg 200w, https:\/\/kranjcic.hr\/wp-content\/uploads\/2024\/06\/02-Izlozba-svi-120x67.jpg 120w, https:\/\/kranjcic.hr\/wp-content\/uploads\/2024\/06\/02-Izlozba-svi-1536x855.jpg 1536w, https:\/\/kranjcic.hr\/wp-content\/uploads\/2024\/06\/02-Izlozba-svi-2048x1140.jpg 2048w\" sizes=\"auto, (max-width: 1024px) 100vw, 1024px\" \/><\/a><\/figure>\n\n\n\n<figure class=\"wp-block-image size-large\"><a href=\"https:\/\/kranjcic.hr\/wp-content\/uploads\/2024\/06\/03-Sv.-Marko-Krizevcanin-i-Stjepan-Kranjcic.jpg\"><img loading=\"lazy\" decoding=\"async\" width=\"1024\" height=\"645\" data-id=\"6382\" src=\"https:\/\/kranjcic.hr\/wp-content\/uploads\/2024\/06\/03-Sv.-Marko-Krizevcanin-i-Stjepan-Kranjcic-1024x645.jpg\" alt=\"\" class=\"wp-image-6382\" srcset=\"https:\/\/kranjcic.hr\/wp-content\/uploads\/2024\/06\/03-Sv.-Marko-Krizevcanin-i-Stjepan-Kranjcic-1024x645.jpg 1024w, https:\/\/kranjcic.hr\/wp-content\/uploads\/2024\/06\/03-Sv.-Marko-Krizevcanin-i-Stjepan-Kranjcic-200x126.jpg 200w, https:\/\/kranjcic.hr\/wp-content\/uploads\/2024\/06\/03-Sv.-Marko-Krizevcanin-i-Stjepan-Kranjcic-120x76.jpg 120w, https:\/\/kranjcic.hr\/wp-content\/uploads\/2024\/06\/03-Sv.-Marko-Krizevcanin-i-Stjepan-Kranjcic-1536x967.jpg 1536w, https:\/\/kranjcic.hr\/wp-content\/uploads\/2024\/06\/03-Sv.-Marko-Krizevcanin-i-Stjepan-Kranjcic-2048x1290.jpg 2048w\" sizes=\"auto, (max-width: 1024px) 100vw, 1024px\" \/><\/a><\/figure>\n\n\n\n<figure class=\"wp-block-image size-large\"><a href=\"https:\/\/kranjcic.hr\/wp-content\/uploads\/2024\/06\/04-Bl.-Alojzije-Stepinac-i-Franjo-Kuharic.jpg\"><img loading=\"lazy\" decoding=\"async\" width=\"1024\" height=\"569\" data-id=\"6383\" src=\"https:\/\/kranjcic.hr\/wp-content\/uploads\/2024\/06\/04-Bl.-Alojzije-Stepinac-i-Franjo-Kuharic-1024x569.jpg\" alt=\"\" class=\"wp-image-6383\" srcset=\"https:\/\/kranjcic.hr\/wp-content\/uploads\/2024\/06\/04-Bl.-Alojzije-Stepinac-i-Franjo-Kuharic-1024x569.jpg 1024w, https:\/\/kranjcic.hr\/wp-content\/uploads\/2024\/06\/04-Bl.-Alojzije-Stepinac-i-Franjo-Kuharic-200x111.jpg 200w, https:\/\/kranjcic.hr\/wp-content\/uploads\/2024\/06\/04-Bl.-Alojzije-Stepinac-i-Franjo-Kuharic-120x67.jpg 120w, https:\/\/kranjcic.hr\/wp-content\/uploads\/2024\/06\/04-Bl.-Alojzije-Stepinac-i-Franjo-Kuharic-1536x853.jpg 1536w, https:\/\/kranjcic.hr\/wp-content\/uploads\/2024\/06\/04-Bl.-Alojzije-Stepinac-i-Franjo-Kuharic-2048x1138.jpg 2048w\" sizes=\"auto, (max-width: 1024px) 100vw, 1024px\" \/><\/a><\/figure>\n\n\n\n<figure class=\"wp-block-image size-large\"><a href=\"https:\/\/kranjcic.hr\/wp-content\/uploads\/2024\/06\/05-Iz-publike.jpg\"><img loading=\"lazy\" decoding=\"async\" width=\"1024\" height=\"768\" data-id=\"6381\" src=\"https:\/\/kranjcic.hr\/wp-content\/uploads\/2024\/06\/05-Iz-publike-1024x768.jpg\" alt=\"\" class=\"wp-image-6381\" srcset=\"https:\/\/kranjcic.hr\/wp-content\/uploads\/2024\/06\/05-Iz-publike-1024x768.jpg 1024w, https:\/\/kranjcic.hr\/wp-content\/uploads\/2024\/06\/05-Iz-publike-200x150.jpg 200w, https:\/\/kranjcic.hr\/wp-content\/uploads\/2024\/06\/05-Iz-publike-120x90.jpg 120w, https:\/\/kranjcic.hr\/wp-content\/uploads\/2024\/06\/05-Iz-publike-1536x1152.jpg 1536w, https:\/\/kranjcic.hr\/wp-content\/uploads\/2024\/06\/05-Iz-publike.jpg 2048w\" sizes=\"auto, (max-width: 1024px) 100vw, 1024px\" \/><\/a><\/figure>\n<\/figure>\n","protected":false},"excerpt":{"rendered":"<p>Izlo\u017eba zadarske akademske slikarice Iris Mihatov Mio\u010di\u0107 \u201eHrvatski sveci i bla\u017eenici u na\u0161em narodu\u201c sve\u010dano je otvorena u petak 21. lipnja 2024. u sveti\u0161tu \u010cudotvorne Gospe Sinjske kao dio programa 3. Dana duhovne ba\u0161tine marijanskih sveti\u0161ta. Izlo\u017ebu je otvorio nadbiskup Lavova mons. Mieczyslaw Mokrzycki, nekada\u0161nji podtajnik i sv. pape Ivana&hellip; <\/p>\n","protected":false},"author":1,"featured_media":6385,"comment_status":"closed","ping_status":"closed","sticky":false,"template":"","format":"standard","meta":{"footnotes":""},"categories":[89,96,30],"tags":[],"class_list":["post-6380","post","type-post","status-publish","format-standard","has-post-thumbnail","hentry","category-14-dani-hsib","category-96","category-dani-hrvatskih-svetaca-i-blazenika"],"_links":{"self":[{"href":"https:\/\/kranjcic.hr\/index.php?rest_route=\/wp\/v2\/posts\/6380","targetHints":{"allow":["GET"]}}],"collection":[{"href":"https:\/\/kranjcic.hr\/index.php?rest_route=\/wp\/v2\/posts"}],"about":[{"href":"https:\/\/kranjcic.hr\/index.php?rest_route=\/wp\/v2\/types\/post"}],"author":[{"embeddable":true,"href":"https:\/\/kranjcic.hr\/index.php?rest_route=\/wp\/v2\/users\/1"}],"replies":[{"embeddable":true,"href":"https:\/\/kranjcic.hr\/index.php?rest_route=%2Fwp%2Fv2%2Fcomments&post=6380"}],"version-history":[{"count":3,"href":"https:\/\/kranjcic.hr\/index.php?rest_route=\/wp\/v2\/posts\/6380\/revisions"}],"predecessor-version":[{"id":6390,"href":"https:\/\/kranjcic.hr\/index.php?rest_route=\/wp\/v2\/posts\/6380\/revisions\/6390"}],"wp:featuredmedia":[{"embeddable":true,"href":"https:\/\/kranjcic.hr\/index.php?rest_route=\/wp\/v2\/media\/6385"}],"wp:attachment":[{"href":"https:\/\/kranjcic.hr\/index.php?rest_route=%2Fwp%2Fv2%2Fmedia&parent=6380"}],"wp:term":[{"taxonomy":"category","embeddable":true,"href":"https:\/\/kranjcic.hr\/index.php?rest_route=%2Fwp%2Fv2%2Fcategories&post=6380"},{"taxonomy":"post_tag","embeddable":true,"href":"https:\/\/kranjcic.hr\/index.php?rest_route=%2Fwp%2Fv2%2Ftags&post=6380"}],"curies":[{"name":"wp","href":"https:\/\/api.w.org\/{rel}","templated":true}]}}