{"id":6392,"date":"2024-07-05T22:04:00","date_gmt":"2024-07-05T22:04:00","guid":{"rendered":"https:\/\/kranjcic.hr\/?p=6392"},"modified":"2024-07-06T16:10:16","modified_gmt":"2024-07-06T16:10:16","slug":"hrvatski-sveci-iris-mihatov-miocic-predstavljeni-u-starom-gradu-na-hvaru","status":"publish","type":"post","link":"https:\/\/kranjcic.hr\/?p=6392","title":{"rendered":"HRVATSKI SVECI IRIS MIHATOV MIO\u010cI\u0106 PREDSTAVLJENI U STAROM GRADU NA HVARU"},"content":{"rendered":"\n<p>Izlo\u017eba \u201eHrvatski sveci i bla\u017eenici u na\u0161em narodu\u201c akademske slikarice Iris Mihatov Mio\u010di\u0107 sve\u010dano je u petak 5. srpnja 2024. otvorena u galeriji \u201eStratiko\u201c dominikanskog samostana sv. Petra Mu\u010denika u Starom Gradu na Hvaru. O izlo\u017ebi su uz autoricu govorili doma\u0107in, samostanski starje\u0161ina fr. Ante Kazoti, rektor Nacionalnog sveti\u0161ta sv. Josipa mons. Antun Sente i predsjednica Udruge za promicanje znamenitih Kri\u017eev\u010dana \u201eDr. Stjepan Kranj\u010di\u0107\u201c Tanja Baran. U glazbenom je programu nastupio bariton Dario Beli\u0107 uz korepeticiju Slavka Relji\u0107a, a izlo\u017ebu je otvorio do\u017eupan Splitsko-dalmatinske \u017eupanije Stipe \u010cogelja.<\/p>\n\n\n\n<p>Fr. Ante Kazoti izrazio je radost \u0161to se izlo\u017eba \u201eHrvatski sveci i bla\u017eenici u na\u0161em narodu\u201c tre\u0107i put otvara u dominikanskom samostanu u Starom Gradu jer sveci okupljaju i uz njih je lijepo biti. Naglasio je da su sveci Iris Mihatov Mio\u010di\u0107 realisti\u010dni pa se pred njima svatko mo\u017ee pomoliti, a da osobito privla\u010de pogledi svetaca, \u0161to je autorica postigla dojmljivim kori\u0161tenjem svjetla pod razli\u010ditim kutovima.<\/p>\n\n\n\n<p>Mons. Antun Sente kao nositelj izlo\u017ebenoga projekta okupljenima je ispripovijedao o jako dobrom prijemu izlo\u017ebe koja je dosad postavljena u \u010dak 16 hrvatskih sredina. \u201eInteres za ovu izlo\u017ebu ne jenjava. Tek \u0161to smo je otvorili u Sinju, ve\u0107 smo sada u Starom Gradu, nakon toga je selimo u Podravinu\u201c, izjavio je mons. Sente izraziv\u0161i veliku radost \u0161to je interes za izlo\u017ebenim ciklusom diljem domovine izniman.<\/p>\n\n\n\n<p>Autorica Iris Mihatov Mio\u010di\u0107 posvjedo\u010dila je da je od ranije znala da Nacionalno sveti\u0161te sv. Josipa iz Karlovca i Udruga \u201eDr. Stjepan Kranj\u010di\u0107\u201c iz Kri\u017eevaca vi\u0161e godina vode taj ciklus posve\u0107en hrvatskim svecima s vi\u0161e razli\u010ditih slikara i da je intimno \u017eeljela da i ona bude pozvana. \u201eObuzela me neopisiva sre\u0107a kad me nazvao rektor sveti\u0161ta i ponudio mi da budem autorica izlo\u017ebe. Bio mi je to jasan znak da su i sv. Josip kao za\u0161titnik Hrvatske i hrvatski sveci i bla\u017eenici \u010duli tu moju \u017eelju. Tijekom slikanja jako sam se pribli\u017eila na\u0161im duhovnim velikanima, duhovno sam uz njih jako narasla, obi\u0161li smo s izlo\u017ebama mnoge hrvatske krajeve i sveci su mi otvorili brojne nove prilike\u201c, ispripovijedala je autorica.<\/p>\n\n\n\n<p>Inicijatorica izlo\u017ebenoga ciklusa, koji svake godine zapo\u010dinje krajem svibnja u Kri\u017eevcima na Danima hrvatskih svetaca i bla\u017eenika, Tanja Baran okupljenima je pribli\u017eila nakanu boljeg poznavanja i intenzivnijeg \u0161tovanja hrvatskih svetaca. Izrazila je zadovoljstvo \u0161to se izlo\u017eba, zahvaljuju\u0107i doma\u0107inu fr. Anti Kazotiju, otvara u hvarskoj domovini najstarijega hrvatskog bla\u017eenika Augustina Ka\u017eoti\u0107a, u starogradskom dominikanskom samostanu, gdje je lani postavljen i spomeniku bl. Ka\u017eoti\u0107u, a i gdje je samostanski starje\u0161ina o. Kazoti Ka\u017eoti\u0107ev ro\u0111ak.<\/p>\n\n\n\n<p>Otvaraju\u0107i izlo\u017ebu splitsko-dalmatinski do\u017eupan Stipe \u010cogelja prenio je pozdrave \u017eupana Bla\u017eenka Bobana koji je lani otvorio izlo\u017ebu, govorio je o samoj autorici, o njenom dosada\u0161njem stvarala\u0161tvu te je otvorio izlo\u017ebu koja \u0107e u Starom Gradu biti otvorena do 10. kolovoza.<\/p>\n\n\n\n<p>Sve\u010danosti su prisustvovali gradona\u010delnik Staroga Grada Antonio \u0160karpa, predsjednik Gradskoga vije\u0107a grada Hvara Jurica Mili\u010di\u0107&nbsp; te sve\u0107enik Kristijan Peri\u0107, \u017eupnik u Donjoj Obrije\u017ei kraj Pakraca, bliski ro\u0111ak jednoga od najmla\u0111ih hrvatskih bla\u017eenika Antona Muzi\u0107a. &nbsp;<\/p>\n\n\n\n<p>Sve\u010danosti otvorenja izlo\u017ebe prethodilo je misno slavlje koje je u dominikanskoj samostanskoj crkvi sv. Petra Mu\u010denika predvodio mons. Antun Sente, a uz starje\u0161inu Kazotija, koncelebrirali su don Nik\u0161a Bi\u017eaca te mons. Pablo Castiglia, tajnik kardinala Angela De Donatisa.<\/p>\n\n\n\n<figure class=\"wp-block-gallery has-nested-images columns-default is-cropped wp-block-gallery-1 is-layout-flex wp-block-gallery-is-layout-flex\">\n<figure class=\"wp-block-image size-large\"><a href=\"https:\/\/kranjcic.hr\/wp-content\/uploads\/2024\/07\/01-Otvorenje-izlozbe.jpg\"><img loading=\"lazy\" decoding=\"async\" width=\"1024\" height=\"694\" data-id=\"6397\" src=\"https:\/\/kranjcic.hr\/wp-content\/uploads\/2024\/07\/01-Otvorenje-izlozbe-1024x694.jpg\" alt=\"\" class=\"wp-image-6397\" srcset=\"https:\/\/kranjcic.hr\/wp-content\/uploads\/2024\/07\/01-Otvorenje-izlozbe-1024x694.jpg 1024w, https:\/\/kranjcic.hr\/wp-content\/uploads\/2024\/07\/01-Otvorenje-izlozbe-200x136.jpg 200w, https:\/\/kranjcic.hr\/wp-content\/uploads\/2024\/07\/01-Otvorenje-izlozbe-120x81.jpg 120w, https:\/\/kranjcic.hr\/wp-content\/uploads\/2024\/07\/01-Otvorenje-izlozbe-1536x1042.jpg 1536w, https:\/\/kranjcic.hr\/wp-content\/uploads\/2024\/07\/01-Otvorenje-izlozbe-2048x1389.jpg 2048w\" sizes=\"auto, (max-width: 1024px) 100vw, 1024px\" \/><\/a><\/figure>\n\n\n\n<figure class=\"wp-block-image size-large\"><a href=\"https:\/\/kranjcic.hr\/wp-content\/uploads\/2024\/07\/02-Detalj-s-otvorenja-izlozbe.jpg\"><img loading=\"lazy\" decoding=\"async\" width=\"1024\" height=\"742\" data-id=\"6395\" src=\"https:\/\/kranjcic.hr\/wp-content\/uploads\/2024\/07\/02-Detalj-s-otvorenja-izlozbe-1024x742.jpg\" alt=\"\" class=\"wp-image-6395\" srcset=\"https:\/\/kranjcic.hr\/wp-content\/uploads\/2024\/07\/02-Detalj-s-otvorenja-izlozbe-1024x742.jpg 1024w, https:\/\/kranjcic.hr\/wp-content\/uploads\/2024\/07\/02-Detalj-s-otvorenja-izlozbe-200x145.jpg 200w, https:\/\/kranjcic.hr\/wp-content\/uploads\/2024\/07\/02-Detalj-s-otvorenja-izlozbe-120x87.jpg 120w, https:\/\/kranjcic.hr\/wp-content\/uploads\/2024\/07\/02-Detalj-s-otvorenja-izlozbe-1536x1113.jpg 1536w, https:\/\/kranjcic.hr\/wp-content\/uploads\/2024\/07\/02-Detalj-s-otvorenja-izlozbe-474x342.jpg 474w, https:\/\/kranjcic.hr\/wp-content\/uploads\/2024\/07\/02-Detalj-s-otvorenja-izlozbe.jpg 1907w\" sizes=\"auto, (max-width: 1024px) 100vw, 1024px\" \/><\/a><\/figure>\n\n\n\n<figure class=\"wp-block-image size-large\"><a href=\"https:\/\/kranjcic.hr\/wp-content\/uploads\/2024\/07\/03-Glazbeni-program.jpg\"><img loading=\"lazy\" decoding=\"async\" width=\"1024\" height=\"768\" data-id=\"6396\" src=\"https:\/\/kranjcic.hr\/wp-content\/uploads\/2024\/07\/03-Glazbeni-program-1024x768.jpg\" alt=\"\" class=\"wp-image-6396\" srcset=\"https:\/\/kranjcic.hr\/wp-content\/uploads\/2024\/07\/03-Glazbeni-program-1024x768.jpg 1024w, https:\/\/kranjcic.hr\/wp-content\/uploads\/2024\/07\/03-Glazbeni-program-200x150.jpg 200w, https:\/\/kranjcic.hr\/wp-content\/uploads\/2024\/07\/03-Glazbeni-program-120x90.jpg 120w, https:\/\/kranjcic.hr\/wp-content\/uploads\/2024\/07\/03-Glazbeni-program.jpg 1400w\" sizes=\"auto, (max-width: 1024px) 100vw, 1024px\" \/><\/a><\/figure>\n\n\n\n<figure class=\"wp-block-image size-large\"><a href=\"https:\/\/kranjcic.hr\/wp-content\/uploads\/2024\/07\/04-Sudionici-nakon-otvorenja-ispred-Kazoticeva-spomenika.jpg\"><img loading=\"lazy\" decoding=\"async\" width=\"1024\" height=\"578\" data-id=\"6394\" src=\"https:\/\/kranjcic.hr\/wp-content\/uploads\/2024\/07\/04-Sudionici-nakon-otvorenja-ispred-Kazoticeva-spomenika-1024x578.jpg\" alt=\"\" class=\"wp-image-6394\" srcset=\"https:\/\/kranjcic.hr\/wp-content\/uploads\/2024\/07\/04-Sudionici-nakon-otvorenja-ispred-Kazoticeva-spomenika-1024x578.jpg 1024w, https:\/\/kranjcic.hr\/wp-content\/uploads\/2024\/07\/04-Sudionici-nakon-otvorenja-ispred-Kazoticeva-spomenika-200x113.jpg 200w, https:\/\/kranjcic.hr\/wp-content\/uploads\/2024\/07\/04-Sudionici-nakon-otvorenja-ispred-Kazoticeva-spomenika-120x68.jpg 120w, https:\/\/kranjcic.hr\/wp-content\/uploads\/2024\/07\/04-Sudionici-nakon-otvorenja-ispred-Kazoticeva-spomenika-1536x868.jpg 1536w, https:\/\/kranjcic.hr\/wp-content\/uploads\/2024\/07\/04-Sudionici-nakon-otvorenja-ispred-Kazoticeva-spomenika.jpg 1818w\" sizes=\"auto, (max-width: 1024px) 100vw, 1024px\" \/><\/a><\/figure>\n\n\n\n<figure class=\"wp-block-image size-large\"><a href=\"https:\/\/kranjcic.hr\/wp-content\/uploads\/2024\/07\/05-Misa-prije-izlozbe.jpg\"><img loading=\"lazy\" decoding=\"async\" width=\"1024\" height=\"768\" data-id=\"6393\" src=\"https:\/\/kranjcic.hr\/wp-content\/uploads\/2024\/07\/05-Misa-prije-izlozbe-1024x768.jpg\" alt=\"\" class=\"wp-image-6393\" srcset=\"https:\/\/kranjcic.hr\/wp-content\/uploads\/2024\/07\/05-Misa-prije-izlozbe-1024x768.jpg 1024w, https:\/\/kranjcic.hr\/wp-content\/uploads\/2024\/07\/05-Misa-prije-izlozbe-200x150.jpg 200w, https:\/\/kranjcic.hr\/wp-content\/uploads\/2024\/07\/05-Misa-prije-izlozbe-120x90.jpg 120w, https:\/\/kranjcic.hr\/wp-content\/uploads\/2024\/07\/05-Misa-prije-izlozbe.jpg 1400w\" sizes=\"auto, (max-width: 1024px) 100vw, 1024px\" \/><\/a><\/figure>\n<\/figure>\n","protected":false},"excerpt":{"rendered":"<p>Izlo\u017eba \u201eHrvatski sveci i bla\u017eenici u na\u0161em narodu\u201c akademske slikarice Iris Mihatov Mio\u010di\u0107 sve\u010dano je u petak 5. srpnja 2024. otvorena u galeriji \u201eStratiko\u201c dominikanskog samostana sv. Petra Mu\u010denika u Starom Gradu na Hvaru. O izlo\u017ebi su uz autoricu govorili doma\u0107in, samostanski starje\u0161ina fr. Ante Kazoti, rektor Nacionalnog sveti\u0161ta sv.&hellip; <\/p>\n","protected":false},"author":1,"featured_media":6394,"comment_status":"closed","ping_status":"closed","sticky":false,"template":"","format":"standard","meta":{"footnotes":""},"categories":[89,96,7,30],"tags":[],"class_list":["post-6392","post","type-post","status-publish","format-standard","has-post-thumbnail","hentry","category-14-dani-hsib","category-96","category-arhiv-po-godinama","category-dani-hrvatskih-svetaca-i-blazenika"],"_links":{"self":[{"href":"https:\/\/kranjcic.hr\/index.php?rest_route=\/wp\/v2\/posts\/6392","targetHints":{"allow":["GET"]}}],"collection":[{"href":"https:\/\/kranjcic.hr\/index.php?rest_route=\/wp\/v2\/posts"}],"about":[{"href":"https:\/\/kranjcic.hr\/index.php?rest_route=\/wp\/v2\/types\/post"}],"author":[{"embeddable":true,"href":"https:\/\/kranjcic.hr\/index.php?rest_route=\/wp\/v2\/users\/1"}],"replies":[{"embeddable":true,"href":"https:\/\/kranjcic.hr\/index.php?rest_route=%2Fwp%2Fv2%2Fcomments&post=6392"}],"version-history":[{"count":2,"href":"https:\/\/kranjcic.hr\/index.php?rest_route=\/wp\/v2\/posts\/6392\/revisions"}],"predecessor-version":[{"id":6399,"href":"https:\/\/kranjcic.hr\/index.php?rest_route=\/wp\/v2\/posts\/6392\/revisions\/6399"}],"wp:featuredmedia":[{"embeddable":true,"href":"https:\/\/kranjcic.hr\/index.php?rest_route=\/wp\/v2\/media\/6394"}],"wp:attachment":[{"href":"https:\/\/kranjcic.hr\/index.php?rest_route=%2Fwp%2Fv2%2Fmedia&parent=6392"}],"wp:term":[{"taxonomy":"category","embeddable":true,"href":"https:\/\/kranjcic.hr\/index.php?rest_route=%2Fwp%2Fv2%2Fcategories&post=6392"},{"taxonomy":"post_tag","embeddable":true,"href":"https:\/\/kranjcic.hr\/index.php?rest_route=%2Fwp%2Fv2%2Ftags&post=6392"}],"curies":[{"name":"wp","href":"https:\/\/api.w.org\/{rel}","templated":true}]}}