{"id":6432,"date":"2024-10-27T13:50:15","date_gmt":"2024-10-27T13:50:15","guid":{"rendered":"https:\/\/kranjcic.hr\/?p=6432"},"modified":"2024-10-27T13:50:15","modified_gmt":"2024-10-27T13:50:15","slug":"u-krizevcima-odrzan-sesti-znanstveni-skup-hrvatska-knjizevnost-krscanskoga-nadahnuca-krscanski-pisci-jezik-i-bastina","status":"publish","type":"post","link":"https:\/\/kranjcic.hr\/?p=6432","title":{"rendered":"U KRI\u017dEVCIMA ODR\u017dAN \u0160ESTI ZNANSTVENI SKUP \u201eHRVATSKA KNJI\u017dEVNOST KR\u0160\u0106ANSKOGA NADAHNU\u0106A \u2013 KR\u0160\u0106ANSKI PISCI, JEZIK I BA\u0160TINA\u201d"},"content":{"rendered":"\n<p>U organizaciji Fakulteta hrvatskih studija Sveu\u010dili\u0161ta u Zagrebu, Glasa Koncila i Udruge za promicanje znamenitih Kri\u017eev\u010dana \u201eDr. Stjepan Kranj\u010di\u0107\u201c u Kri\u017eevcima je u subotu 26. listopada 2024. odr\u017ean \u0161esti znanstveni skup \u201eHrvatska knji\u017eevnost kr\u0161\u0107anskoga nadahnu\u0107a \u2013 kr\u0161\u0107anski pisci, jezik i ba\u0161tina\u201c. Na znanstvenom skupu sudjelovali su znanstvenici iz cijele Hrvatske i izvan hrvatskih granica. Cilj je bio potaknuti istra\u017eivanje nedovoljno poznatoga t\u0113 u povijestima hrvatske knji\u017eevnosti, znanosti i nastavi zanemarenoga dijela hrvatske knji\u017eevnosti sa \u017eeljom premo\u0161\u0107ivanja umjetno stvorenih diskontinuiteta u hrvatskoj knji\u017eevnosti i kulturi op\u0107enito.<\/p>\n\n\n\n<p>Sve\u010danost otvorenja zapo\u010dela je pozdravnim govorom predsjednice Udruge za promicanje znamenitih Kri\u017eev\u010dana \u201eDr. Stjepan Kranj\u010di\u0107\u201c naslovne docentice dr. sc. Tanje Baran koja je okupljenima predstavila Kri\u017eevce kao iznimno sna\u017eno vjersko sredi\u0161te jo\u0161 iz davnina. Ispripovijedala je da su u Udruzi \u201eDr. Stjepan Kranj\u010di\u0107\u201c na ideju o odr\u017eavanju vi\u0161egod\u0161njega znanstvenoga ciklusa do\u0161li nakon \u0161to su objavili knjigu knji\u017eevnih radova kri\u017eeva\u010dkoga \u017eupnika na glasu svetosti Stjepana Kranj\u010di\u0107a \u201eZa\u0161to me pozvao Gospod?\u201c te nakon \u0161to ve\u0107 vi\u0161e godina redovito organiziraju dva natje\u010daja za kr\u0161\u0107ansku knji\u017eevnost koji su na nacionalnoj razini Susret hrvatskoga duhovnoga knji\u017eevnoga stvarala\u0161tva \u201eStjepan Kranj\u010di\u0107\u201c (\u201eKnji\u017eevni Kranj\u010di\u0107\u201c) i Susret hrvatskoga dje\u010djega duhovnoga stvarala\u0161tva \u201eStjepan Kranj\u010di\u0107\u201c (\u201eDje\u010dji Kranj\u010di\u0107\u201c). Sudionike je pozdravio kri\u017eeva\u010dki \u017eupnik Stjepan Sovi\u010dek, a u ime suorganizatora skupa izv. prof. dr. sc. Karolina Vrban Zrinski s Fakulteta hrvatskih studija i Luka Tripalo iz Glasa Koncila. Prvu sesiju otvorio je predsjednik Organizacijskoga odbora skupa Hrvatska knji\u017eevnost kr\u0161\u0107anskoga nadahnu\u0107a prof. dr. sc. Danijel Laba\u0161.<\/p>\n\n\n\n<p>Uvodno predavanje \u201eKnji\u017eevni poticaji Stjepana Kranj\u010di\u0107a\u201c odr\u017eala je<em>Tanja Baran<\/em>. Nakon toga je <em>Ivan Bekavac-Basi\u0107<\/em> u predavanju \u201eNa\u0161i suvremenici \u2013 hrvatski pisci i pjesnici \u2013 prakti\u010dni vjernici\u201c upoznao prisutne sa stvarala\u0161tvom \u010detiriju suvremenih pisaca kr\u0161\u0107anskoga nadahnu\u0107a. <em>Tamara Bodor <\/em>govorila je o zanemarenoj hrvatskoj knji\u017eevnici, emigrantkinji Nadi Kester\u010danek Vujica i njezinoj recepciji u emigrantskom \u010dasopisu \u201eHrvatska revija\u201c. Zatim je <em>Mirko \u0106uri\u0107<\/em> predstavio zanimljiva knji\u017eevna ostvarenja slavonskog pisca i sve\u0107enika Nikole Tordinca, a prvu sesiju zavr\u0161io je <em>Mark Gjokaj<\/em> sintezom stvarala\u0161tva Marka Maruli\u0107a. Nakon kratke pauze drugu sesiju zapo\u010dela je <em>Sanja Nik\u010devi\u0107 <\/em>svojom tezom o tome kako je iz kanona izba\u010dena kr\u0161\u0107anska poruka, a o novim spoznajama u marulologiji sudionici su saznali iz predavanja <em>Zvonka Pand\u017ei\u0107a<\/em> \u201ePoetika Marka Maruli\u0107a iz hermeneutike sv. Augustina\u201c. <em>Suzana Peran <\/em>i<em> An\u0111elka Ragu\u017e <\/em>predstavile su rezultate komunikolo\u0161kog istra\u017eivanja o hrvatskoj kulturnoj ba\u0161tini na stranicama katoli\u010dkih tiskovina, a <em>Jasna \u0160ego <\/em>podsjetila je na zna\u010dajne hrvatske pjesnike koji su svoje stihove posvetili hrvatskom jeziku. Posljednje izlaganje odr\u017eala je <em>Ana Tereza \u017delinski <\/em>koja je predstavila zanimljiva etnolo\u0161ka istra\u017eivanja Klakar\u010dana u Brodskom Posavlju.<\/p>\n\n\n\n<p>Znanstveni skup odr\u017ean je uz potporu Grada Kri\u017eevaca, a radovi \u0107e biti recenzirani i tiskani u \u010dasopisu \u201eKroatologija\u201c Fakulteta hrvatskih studija tijekom 2025. godine. Sedmi znanstveni skup \u201eHrvatska knji\u017eevnost kr\u0161\u0107anskoga nadahnu\u0107a\u201c planira se za jesen 2026.<\/p>\n\n\n\n<figure class=\"wp-block-gallery has-nested-images columns-default is-cropped wp-block-gallery-1 is-layout-flex wp-block-gallery-is-layout-flex\">\n<figure class=\"wp-block-image size-large\"><img loading=\"lazy\" decoding=\"async\" width=\"1024\" height=\"653\" data-id=\"6437\" src=\"https:\/\/kranjcic.hr\/wp-content\/uploads\/2024\/10\/001-6.-HKKN-izlagaci-skupna-1024x653.jpg\" alt=\"\" class=\"wp-image-6437\" srcset=\"https:\/\/kranjcic.hr\/wp-content\/uploads\/2024\/10\/001-6.-HKKN-izlagaci-skupna-1024x653.jpg 1024w, https:\/\/kranjcic.hr\/wp-content\/uploads\/2024\/10\/001-6.-HKKN-izlagaci-skupna-200x127.jpg 200w, https:\/\/kranjcic.hr\/wp-content\/uploads\/2024\/10\/001-6.-HKKN-izlagaci-skupna-120x76.jpg 120w, https:\/\/kranjcic.hr\/wp-content\/uploads\/2024\/10\/001-6.-HKKN-izlagaci-skupna-1536x979.jpg 1536w, https:\/\/kranjcic.hr\/wp-content\/uploads\/2024\/10\/001-6.-HKKN-izlagaci-skupna.jpg 1544w\" sizes=\"auto, (max-width: 1024px) 100vw, 1024px\" \/><\/figure>\n\n\n\n<figure class=\"wp-block-image size-large\"><img loading=\"lazy\" decoding=\"async\" width=\"1024\" height=\"717\" data-id=\"6440\" src=\"https:\/\/kranjcic.hr\/wp-content\/uploads\/2024\/10\/002-Tanja-Baran-Udruga-Kranjcic-1024x717.jpg\" alt=\"\" class=\"wp-image-6440\" srcset=\"https:\/\/kranjcic.hr\/wp-content\/uploads\/2024\/10\/002-Tanja-Baran-Udruga-Kranjcic-1024x717.jpg 1024w, https:\/\/kranjcic.hr\/wp-content\/uploads\/2024\/10\/002-Tanja-Baran-Udruga-Kranjcic-200x140.jpg 200w, https:\/\/kranjcic.hr\/wp-content\/uploads\/2024\/10\/002-Tanja-Baran-Udruga-Kranjcic-120x84.jpg 120w, https:\/\/kranjcic.hr\/wp-content\/uploads\/2024\/10\/002-Tanja-Baran-Udruga-Kranjcic-230x160.jpg 230w, https:\/\/kranjcic.hr\/wp-content\/uploads\/2024\/10\/002-Tanja-Baran-Udruga-Kranjcic.jpg 1219w\" sizes=\"auto, (max-width: 1024px) 100vw, 1024px\" \/><\/figure>\n\n\n\n<figure class=\"wp-block-image size-large\"><img loading=\"lazy\" decoding=\"async\" width=\"1024\" height=\"696\" data-id=\"6433\" src=\"https:\/\/kranjcic.hr\/wp-content\/uploads\/2024\/10\/003-Stjepan-Sovicek-krizevacki-zupnik-1024x696.jpg\" alt=\"\" class=\"wp-image-6433\" srcset=\"https:\/\/kranjcic.hr\/wp-content\/uploads\/2024\/10\/003-Stjepan-Sovicek-krizevacki-zupnik-1024x696.jpg 1024w, https:\/\/kranjcic.hr\/wp-content\/uploads\/2024\/10\/003-Stjepan-Sovicek-krizevacki-zupnik-200x136.jpg 200w, https:\/\/kranjcic.hr\/wp-content\/uploads\/2024\/10\/003-Stjepan-Sovicek-krizevacki-zupnik-120x82.jpg 120w, https:\/\/kranjcic.hr\/wp-content\/uploads\/2024\/10\/003-Stjepan-Sovicek-krizevacki-zupnik.jpg 1152w\" sizes=\"auto, (max-width: 1024px) 100vw, 1024px\" \/><\/figure>\n\n\n\n<figure class=\"wp-block-image size-large\"><img loading=\"lazy\" decoding=\"async\" width=\"1024\" height=\"685\" data-id=\"6442\" src=\"https:\/\/kranjcic.hr\/wp-content\/uploads\/2024\/10\/004-Karolina-Vrban-Zrinski-FHS-1024x685.jpg\" alt=\"\" class=\"wp-image-6442\" srcset=\"https:\/\/kranjcic.hr\/wp-content\/uploads\/2024\/10\/004-Karolina-Vrban-Zrinski-FHS-1024x685.jpg 1024w, https:\/\/kranjcic.hr\/wp-content\/uploads\/2024\/10\/004-Karolina-Vrban-Zrinski-FHS-200x134.jpg 200w, https:\/\/kranjcic.hr\/wp-content\/uploads\/2024\/10\/004-Karolina-Vrban-Zrinski-FHS-120x80.jpg 120w, https:\/\/kranjcic.hr\/wp-content\/uploads\/2024\/10\/004-Karolina-Vrban-Zrinski-FHS.jpg 1280w\" sizes=\"auto, (max-width: 1024px) 100vw, 1024px\" \/><\/figure>\n\n\n\n<figure class=\"wp-block-image size-large\"><img loading=\"lazy\" decoding=\"async\" width=\"1024\" height=\"697\" data-id=\"6434\" src=\"https:\/\/kranjcic.hr\/wp-content\/uploads\/2024\/10\/005-Luka-Tripalo-Glas-Koncila-1024x697.jpg\" alt=\"\" class=\"wp-image-6434\" srcset=\"https:\/\/kranjcic.hr\/wp-content\/uploads\/2024\/10\/005-Luka-Tripalo-Glas-Koncila-1024x697.jpg 1024w, https:\/\/kranjcic.hr\/wp-content\/uploads\/2024\/10\/005-Luka-Tripalo-Glas-Koncila-200x136.jpg 200w, https:\/\/kranjcic.hr\/wp-content\/uploads\/2024\/10\/005-Luka-Tripalo-Glas-Koncila-120x82.jpg 120w, https:\/\/kranjcic.hr\/wp-content\/uploads\/2024\/10\/005-Luka-Tripalo-Glas-Koncila.jpg 1280w\" sizes=\"auto, (max-width: 1024px) 100vw, 1024px\" \/><\/figure>\n\n\n\n<figure class=\"wp-block-image size-large\"><img loading=\"lazy\" decoding=\"async\" width=\"1024\" height=\"686\" data-id=\"6438\" src=\"https:\/\/kranjcic.hr\/wp-content\/uploads\/2024\/10\/006-Danijel-Labas-predsjednik-OO-1024x686.jpg\" alt=\"\" class=\"wp-image-6438\" srcset=\"https:\/\/kranjcic.hr\/wp-content\/uploads\/2024\/10\/006-Danijel-Labas-predsjednik-OO-1024x686.jpg 1024w, https:\/\/kranjcic.hr\/wp-content\/uploads\/2024\/10\/006-Danijel-Labas-predsjednik-OO-200x134.jpg 200w, https:\/\/kranjcic.hr\/wp-content\/uploads\/2024\/10\/006-Danijel-Labas-predsjednik-OO-120x80.jpg 120w, https:\/\/kranjcic.hr\/wp-content\/uploads\/2024\/10\/006-Danijel-Labas-predsjednik-OO.jpg 1280w\" sizes=\"auto, (max-width: 1024px) 100vw, 1024px\" \/><\/figure>\n\n\n\n<figure class=\"wp-block-image size-large\"><img loading=\"lazy\" decoding=\"async\" width=\"1024\" height=\"730\" data-id=\"6435\" src=\"https:\/\/kranjcic.hr\/wp-content\/uploads\/2024\/10\/007-Ivan-Bekavac-Basic-1024x730.jpg\" alt=\"\" class=\"wp-image-6435\" srcset=\"https:\/\/kranjcic.hr\/wp-content\/uploads\/2024\/10\/007-Ivan-Bekavac-Basic-1024x730.jpg 1024w, https:\/\/kranjcic.hr\/wp-content\/uploads\/2024\/10\/007-Ivan-Bekavac-Basic-200x143.jpg 200w, https:\/\/kranjcic.hr\/wp-content\/uploads\/2024\/10\/007-Ivan-Bekavac-Basic-120x86.jpg 120w, https:\/\/kranjcic.hr\/wp-content\/uploads\/2024\/10\/007-Ivan-Bekavac-Basic.jpg 1200w\" sizes=\"auto, (max-width: 1024px) 100vw, 1024px\" \/><\/figure>\n\n\n\n<figure class=\"wp-block-image size-large\"><img loading=\"lazy\" decoding=\"async\" width=\"1024\" height=\"768\" data-id=\"6443\" src=\"https:\/\/kranjcic.hr\/wp-content\/uploads\/2024\/10\/008-Tamara-Bodor-1024x768.jpg\" alt=\"\" class=\"wp-image-6443\" srcset=\"https:\/\/kranjcic.hr\/wp-content\/uploads\/2024\/10\/008-Tamara-Bodor-1024x768.jpg 1024w, https:\/\/kranjcic.hr\/wp-content\/uploads\/2024\/10\/008-Tamara-Bodor-200x150.jpg 200w, https:\/\/kranjcic.hr\/wp-content\/uploads\/2024\/10\/008-Tamara-Bodor-120x90.jpg 120w, https:\/\/kranjcic.hr\/wp-content\/uploads\/2024\/10\/008-Tamara-Bodor.jpg 1280w\" sizes=\"auto, (max-width: 1024px) 100vw, 1024px\" \/><\/figure>\n\n\n\n<figure class=\"wp-block-image size-large\"><img loading=\"lazy\" decoding=\"async\" width=\"1024\" height=\"682\" data-id=\"6436\" src=\"https:\/\/kranjcic.hr\/wp-content\/uploads\/2024\/10\/009-Mark-Gjokaj-1024x682.jpg\" alt=\"\" class=\"wp-image-6436\" srcset=\"https:\/\/kranjcic.hr\/wp-content\/uploads\/2024\/10\/009-Mark-Gjokaj-1024x682.jpg 1024w, https:\/\/kranjcic.hr\/wp-content\/uploads\/2024\/10\/009-Mark-Gjokaj-200x133.jpg 200w, https:\/\/kranjcic.hr\/wp-content\/uploads\/2024\/10\/009-Mark-Gjokaj-120x80.jpg 120w, https:\/\/kranjcic.hr\/wp-content\/uploads\/2024\/10\/009-Mark-Gjokaj.jpg 1280w\" sizes=\"auto, (max-width: 1024px) 100vw, 1024px\" \/><\/figure>\n\n\n\n<figure class=\"wp-block-image size-large\"><img loading=\"lazy\" decoding=\"async\" width=\"1000\" height=\"750\" data-id=\"6441\" src=\"https:\/\/kranjcic.hr\/wp-content\/uploads\/2024\/10\/010-Mirko-Curic.jpg\" alt=\"\" class=\"wp-image-6441\" srcset=\"https:\/\/kranjcic.hr\/wp-content\/uploads\/2024\/10\/010-Mirko-Curic.jpg 1000w, https:\/\/kranjcic.hr\/wp-content\/uploads\/2024\/10\/010-Mirko-Curic-200x150.jpg 200w, https:\/\/kranjcic.hr\/wp-content\/uploads\/2024\/10\/010-Mirko-Curic-120x90.jpg 120w\" sizes=\"auto, (max-width: 1000px) 100vw, 1000px\" \/><\/figure>\n\n\n\n<figure class=\"wp-block-image size-large\"><img loading=\"lazy\" decoding=\"async\" width=\"1000\" height=\"750\" data-id=\"6444\" src=\"https:\/\/kranjcic.hr\/wp-content\/uploads\/2024\/10\/011-Sanja-Nikcevic.jpg\" alt=\"\" class=\"wp-image-6444\" srcset=\"https:\/\/kranjcic.hr\/wp-content\/uploads\/2024\/10\/011-Sanja-Nikcevic.jpg 1000w, https:\/\/kranjcic.hr\/wp-content\/uploads\/2024\/10\/011-Sanja-Nikcevic-200x150.jpg 200w, https:\/\/kranjcic.hr\/wp-content\/uploads\/2024\/10\/011-Sanja-Nikcevic-120x90.jpg 120w\" sizes=\"auto, (max-width: 1000px) 100vw, 1000px\" \/><\/figure>\n\n\n\n<figure class=\"wp-block-image size-large\"><img loading=\"lazy\" decoding=\"async\" width=\"1024\" height=\"768\" data-id=\"6439\" src=\"https:\/\/kranjcic.hr\/wp-content\/uploads\/2024\/10\/012-Vlado-Pandzic-1024x768.jpg\" alt=\"\" class=\"wp-image-6439\" srcset=\"https:\/\/kranjcic.hr\/wp-content\/uploads\/2024\/10\/012-Vlado-Pandzic-1024x768.jpg 1024w, https:\/\/kranjcic.hr\/wp-content\/uploads\/2024\/10\/012-Vlado-Pandzic-200x150.jpg 200w, https:\/\/kranjcic.hr\/wp-content\/uploads\/2024\/10\/012-Vlado-Pandzic-120x90.jpg 120w, https:\/\/kranjcic.hr\/wp-content\/uploads\/2024\/10\/012-Vlado-Pandzic.jpg 1134w\" sizes=\"auto, (max-width: 1024px) 100vw, 1024px\" \/><\/figure>\n\n\n\n<figure class=\"wp-block-image size-large\"><img loading=\"lazy\" decoding=\"async\" width=\"1000\" height=\"750\" data-id=\"6445\" src=\"https:\/\/kranjcic.hr\/wp-content\/uploads\/2024\/10\/013-Andelka-Raguz-i-Suzana-Vrhovski-Peran.jpg\" alt=\"\" class=\"wp-image-6445\" srcset=\"https:\/\/kranjcic.hr\/wp-content\/uploads\/2024\/10\/013-Andelka-Raguz-i-Suzana-Vrhovski-Peran.jpg 1000w, https:\/\/kranjcic.hr\/wp-content\/uploads\/2024\/10\/013-Andelka-Raguz-i-Suzana-Vrhovski-Peran-200x150.jpg 200w, https:\/\/kranjcic.hr\/wp-content\/uploads\/2024\/10\/013-Andelka-Raguz-i-Suzana-Vrhovski-Peran-120x90.jpg 120w\" sizes=\"auto, (max-width: 1000px) 100vw, 1000px\" \/><\/figure>\n\n\n\n<figure class=\"wp-block-image size-large\"><img loading=\"lazy\" decoding=\"async\" width=\"1000\" height=\"750\" data-id=\"6449\" src=\"https:\/\/kranjcic.hr\/wp-content\/uploads\/2024\/10\/014-Jasna-Sego.jpg\" alt=\"\" class=\"wp-image-6449\" srcset=\"https:\/\/kranjcic.hr\/wp-content\/uploads\/2024\/10\/014-Jasna-Sego.jpg 1000w, https:\/\/kranjcic.hr\/wp-content\/uploads\/2024\/10\/014-Jasna-Sego-200x150.jpg 200w, https:\/\/kranjcic.hr\/wp-content\/uploads\/2024\/10\/014-Jasna-Sego-120x90.jpg 120w\" sizes=\"auto, (max-width: 1000px) 100vw, 1000px\" \/><\/figure>\n\n\n\n<figure class=\"wp-block-image size-large\"><img loading=\"lazy\" decoding=\"async\" width=\"1000\" height=\"750\" data-id=\"6448\" src=\"https:\/\/kranjcic.hr\/wp-content\/uploads\/2024\/10\/015-Ana-Tereza-Zelinski.jpg\" alt=\"\" class=\"wp-image-6448\" srcset=\"https:\/\/kranjcic.hr\/wp-content\/uploads\/2024\/10\/015-Ana-Tereza-Zelinski.jpg 1000w, https:\/\/kranjcic.hr\/wp-content\/uploads\/2024\/10\/015-Ana-Tereza-Zelinski-200x150.jpg 200w, https:\/\/kranjcic.hr\/wp-content\/uploads\/2024\/10\/015-Ana-Tereza-Zelinski-120x90.jpg 120w\" sizes=\"auto, (max-width: 1000px) 100vw, 1000px\" \/><\/figure>\n\n\n\n<figure class=\"wp-block-image size-large\"><img loading=\"lazy\" decoding=\"async\" width=\"945\" height=\"872\" data-id=\"6447\" src=\"https:\/\/kranjcic.hr\/wp-content\/uploads\/2024\/10\/016-Knjizice-sazetaka.jpg\" alt=\"\" class=\"wp-image-6447\" srcset=\"https:\/\/kranjcic.hr\/wp-content\/uploads\/2024\/10\/016-Knjizice-sazetaka.jpg 945w, https:\/\/kranjcic.hr\/wp-content\/uploads\/2024\/10\/016-Knjizice-sazetaka-163x150.jpg 163w, https:\/\/kranjcic.hr\/wp-content\/uploads\/2024\/10\/016-Knjizice-sazetaka-120x111.jpg 120w\" sizes=\"auto, (max-width: 945px) 100vw, 945px\" \/><\/figure>\n\n\n\n<figure class=\"wp-block-image size-large\"><img loading=\"lazy\" decoding=\"async\" width=\"675\" height=\"900\" data-id=\"6446\" src=\"https:\/\/kranjcic.hr\/wp-content\/uploads\/2024\/10\/017-Zbornici-Knjizevnog-Kranjcica-rotated.jpg\" alt=\"\" class=\"wp-image-6446\" srcset=\"https:\/\/kranjcic.hr\/wp-content\/uploads\/2024\/10\/017-Zbornici-Knjizevnog-Kranjcica-rotated.jpg 675w, https:\/\/kranjcic.hr\/wp-content\/uploads\/2024\/10\/017-Zbornici-Knjizevnog-Kranjcica-113x150.jpg 113w, https:\/\/kranjcic.hr\/wp-content\/uploads\/2024\/10\/017-Zbornici-Knjizevnog-Kranjcica-90x120.jpg 90w\" sizes=\"auto, (max-width: 675px) 100vw, 675px\" \/><\/figure>\n\n\n\n<figure class=\"wp-block-image size-large\"><img loading=\"lazy\" decoding=\"async\" width=\"675\" height=\"900\" data-id=\"6451\" src=\"https:\/\/kranjcic.hr\/wp-content\/uploads\/2024\/10\/018-Zbornici-Djecjeg-Kranjcica-rotated.jpg\" alt=\"\" class=\"wp-image-6451\" srcset=\"https:\/\/kranjcic.hr\/wp-content\/uploads\/2024\/10\/018-Zbornici-Djecjeg-Kranjcica-rotated.jpg 675w, https:\/\/kranjcic.hr\/wp-content\/uploads\/2024\/10\/018-Zbornici-Djecjeg-Kranjcica-113x150.jpg 113w, https:\/\/kranjcic.hr\/wp-content\/uploads\/2024\/10\/018-Zbornici-Djecjeg-Kranjcica-90x120.jpg 90w\" sizes=\"auto, (max-width: 675px) 100vw, 675px\" \/><\/figure>\n\n\n\n<figure class=\"wp-block-image size-large\"><img loading=\"lazy\" decoding=\"async\" width=\"750\" height=\"1000\" data-id=\"6450\" src=\"https:\/\/kranjcic.hr\/wp-content\/uploads\/2024\/10\/019-Ostala-izdanja-Udruge-Kranjcic-rotated.jpg\" alt=\"\" class=\"wp-image-6450\" srcset=\"https:\/\/kranjcic.hr\/wp-content\/uploads\/2024\/10\/019-Ostala-izdanja-Udruge-Kranjcic-rotated.jpg 750w, https:\/\/kranjcic.hr\/wp-content\/uploads\/2024\/10\/019-Ostala-izdanja-Udruge-Kranjcic-113x150.jpg 113w, https:\/\/kranjcic.hr\/wp-content\/uploads\/2024\/10\/019-Ostala-izdanja-Udruge-Kranjcic-90x120.jpg 90w\" sizes=\"auto, (max-width: 750px) 100vw, 750px\" \/><\/figure>\n<\/figure>\n","protected":false},"excerpt":{"rendered":"<p>U organizaciji Fakulteta hrvatskih studija Sveu\u010dili\u0161ta u Zagrebu, Glasa Koncila i Udruge za promicanje znamenitih Kri\u017eev\u010dana \u201eDr. Stjepan Kranj\u010di\u0107\u201c u Kri\u017eevcima je u subotu 26. listopada 2024. odr\u017ean \u0161esti znanstveni skup \u201eHrvatska knji\u017eevnost kr\u0161\u0107anskoga nadahnu\u0107a \u2013 kr\u0161\u0107anski pisci, jezik i ba\u0161tina\u201c. Na znanstvenom skupu sudjelovali su znanstvenici iz cijele Hrvatske&hellip; <\/p>\n","protected":false},"author":1,"featured_media":6437,"comment_status":"closed","ping_status":"closed","sticky":false,"template":"","format":"standard","meta":{"footnotes":""},"categories":[96,18,19],"tags":[],"class_list":["post-6432","post","type-post","status-publish","format-standard","has-post-thumbnail","hentry","category-96","category-zbivanja","category-znanstveni-skupovi"],"_links":{"self":[{"href":"https:\/\/kranjcic.hr\/index.php?rest_route=\/wp\/v2\/posts\/6432","targetHints":{"allow":["GET"]}}],"collection":[{"href":"https:\/\/kranjcic.hr\/index.php?rest_route=\/wp\/v2\/posts"}],"about":[{"href":"https:\/\/kranjcic.hr\/index.php?rest_route=\/wp\/v2\/types\/post"}],"author":[{"embeddable":true,"href":"https:\/\/kranjcic.hr\/index.php?rest_route=\/wp\/v2\/users\/1"}],"replies":[{"embeddable":true,"href":"https:\/\/kranjcic.hr\/index.php?rest_route=%2Fwp%2Fv2%2Fcomments&post=6432"}],"version-history":[{"count":1,"href":"https:\/\/kranjcic.hr\/index.php?rest_route=\/wp\/v2\/posts\/6432\/revisions"}],"predecessor-version":[{"id":6452,"href":"https:\/\/kranjcic.hr\/index.php?rest_route=\/wp\/v2\/posts\/6432\/revisions\/6452"}],"wp:featuredmedia":[{"embeddable":true,"href":"https:\/\/kranjcic.hr\/index.php?rest_route=\/wp\/v2\/media\/6437"}],"wp:attachment":[{"href":"https:\/\/kranjcic.hr\/index.php?rest_route=%2Fwp%2Fv2%2Fmedia&parent=6432"}],"wp:term":[{"taxonomy":"category","embeddable":true,"href":"https:\/\/kranjcic.hr\/index.php?rest_route=%2Fwp%2Fv2%2Fcategories&post=6432"},{"taxonomy":"post_tag","embeddable":true,"href":"https:\/\/kranjcic.hr\/index.php?rest_route=%2Fwp%2Fv2%2Ftags&post=6432"}],"curies":[{"name":"wp","href":"https:\/\/api.w.org\/{rel}","templated":true}]}}