{"id":6484,"date":"2024-11-20T22:30:04","date_gmt":"2024-11-20T22:30:04","guid":{"rendered":"https:\/\/kranjcic.hr\/?p=6484"},"modified":"2024-11-20T22:30:32","modified_gmt":"2024-11-20T22:30:32","slug":"16-knjizevni-kranjcic-u-subotu-7-prosinca-u-krizevcima","status":"publish","type":"post","link":"https:\/\/kranjcic.hr\/?p=6484","title":{"rendered":"16. \u201eKNJI\u017dEVNI KRANJ\u010cI\u0106\u201c U SUBOTU 7. PROSINCA U KRI\u017dEVCIMA"},"content":{"rendered":"\n<p>U Kri\u017eevcima \u0107e u subotu 7. prosinca 2024. biti odr\u017eana zavr\u0161na sve\u010danost 16. Susreta hrvatskoga duhovnoga knji\u017eevnoga stvarala\u0161tva \u201eStjepan Kranj\u010di\u0107\u201c.<\/p>\n\n\n\n<p>Susret \u0107e zapo\u010deti u 17.15 sati okupljanjem autora i sudionika u \u017eupnom kompleksu sv. Ane u sredi\u0161tu grada. Tamo \u0107e uz pozdrave doma\u0107ina stru\u010dni ocjenjiva\u010dki sud u kojem su bili prof. dr. sc. Vladimir Lon\u010darevi\u0107, prof. dr. Sanja Nik\u010devi\u0107 i vl\u010d. An\u0111elko Katanec okupljenima predstaviti zbornik najuspjelijih radova pristiglih na natje\u010daj \u201eKrist nad zdencem\u201c.<\/p>\n\n\n\n<p>Zatim \u0107e u 18.00 sati u \u017eupnoj crkvi sv. Ane biti slu\u017eeno misno slavlje koje \u0107e uz 106. obljetnicu ro\u0111enja \u017eupnika na glasu svetosti Stjepana Kranj\u010di\u0107a po kojemu Susret i nosi ime, predvoditi \u0161trigovski \u017eupnik dr. sc. Kristijan Kuhar. Glazbeno \u0107e misu animirati mje\u0161oviti zbor \u017eupe sv. Ane Kri\u017eevci.<\/p>\n\n\n\n<p>S\u00e2m 16. Susret hrvatskoga duhovnoga knji\u017eevnoga stvarala\u0161tva \u201eStjepan Kranj\u010di\u0107\u201c zapo\u010det \u0107e nakon mise u velikoj dvorani Hrvatskoga doma u 19.00 sati. U toj \u0107e prigodi autori najboljih radova, prema ocjeni stru\u010dnoga ocjenjiva\u010dkog suda, biti nagra\u0111eni, dok \u0107e odabrani tekstovi biti javno izvedeni u interpretaciji dramskih umjetnika Helene Buljan i Dubravka Sidora. U glazbenom dijelu programa nastupit \u0107e sopranistica Dunja Rebi\u0107.<\/p>\n\n\n\n<p>Organizator je knji\u017eevnoga natje\u010daja i susreta Udruga za promicanje znamenitih Kri\u017eev\u010dana \u201eDr. Stjepan Kranj\u010di\u0107\u201c, a pokrovitelji su Ministarstvo kulture i medija RH, Grad Kri\u017eevci, \u017dupa sv. Ane te \u017dupa BDM \u017dalosne i sv. Marka Kri\u017eev\u010danina iz Kri\u017eevaca te Zaklada Rhema. Pokrovitelji nov\u010danih nagrada nagra\u0111enim autorima jesu: Kapucinski samostan sv. Mihaela Arkan\u0111ela Zagreb \u2013 Donja Dubrava, Glas Koncila koji je i nakladnik zbornika \u201eKrist nad zdencem\u201c, Veritas \u2013 Glasnik sv. Antuna Padovanskog, Hrvatska karmelska provincija i Nacionalno sveti\u0161te sv. Josipa Karlovac. Knji\u017eevni susret odr\u017eava se uz potporu Plastike Nove d. o. o., KTC-a d. d. i Pu\u010dkog otvorenog u\u010dili\u0161ta Kri\u017eevci.<\/p>\n\n\n\n<p>Susret hrvatskoga duhovnoga knji\u017eevnoga stvarala\u0161tva \u201eStjepan Kranj\u010di\u0107\u201c jedini je knji\u017eevni susret za knji\u017eevnost protkanu kr\u0161\u0107anskim vrednotama u kratkim knji\u017eevnim \u017eanrovima (poezija, kratka pri\u010da, putopis, esej, monodrama) u Republici Hrvatskoj. Nakon raspisanoga natje\u010daja koji je bio otvoren od 15. svibnja do 15. kolovoza 2024., stru\u010dni ocjenjiva\u010dki sud sva je djela, bez znanja o autorstvu, pro\u010ditao i odlu\u010dio koji \u0107e radovi biti nagra\u0111eni, koji javno izvedeni, a koji objavljeni u zborniku. Predlo\u017eena tema Susreta bila je <em>savjest<\/em>. Na natje\u010daj za 16. \u201eKnji\u017eevni Kranj\u010di\u0107\u201c javilo se 96 autora iz Hrvatske, Austrije, Italije i Sjeverne Makedonije, i to sa 145 radova (77 pjesama, 37 kratkih pri\u010da, 8 putopisa, 13 eseja i 10 monodrama). Stru\u010dni je ocjenjiva\u010dki sud odlu\u010dio da \u0107e u zborniku \u201eKrist nad zdencem\u201c biti objavljena 33 rada (15 pjesama, 8 kratkih pri\u010da, 4 putopisa, 3 eseja i 3 monodrame), dok \u0107e 15 radova biti nagra\u0111eno.<\/p>\n\n\n\n<figure class=\"wp-block-image size-large\"><a href=\"https:\/\/kranjcic.hr\/wp-content\/uploads\/2024\/11\/16.-Knjizevni-Kranjcic-2024.-plakat.jpg\"><img loading=\"lazy\" decoding=\"async\" width=\"717\" height=\"1024\" src=\"https:\/\/kranjcic.hr\/wp-content\/uploads\/2024\/11\/16.-Knjizevni-Kranjcic-2024.-plakat-717x1024.jpg\" alt=\"\" class=\"wp-image-6485\" srcset=\"https:\/\/kranjcic.hr\/wp-content\/uploads\/2024\/11\/16.-Knjizevni-Kranjcic-2024.-plakat-717x1024.jpg 717w, https:\/\/kranjcic.hr\/wp-content\/uploads\/2024\/11\/16.-Knjizevni-Kranjcic-2024.-plakat-105x150.jpg 105w, https:\/\/kranjcic.hr\/wp-content\/uploads\/2024\/11\/16.-Knjizevni-Kranjcic-2024.-plakat-84x120.jpg 84w, https:\/\/kranjcic.hr\/wp-content\/uploads\/2024\/11\/16.-Knjizevni-Kranjcic-2024.-plakat-1075x1536.jpg 1075w, https:\/\/kranjcic.hr\/wp-content\/uploads\/2024\/11\/16.-Knjizevni-Kranjcic-2024.-plakat.jpg 1392w\" sizes=\"auto, (max-width: 717px) 100vw, 717px\" \/><\/a><\/figure>\n\n\n\n<figure class=\"wp-block-gallery has-nested-images columns-default is-cropped wp-block-gallery-1 is-layout-flex wp-block-gallery-is-layout-flex\">\n<figure class=\"wp-block-image size-large\"><a href=\"https:\/\/kranjcic.hr\/wp-content\/uploads\/2024\/11\/16.-Knjizevni-Kranjcic-2024.-pozivnica-prednja.jpg\"><img loading=\"lazy\" decoding=\"async\" width=\"804\" height=\"884\" data-id=\"6486\" src=\"https:\/\/kranjcic.hr\/wp-content\/uploads\/2024\/11\/16.-Knjizevni-Kranjcic-2024.-pozivnica-prednja.jpg\" alt=\"\" class=\"wp-image-6486\" srcset=\"https:\/\/kranjcic.hr\/wp-content\/uploads\/2024\/11\/16.-Knjizevni-Kranjcic-2024.-pozivnica-prednja.jpg 804w, https:\/\/kranjcic.hr\/wp-content\/uploads\/2024\/11\/16.-Knjizevni-Kranjcic-2024.-pozivnica-prednja-136x150.jpg 136w, https:\/\/kranjcic.hr\/wp-content\/uploads\/2024\/11\/16.-Knjizevni-Kranjcic-2024.-pozivnica-prednja-109x120.jpg 109w\" sizes=\"auto, (max-width: 804px) 100vw, 804px\" \/><\/a><\/figure>\n\n\n\n<figure class=\"wp-block-image size-large\"><a href=\"https:\/\/kranjcic.hr\/wp-content\/uploads\/2024\/11\/16.-Knjizevni-Kranjcic-2024.-pozivnica-straznja.jpg\"><img loading=\"lazy\" decoding=\"async\" width=\"788\" height=\"867\" data-id=\"6487\" src=\"https:\/\/kranjcic.hr\/wp-content\/uploads\/2024\/11\/16.-Knjizevni-Kranjcic-2024.-pozivnica-straznja.jpg\" alt=\"\" class=\"wp-image-6487\" srcset=\"https:\/\/kranjcic.hr\/wp-content\/uploads\/2024\/11\/16.-Knjizevni-Kranjcic-2024.-pozivnica-straznja.jpg 788w, https:\/\/kranjcic.hr\/wp-content\/uploads\/2024\/11\/16.-Knjizevni-Kranjcic-2024.-pozivnica-straznja-136x150.jpg 136w, https:\/\/kranjcic.hr\/wp-content\/uploads\/2024\/11\/16.-Knjizevni-Kranjcic-2024.-pozivnica-straznja-109x120.jpg 109w\" sizes=\"auto, (max-width: 788px) 100vw, 788px\" \/><\/a><\/figure>\n<\/figure>\n","protected":false},"excerpt":{"rendered":"<p>U Kri\u017eevcima \u0107e u subotu 7. prosinca 2024. biti odr\u017eana zavr\u0161na sve\u010danost 16. Susreta hrvatskoga duhovnoga knji\u017eevnoga stvarala\u0161tva \u201eStjepan Kranj\u010di\u0107\u201c. Susret \u0107e zapo\u010deti u 17.15 sati okupljanjem autora i sudionika u \u017eupnom kompleksu sv. Ane u sredi\u0161tu grada. Tamo \u0107e uz pozdrave doma\u0107ina stru\u010dni ocjenjiva\u010dki sud u kojem su bili&hellip; <\/p>\n","protected":false},"author":1,"featured_media":6485,"comment_status":"closed","ping_status":"closed","sticky":false,"template":"","format":"standard","meta":{"footnotes":""},"categories":[98,96,34],"tags":[],"class_list":["post-6484","post","type-post","status-publish","format-standard","has-post-thumbnail","hentry","category-16-knjizevni-kranjcic","category-96","category-knjizevni-kranjcic"],"_links":{"self":[{"href":"https:\/\/kranjcic.hr\/index.php?rest_route=\/wp\/v2\/posts\/6484","targetHints":{"allow":["GET"]}}],"collection":[{"href":"https:\/\/kranjcic.hr\/index.php?rest_route=\/wp\/v2\/posts"}],"about":[{"href":"https:\/\/kranjcic.hr\/index.php?rest_route=\/wp\/v2\/types\/post"}],"author":[{"embeddable":true,"href":"https:\/\/kranjcic.hr\/index.php?rest_route=\/wp\/v2\/users\/1"}],"replies":[{"embeddable":true,"href":"https:\/\/kranjcic.hr\/index.php?rest_route=%2Fwp%2Fv2%2Fcomments&post=6484"}],"version-history":[{"count":2,"href":"https:\/\/kranjcic.hr\/index.php?rest_route=\/wp\/v2\/posts\/6484\/revisions"}],"predecessor-version":[{"id":6489,"href":"https:\/\/kranjcic.hr\/index.php?rest_route=\/wp\/v2\/posts\/6484\/revisions\/6489"}],"wp:featuredmedia":[{"embeddable":true,"href":"https:\/\/kranjcic.hr\/index.php?rest_route=\/wp\/v2\/media\/6485"}],"wp:attachment":[{"href":"https:\/\/kranjcic.hr\/index.php?rest_route=%2Fwp%2Fv2%2Fmedia&parent=6484"}],"wp:term":[{"taxonomy":"category","embeddable":true,"href":"https:\/\/kranjcic.hr\/index.php?rest_route=%2Fwp%2Fv2%2Fcategories&post=6484"},{"taxonomy":"post_tag","embeddable":true,"href":"https:\/\/kranjcic.hr\/index.php?rest_route=%2Fwp%2Fv2%2Ftags&post=6484"}],"curies":[{"name":"wp","href":"https:\/\/api.w.org\/{rel}","templated":true}]}}