{"id":6491,"date":"2024-12-07T23:41:00","date_gmt":"2024-12-07T23:41:00","guid":{"rendered":"https:\/\/kranjcic.hr\/?p=6491"},"modified":"2024-12-08T10:54:14","modified_gmt":"2024-12-08T10:54:14","slug":"odrzana-zavrsna-svecanost-16-knjizevnog-kranjcica-u-krizevcima","status":"publish","type":"post","link":"https:\/\/kranjcic.hr\/?p=6491","title":{"rendered":"ODR\u017dANA ZAVR\u0160NA SVE\u010cANOST 16. \u201eKNJI\u017dEVNOG KRANJ\u010cI\u0106A\u201c U KRI\u017dEVCIMA"},"content":{"rendered":"\n<p>U velikoj dvorani Hrvatskoga doma u Kri\u017eevcima u subotu 7. prosinca 2024. odr\u017eana je zavr\u0161na sve\u010danost 16. Susreta hrvatskoga duhovnoga knji\u017eevnoga stvarala\u0161tva \u201eStjepan Kranj\u010di\u0107\u201c na kojoj su, nakon \u0161to je prethodno proveden natje\u010daj, dodijeljene nagrade, vi\u0161e je knji\u017eevnih radova javno izvedeno te je predstavljen knji\u017eevni zbornik najuspjelijih radova \u201eKrist nad zdencem\u201c. Rije\u010d je o jedinom nacionalnom natje\u010daju i susretu za knji\u017eevnost protkanu kr\u0161\u0107anskim vrednotama u kratkim knji\u017eevnim \u017eanrovima: poeziji, kratkoj pri\u010di, putopisu, eseju i monodrami.<\/p>\n\n\n\n<p>U \u017eanru poezije prva je nagrada dodijeljena Dominiku Tomi\u0107u iz Zagreba za pjesmu \u201ePoniranje\u201c, druga nagrada Dragici \u010culig iz Vrbovca za pjesmu \u201eHodo\u010da\u0161\u0107e\u201c, a tre\u0107a nagrada Petru Elezu iz Vukovara za pjesmu \u201ePerpetuum mobile\u201c. Pokrovitelj te nagrade bio je Kapucinski samostan sv. Mihaela Arkan\u0111ela iz zagreba\u010dke Donje Dubrave, a nagrade je uru\u010dio fra Jure \u0160ar\u010devi\u0107.<\/p>\n\n\n\n<p>U \u017eanru kratke pri\u010de prva je nagrada pripala Tiboru Martanu iz Novog Marofa za pri\u010du \u201eJanica i Juraj\u201c, druga nagrada Dori Mihanovi\u0107 iz Zadra za pri\u010du \u201eRo\u0111ena za nebo\u201c, a tre\u0107a nagrada Anti Paveli\u0107u iz \u0160titara za pri\u010du \u201eKraljeva Savjest\u201c.<strong> <\/strong>Pokrovitelj te nagrade bio je Glas Koncila koji je i nakladnik zbornika, a nagrade je dodijelio glavni urednik Maloga koncila Vojmil \u017dic.<\/p>\n\n\n\n<p>U \u017eanru putopisa prva je nagrada uru\u010dena Ireni Kalan iz Pleternice za putopis \u201eRasto\u010dkim oblinama\u201c, druga nagrada dodijeljena je Veseli Dujmi\u0107 iz Splita za putopis \u201eJedno smo tijelo\u201c, a tre\u0107a nagrada Nataliji Bajer iz Luka\u010da za putopis \u201eDom\u201c.<strong> <\/strong>Nagrade je u ime pokrovitelja \u201eVeritasa \u2013 Glasnika sv. Antuna Padovanskoga\u201c i franjevaca konventualaca uru\u010dio fra Zvonimir Pervan.<\/p>\n\n\n\n<p>U \u017eanru eseja prva je nagrada pripala Mirku \u0106uri\u0107u iz \u0110akova za esej \u201eOgledi o savjesti ili o dragocjenim biserima\u201c, druga nagrada dodijeljena je Ru\u017eici Martinovi\u0107 Vlahovi\u0107 iz Slavonskog Broda za esej \u201eSrce je klju\u010d savjesti\u201c, a tre\u0107a nagrada Sandri \u010cukelj iz Budin\u0161\u0107ine za esej \u201eSavjest \u2013 uvertira duhovnog \u017eivota\u201c. Pokrovitelj te nagrade bila je Hrvatska karmelska provincija, a nagrade je dodijelio dr. sc. o. Ivan Ple\u0161e.<\/p>\n\n\n\n<p>U \u017eanru monodrame prva je nagrada pripala Miri \u0160incek iz Vara\u017edina za rad \u201eGrah za ru\u010dak\u201c, druga nagrada Mariji Grgi\u0107 iz Vranjica za monodramu \u201eSvi\u0107a moje none\u201c, a tre\u0107a Snje\u017eani Plevnik iz Sesveta za rad \u201e\u010cizme\u201c. Pokrovitelj te nagrade bilo je Nacionalno sveti\u0161te sv. Josipa iz Karlovca, a nagrade je dodijelio rektor sveti\u0161ta mons. Antun Sente ml.<\/p>\n\n\n\n<p>Predstavnici pokrovitelja dodijelili su 200 eura svakom prvonagra\u0111enom autoru, 130 eura drugonagra\u0111enom i 70 eura tre\u0107enagra\u0111enom autoru te po vi\u0161e svojih knji\u017eevnih izdanja. Nagra\u0111eni su autori u svoje domove ponijeli i izdanja organizatora natje\u010daja i knji\u017eevnoga susreta Udruge za promicanje znamenitih Kri\u017eev\u010dana \u201eDr. Stjepan Kranj\u010di\u0107\u201c, Grada Kri\u017eevaca te kri\u017eeva\u010dkih \u017eupa sv. Ane te BDM \u017dalosne i sv. Marka Kri\u017eev\u010danina. Knji\u017eevni susret odr\u017ean je i uz potporu Ministarstva kulture i medija RH, Zaklade Rhema, Pu\u010dkog otvorenog u\u010dili\u0161ta Kri\u017eevci, Plastike Nove d. o. o. te Altius savjetovanja d. o. o. U ime svih podupiratelja zahvalni je govor autorima odr\u017eao kri\u017eeva\u010dki gradona\u010delnik Mario Rajn. Osim \u0161to su na sve\u010danosti dodijeljene nagrade, vi\u0161e je radova javno izvedeno u interpretaciji dramskih umjetnika Helene Buljan i Dubravka Sidora. U glazbenom dijelu programa nastupila je sopranistica Dunja Rebi\u0107, a kroz sve\u010danost je u ime organizatora vodila predsjednica Udruge \u201eDr. Stjepan Kranj\u010di\u0107\u201c Tanja Baran.<\/p>\n\n\n\n<p>Susret je zapo\u010deo u popodnevnim satima primanjem autora i sudionika u \u017eupnom kompleksu sv. Ane. Okupljene je uime doma\u0107ina pozdravila doc. dr. sc. Tanja Baran, a predsjednik stru\u010dnog ocjenjiva\u010dkog suda prof. dr. sc. Vladimir Lon\u010darevi\u0107 govorio je o vrsno\u0107i radova prispjelih na natje\u010daj koji je bio posve\u0107en ustrajnosti te predstavio zbornik izabranih knji\u017eevnih radova \u201eKrist nad zdencem\u201c. Uslijedilo je misno slavlje u \u017eupnoj crkvi sv. Ane koje je, uz koncelebraciju kri\u017eeva\u010dkih \u017eupnika Stjepana Sovi\u010deka i Kristijana Bogdana te vi\u0161e drugih sve\u0107enika, te uz pjevanje \u017eupnog zbora sv. Ane, dva dana nakon 106. obljetnice ro\u0111enja dr. Stjepana Kranj\u010di\u0107a po kojemu Susret nosi ime, predvodio \u017eupnik iz \u0160trigove dr. sc. Kristijan Kuhar. Govore\u0107i o dvojici pastira i pisaca koji su slavljeni toga dana sv. Ambroziju i Stjepanu Kranj\u010di\u0107u, a koji su oblikovali katoli\u010dku duhovnost i kulturu, dr. Kuhar je naglasio: \u201eIako su iza bla\u017eene smrti Stjepana Kranj\u010di\u0107a pro\u0161le 54 godine, njegov duhovni lik, kao i njegovo knji\u017eevno stvarala\u0161tvo utemeljeno na zreloj kr\u0161\u0107anskoj duhovnosti, \u010dvrstoj vjeri i hrabroj crkvenosti, tek treba biti ispravno vrednovano. Uz ono \u0161to je sve\u0107eniku &#8216;redovito&#8217;, a to su kateheze i homilije, koje su plod vjere i duhovnosti, dr. Kranj\u010di\u0107 je ostavio i knji\u017eevne zapise koji su plod njegova duha, vjere i kulture.\u201c<\/p>\n\n\n\n<p>Nakon natje\u010daja koji je bio otvoren od 15. svibnja do 15. kolovoza 2024., stru\u010dni ocjenjiva\u010dki sud u kojem su bili prof. dr. sc. Vladimir Lon\u010darevi\u0107, prof. dr. sc. Sanja Nik\u010devi\u0107 i An\u0111elko Katanec sve je radove, bez znanja o identitetu autora, pro\u010ditao i odlu\u010dio koji \u0107e radovi biti nagra\u0111eni, koji javno izvedeni, a koji objavljeni. Na natje\u010daj se javilo 96 autora iz Hrvatske, Austrije, Italije i Sjeverne Makedonije s ukupno 145 knji\u017eevnih radova (77 pjesama, 37 kratkih pri\u010da, 8 putopisa, 13 eseja i 10 monodrama). Od pristiglih radova, 33 su rada (15 pjesama, 8 kratkih pri\u010da, 4 putopisa, 3 eseja i 3 monodrame) objavljena u knji\u017eevnom zborniku \u201eKrist nad zdencem\u201c, a 15 je radova nagra\u0111eno.<\/p>\n\n\n\n<figure class=\"wp-block-gallery has-nested-images columns-default is-cropped wp-block-gallery-1 is-layout-flex wp-block-gallery-is-layout-flex\">\n<figure class=\"wp-block-image size-large\"><a href=\"https:\/\/kranjcic.hr\/wp-content\/uploads\/2024\/12\/001-Skupna.jpg\"><img loading=\"lazy\" decoding=\"async\" width=\"1024\" height=\"527\" data-id=\"6496\" src=\"https:\/\/kranjcic.hr\/wp-content\/uploads\/2024\/12\/001-Skupna-1024x527.jpg\" alt=\"\" class=\"wp-image-6496\" srcset=\"https:\/\/kranjcic.hr\/wp-content\/uploads\/2024\/12\/001-Skupna-1024x527.jpg 1024w, https:\/\/kranjcic.hr\/wp-content\/uploads\/2024\/12\/001-Skupna-200x103.jpg 200w, https:\/\/kranjcic.hr\/wp-content\/uploads\/2024\/12\/001-Skupna-120x62.jpg 120w, https:\/\/kranjcic.hr\/wp-content\/uploads\/2024\/12\/001-Skupna.jpg 1124w\" sizes=\"auto, (max-width: 1024px) 100vw, 1024px\" \/><\/a><\/figure>\n\n\n\n<figure class=\"wp-block-image size-large\"><a href=\"https:\/\/kranjcic.hr\/wp-content\/uploads\/2024\/12\/002-Predsjednik-strucnog-ocjenjivackog-suda-Vladimir-Loncarevic.jpg\"><img loading=\"lazy\" decoding=\"async\" width=\"1024\" height=\"592\" data-id=\"6495\" src=\"https:\/\/kranjcic.hr\/wp-content\/uploads\/2024\/12\/002-Predsjednik-strucnog-ocjenjivackog-suda-Vladimir-Loncarevic-1024x592.jpg\" alt=\"\" class=\"wp-image-6495\" srcset=\"https:\/\/kranjcic.hr\/wp-content\/uploads\/2024\/12\/002-Predsjednik-strucnog-ocjenjivackog-suda-Vladimir-Loncarevic-1024x592.jpg 1024w, https:\/\/kranjcic.hr\/wp-content\/uploads\/2024\/12\/002-Predsjednik-strucnog-ocjenjivackog-suda-Vladimir-Loncarevic-200x116.jpg 200w, https:\/\/kranjcic.hr\/wp-content\/uploads\/2024\/12\/002-Predsjednik-strucnog-ocjenjivackog-suda-Vladimir-Loncarevic-120x69.jpg 120w, https:\/\/kranjcic.hr\/wp-content\/uploads\/2024\/12\/002-Predsjednik-strucnog-ocjenjivackog-suda-Vladimir-Loncarevic.jpg 1193w\" sizes=\"auto, (max-width: 1024px) 100vw, 1024px\" \/><\/a><\/figure>\n\n\n\n<figure class=\"wp-block-image size-large\"><a href=\"https:\/\/kranjcic.hr\/wp-content\/uploads\/2024\/12\/003-Autorica-Mira-Sincek-prima-nagradu.jpg\"><img loading=\"lazy\" decoding=\"async\" width=\"1024\" height=\"623\" data-id=\"6493\" src=\"https:\/\/kranjcic.hr\/wp-content\/uploads\/2024\/12\/003-Autorica-Mira-Sincek-prima-nagradu-1024x623.jpg\" alt=\"\" class=\"wp-image-6493\" srcset=\"https:\/\/kranjcic.hr\/wp-content\/uploads\/2024\/12\/003-Autorica-Mira-Sincek-prima-nagradu-1024x623.jpg 1024w, https:\/\/kranjcic.hr\/wp-content\/uploads\/2024\/12\/003-Autorica-Mira-Sincek-prima-nagradu-200x122.jpg 200w, https:\/\/kranjcic.hr\/wp-content\/uploads\/2024\/12\/003-Autorica-Mira-Sincek-prima-nagradu-120x73.jpg 120w, https:\/\/kranjcic.hr\/wp-content\/uploads\/2024\/12\/003-Autorica-Mira-Sincek-prima-nagradu.jpg 1500w\" sizes=\"auto, (max-width: 1024px) 100vw, 1024px\" \/><\/a><\/figure>\n\n\n\n<figure class=\"wp-block-image size-large\"><a href=\"https:\/\/kranjcic.hr\/wp-content\/uploads\/2024\/12\/004-Glumci-Helena-Buljan-i-Dubravko-Sidor.jpg\"><img loading=\"lazy\" decoding=\"async\" width=\"1024\" height=\"683\" data-id=\"6494\" src=\"https:\/\/kranjcic.hr\/wp-content\/uploads\/2024\/12\/004-Glumci-Helena-Buljan-i-Dubravko-Sidor-1024x683.jpg\" alt=\"\" class=\"wp-image-6494\" srcset=\"https:\/\/kranjcic.hr\/wp-content\/uploads\/2024\/12\/004-Glumci-Helena-Buljan-i-Dubravko-Sidor-1024x683.jpg 1024w, https:\/\/kranjcic.hr\/wp-content\/uploads\/2024\/12\/004-Glumci-Helena-Buljan-i-Dubravko-Sidor-200x133.jpg 200w, https:\/\/kranjcic.hr\/wp-content\/uploads\/2024\/12\/004-Glumci-Helena-Buljan-i-Dubravko-Sidor-120x80.jpg 120w, https:\/\/kranjcic.hr\/wp-content\/uploads\/2024\/12\/004-Glumci-Helena-Buljan-i-Dubravko-Sidor.jpg 1050w\" sizes=\"auto, (max-width: 1024px) 100vw, 1024px\" \/><\/a><\/figure>\n\n\n\n<figure class=\"wp-block-image size-large\"><a href=\"https:\/\/kranjcic.hr\/wp-content\/uploads\/2024\/12\/005-Autorica-Dora-Mihanovic-prima-nagradu.jpg\"><img loading=\"lazy\" decoding=\"async\" width=\"1024\" height=\"642\" data-id=\"6492\" src=\"https:\/\/kranjcic.hr\/wp-content\/uploads\/2024\/12\/005-Autorica-Dora-Mihanovic-prima-nagradu-1024x642.jpg\" alt=\"\" class=\"wp-image-6492\" srcset=\"https:\/\/kranjcic.hr\/wp-content\/uploads\/2024\/12\/005-Autorica-Dora-Mihanovic-prima-nagradu-1024x642.jpg 1024w, https:\/\/kranjcic.hr\/wp-content\/uploads\/2024\/12\/005-Autorica-Dora-Mihanovic-prima-nagradu-200x125.jpg 200w, https:\/\/kranjcic.hr\/wp-content\/uploads\/2024\/12\/005-Autorica-Dora-Mihanovic-prima-nagradu-120x75.jpg 120w, https:\/\/kranjcic.hr\/wp-content\/uploads\/2024\/12\/005-Autorica-Dora-Mihanovic-prima-nagradu.jpg 1500w\" sizes=\"auto, (max-width: 1024px) 100vw, 1024px\" \/><\/a><\/figure>\n\n\n\n<figure class=\"wp-block-image size-large\"><a href=\"https:\/\/kranjcic.hr\/wp-content\/uploads\/2024\/12\/006-Sopranistica-Dunja-Rebic.jpg\"><img loading=\"lazy\" decoding=\"async\" width=\"1024\" height=\"683\" data-id=\"6497\" src=\"https:\/\/kranjcic.hr\/wp-content\/uploads\/2024\/12\/006-Sopranistica-Dunja-Rebic-1024x683.jpg\" alt=\"\" class=\"wp-image-6497\" srcset=\"https:\/\/kranjcic.hr\/wp-content\/uploads\/2024\/12\/006-Sopranistica-Dunja-Rebic-1024x683.jpg 1024w, https:\/\/kranjcic.hr\/wp-content\/uploads\/2024\/12\/006-Sopranistica-Dunja-Rebic-200x133.jpg 200w, https:\/\/kranjcic.hr\/wp-content\/uploads\/2024\/12\/006-Sopranistica-Dunja-Rebic-120x80.jpg 120w, https:\/\/kranjcic.hr\/wp-content\/uploads\/2024\/12\/006-Sopranistica-Dunja-Rebic.jpg 1200w\" sizes=\"auto, (max-width: 1024px) 100vw, 1024px\" \/><\/a><\/figure>\n\n\n\n<figure class=\"wp-block-image size-large\"><a href=\"https:\/\/kranjcic.hr\/wp-content\/uploads\/2024\/12\/007-Autor-Dominik-Tomic-prima-nagradu.jpg\"><img loading=\"lazy\" decoding=\"async\" width=\"1024\" height=\"650\" data-id=\"6501\" src=\"https:\/\/kranjcic.hr\/wp-content\/uploads\/2024\/12\/007-Autor-Dominik-Tomic-prima-nagradu-1024x650.jpg\" alt=\"\" class=\"wp-image-6501\" srcset=\"https:\/\/kranjcic.hr\/wp-content\/uploads\/2024\/12\/007-Autor-Dominik-Tomic-prima-nagradu-1024x650.jpg 1024w, https:\/\/kranjcic.hr\/wp-content\/uploads\/2024\/12\/007-Autor-Dominik-Tomic-prima-nagradu-200x127.jpg 200w, https:\/\/kranjcic.hr\/wp-content\/uploads\/2024\/12\/007-Autor-Dominik-Tomic-prima-nagradu-120x76.jpg 120w, https:\/\/kranjcic.hr\/wp-content\/uploads\/2024\/12\/007-Autor-Dominik-Tomic-prima-nagradu.jpg 1500w\" sizes=\"auto, (max-width: 1024px) 100vw, 1024px\" \/><\/a><\/figure>\n\n\n\n<figure class=\"wp-block-image size-large\"><a href=\"https:\/\/kranjcic.hr\/wp-content\/uploads\/2024\/12\/008-Govor-krizevackoga-gradonacelnika-Marija-Rajna.jpg\"><img loading=\"lazy\" decoding=\"async\" width=\"1024\" height=\"682\" data-id=\"6502\" src=\"https:\/\/kranjcic.hr\/wp-content\/uploads\/2024\/12\/008-Govor-krizevackoga-gradonacelnika-Marija-Rajna-1024x682.jpg\" alt=\"\" class=\"wp-image-6502\" srcset=\"https:\/\/kranjcic.hr\/wp-content\/uploads\/2024\/12\/008-Govor-krizevackoga-gradonacelnika-Marija-Rajna-1024x682.jpg 1024w, https:\/\/kranjcic.hr\/wp-content\/uploads\/2024\/12\/008-Govor-krizevackoga-gradonacelnika-Marija-Rajna-200x133.jpg 200w, https:\/\/kranjcic.hr\/wp-content\/uploads\/2024\/12\/008-Govor-krizevackoga-gradonacelnika-Marija-Rajna-120x80.jpg 120w, https:\/\/kranjcic.hr\/wp-content\/uploads\/2024\/12\/008-Govor-krizevackoga-gradonacelnika-Marija-Rajna.jpg 1280w\" sizes=\"auto, (max-width: 1024px) 100vw, 1024px\" \/><\/a><\/figure>\n\n\n\n<figure class=\"wp-block-image size-large\"><a href=\"https:\/\/kranjcic.hr\/wp-content\/uploads\/2024\/12\/009-Susret-s-autorima-Tanja-Baran-i-Vladimir-Loncarevic.jpg\"><img loading=\"lazy\" decoding=\"async\" width=\"1024\" height=\"683\" data-id=\"6498\" src=\"https:\/\/kranjcic.hr\/wp-content\/uploads\/2024\/12\/009-Susret-s-autorima-Tanja-Baran-i-Vladimir-Loncarevic-1024x683.jpg\" alt=\"\" class=\"wp-image-6498\" srcset=\"https:\/\/kranjcic.hr\/wp-content\/uploads\/2024\/12\/009-Susret-s-autorima-Tanja-Baran-i-Vladimir-Loncarevic-1024x683.jpg 1024w, https:\/\/kranjcic.hr\/wp-content\/uploads\/2024\/12\/009-Susret-s-autorima-Tanja-Baran-i-Vladimir-Loncarevic-200x133.jpg 200w, https:\/\/kranjcic.hr\/wp-content\/uploads\/2024\/12\/009-Susret-s-autorima-Tanja-Baran-i-Vladimir-Loncarevic-120x80.jpg 120w, https:\/\/kranjcic.hr\/wp-content\/uploads\/2024\/12\/009-Susret-s-autorima-Tanja-Baran-i-Vladimir-Loncarevic.jpg 1200w\" sizes=\"auto, (max-width: 1024px) 100vw, 1024px\" \/><\/a><\/figure>\n\n\n\n<figure class=\"wp-block-image size-large\"><a href=\"https:\/\/kranjcic.hr\/wp-content\/uploads\/2024\/12\/010-Misa.jpg\"><img loading=\"lazy\" decoding=\"async\" width=\"1024\" height=\"639\" data-id=\"6503\" src=\"https:\/\/kranjcic.hr\/wp-content\/uploads\/2024\/12\/010-Misa-1024x639.jpg\" alt=\"\" class=\"wp-image-6503\" srcset=\"https:\/\/kranjcic.hr\/wp-content\/uploads\/2024\/12\/010-Misa-1024x639.jpg 1024w, https:\/\/kranjcic.hr\/wp-content\/uploads\/2024\/12\/010-Misa-200x125.jpg 200w, https:\/\/kranjcic.hr\/wp-content\/uploads\/2024\/12\/010-Misa-120x75.jpg 120w, https:\/\/kranjcic.hr\/wp-content\/uploads\/2024\/12\/010-Misa.jpg 1419w\" sizes=\"auto, (max-width: 1024px) 100vw, 1024px\" \/><\/a><\/figure>\n\n\n\n<figure class=\"wp-block-image size-large\"><a href=\"https:\/\/kranjcic.hr\/wp-content\/uploads\/2024\/12\/011-Predvoditelj-mise-dr.-Kristijan-Kuhar.jpg\"><img loading=\"lazy\" decoding=\"async\" width=\"1000\" height=\"750\" data-id=\"6500\" src=\"https:\/\/kranjcic.hr\/wp-content\/uploads\/2024\/12\/011-Predvoditelj-mise-dr.-Kristijan-Kuhar.jpg\" alt=\"\" class=\"wp-image-6500\" srcset=\"https:\/\/kranjcic.hr\/wp-content\/uploads\/2024\/12\/011-Predvoditelj-mise-dr.-Kristijan-Kuhar.jpg 1000w, https:\/\/kranjcic.hr\/wp-content\/uploads\/2024\/12\/011-Predvoditelj-mise-dr.-Kristijan-Kuhar-200x150.jpg 200w, https:\/\/kranjcic.hr\/wp-content\/uploads\/2024\/12\/011-Predvoditelj-mise-dr.-Kristijan-Kuhar-120x90.jpg 120w\" sizes=\"auto, (max-width: 1000px) 100vw, 1000px\" \/><\/a><\/figure>\n\n\n\n<figure class=\"wp-block-image size-large\"><a href=\"https:\/\/kranjcic.hr\/wp-content\/uploads\/2024\/12\/012-Organizacijski-odbor-16.-Knjizevnog-Kranjcica.jpg\"><img loading=\"lazy\" decoding=\"async\" width=\"1024\" height=\"671\" data-id=\"6504\" src=\"https:\/\/kranjcic.hr\/wp-content\/uploads\/2024\/12\/012-Organizacijski-odbor-16.-Knjizevnog-Kranjcica-1024x671.jpg\" alt=\"\" class=\"wp-image-6504\" srcset=\"https:\/\/kranjcic.hr\/wp-content\/uploads\/2024\/12\/012-Organizacijski-odbor-16.-Knjizevnog-Kranjcica-1024x671.jpg 1024w, https:\/\/kranjcic.hr\/wp-content\/uploads\/2024\/12\/012-Organizacijski-odbor-16.-Knjizevnog-Kranjcica-200x131.jpg 200w, https:\/\/kranjcic.hr\/wp-content\/uploads\/2024\/12\/012-Organizacijski-odbor-16.-Knjizevnog-Kranjcica-120x79.jpg 120w, https:\/\/kranjcic.hr\/wp-content\/uploads\/2024\/12\/012-Organizacijski-odbor-16.-Knjizevnog-Kranjcica.jpg 1425w\" sizes=\"auto, (max-width: 1024px) 100vw, 1024px\" \/><\/a><\/figure>\n\n\n\n<figure class=\"wp-block-image size-large\"><a href=\"https:\/\/kranjcic.hr\/wp-content\/uploads\/2024\/12\/Krist-nad-zdencem-3d.jpg\"><img loading=\"lazy\" decoding=\"async\" width=\"1024\" height=\"683\" data-id=\"6499\" src=\"https:\/\/kranjcic.hr\/wp-content\/uploads\/2024\/12\/Krist-nad-zdencem-3d-1024x683.jpg\" alt=\"\" class=\"wp-image-6499\" srcset=\"https:\/\/kranjcic.hr\/wp-content\/uploads\/2024\/12\/Krist-nad-zdencem-3d-1024x683.jpg 1024w, https:\/\/kranjcic.hr\/wp-content\/uploads\/2024\/12\/Krist-nad-zdencem-3d-200x133.jpg 200w, https:\/\/kranjcic.hr\/wp-content\/uploads\/2024\/12\/Krist-nad-zdencem-3d-120x80.jpg 120w, https:\/\/kranjcic.hr\/wp-content\/uploads\/2024\/12\/Krist-nad-zdencem-3d.jpg 1500w\" sizes=\"auto, (max-width: 1024px) 100vw, 1024px\" \/><\/a><\/figure>\n<\/figure>\n\n\n\n<div style=\"height:43px\" aria-hidden=\"true\" class=\"wp-block-spacer\"><\/div>\n\n\n\n<p><a href=\"https:\/\/knjizevni.kranjcic.hr\/2024\/12\/07\/odrzana-zavrsna-svecanost-16-knjizevnog-kranjcica-u-krizevcima\/\">Vi\u0161e fotografija<\/a><\/p>\n","protected":false},"excerpt":{"rendered":"<p>U velikoj dvorani Hrvatskoga doma u Kri\u017eevcima u subotu 7. prosinca 2024. odr\u017eana je zavr\u0161na sve\u010danost 16. Susreta hrvatskoga duhovnoga knji\u017eevnoga stvarala\u0161tva \u201eStjepan Kranj\u010di\u0107\u201c na kojoj su, nakon \u0161to je prethodno proveden natje\u010daj, dodijeljene nagrade, vi\u0161e je knji\u017eevnih radova javno izvedeno te je predstavljen knji\u017eevni zbornik najuspjelijih radova \u201eKrist nad&hellip; <\/p>\n","protected":false},"author":1,"featured_media":6496,"comment_status":"closed","ping_status":"closed","sticky":false,"template":"","format":"standard","meta":{"footnotes":""},"categories":[98,96,7,34],"tags":[],"class_list":["post-6491","post","type-post","status-publish","format-standard","has-post-thumbnail","hentry","category-16-knjizevni-kranjcic","category-96","category-arhiv-po-godinama","category-knjizevni-kranjcic"],"_links":{"self":[{"href":"https:\/\/kranjcic.hr\/index.php?rest_route=\/wp\/v2\/posts\/6491","targetHints":{"allow":["GET"]}}],"collection":[{"href":"https:\/\/kranjcic.hr\/index.php?rest_route=\/wp\/v2\/posts"}],"about":[{"href":"https:\/\/kranjcic.hr\/index.php?rest_route=\/wp\/v2\/types\/post"}],"author":[{"embeddable":true,"href":"https:\/\/kranjcic.hr\/index.php?rest_route=\/wp\/v2\/users\/1"}],"replies":[{"embeddable":true,"href":"https:\/\/kranjcic.hr\/index.php?rest_route=%2Fwp%2Fv2%2Fcomments&post=6491"}],"version-history":[{"count":2,"href":"https:\/\/kranjcic.hr\/index.php?rest_route=\/wp\/v2\/posts\/6491\/revisions"}],"predecessor-version":[{"id":6507,"href":"https:\/\/kranjcic.hr\/index.php?rest_route=\/wp\/v2\/posts\/6491\/revisions\/6507"}],"wp:featuredmedia":[{"embeddable":true,"href":"https:\/\/kranjcic.hr\/index.php?rest_route=\/wp\/v2\/media\/6496"}],"wp:attachment":[{"href":"https:\/\/kranjcic.hr\/index.php?rest_route=%2Fwp%2Fv2%2Fmedia&parent=6491"}],"wp:term":[{"taxonomy":"category","embeddable":true,"href":"https:\/\/kranjcic.hr\/index.php?rest_route=%2Fwp%2Fv2%2Fcategories&post=6491"},{"taxonomy":"post_tag","embeddable":true,"href":"https:\/\/kranjcic.hr\/index.php?rest_route=%2Fwp%2Fv2%2Ftags&post=6491"}],"curies":[{"name":"wp","href":"https:\/\/api.w.org\/{rel}","templated":true}]}}