{"id":6520,"date":"2025-04-15T08:14:00","date_gmt":"2025-04-15T08:14:00","guid":{"rendered":"https:\/\/kranjcic.hr\/?p=6520"},"modified":"2025-04-15T08:14:00","modified_gmt":"2025-04-15T08:14:00","slug":"povelja-koprivnicko-krizevacke-zupanije-tanji-baran-za-promicanje-kulturnog-i-duhovnog-nasljeda-krizevaca","status":"publish","type":"post","link":"https:\/\/kranjcic.hr\/?p=6520","title":{"rendered":"POVELJA KOPRIVNI\u010cKO-KRI\u017dEVA\u010cKE \u017dUPANIJE TANJI BARAN ZA PROMICANJE KULTURNOG I DUHOVNOG NASLJE\u0110A KRI\u017dEVACA"},"content":{"rendered":"\n<p>Predsjednici Udruge za promicanje znamenitih Kri\u017eev\u010dana \u201eDr. Stjepan Kranj\u010di\u0107\u201c doc. dr. sc. Tanji Baran Koprivni\u010dko-kri\u017eeva\u010dka \u017eupanija dodijelila je povelju za doprinos ugledu i promociji \u017eupanije za sustavno dugogodi\u0161nje istra\u017eivanje zapisane usmene knji\u017eevne gra\u0111e kri\u017eeva\u010dkoga kraja, za znanstveno-publicisti\u010dki i novinarski rad vezan za znamenite Kri\u017eev\u010dane, ponajprije sv. Marka Kri\u017eev\u010danina i \u017eupnika na glasu svetosti Stjepana Kranj\u010di\u0107a, te za promicanje kulturnog i duhovnog naslje\u0111a Kri\u017eevaca.&nbsp;<\/p>\n\n\n\n<p>Povelja je Tanji Baran uru\u010dena na sve\u010danosti 32. obljetnice Koprivni\u010dko-kri\u017eeva\u010dke \u017eupanije u Koprivnici u ponedjeljak 13. travnja 2025., a uru\u010dili su je koprivni\u010dko-kri\u017eeva\u010dki \u017eupan Darko Koren te predsjednik \u017eupanijske skup\u0161tine Damir Felak.<\/p>\n\n\n\n<p>U obrazlo\u017eenju priznanja stoji:<\/p>\n\n\n\n<p>Godine 2007. Tanja Baran utemeljila je i kao predsjednica vodi Udrugu za promicanje znamenitih Kri\u017eev\u010dana \u201eDr. Stjepan Kranj\u010di\u0107\u201d, a djeluje i kao po\u010dasna predsjednica te \u010dlanica Upravnog odbora Dru\u0161tva za o\u010duvanje kri\u017eeva\u010dke ba\u0161tine \u201eKri\u017eeva\u010dki \u0161tatuti\u201d.<\/p>\n\n\n\n<p>Tijekom 2024. u nakladi Prigorskog Media d. o. o. iz Kri\u017eevaca objavila je kapitalnu znanstveno-popularnu monografiju \u201eHrvatska vinska kultura\u201d, a godinu dana prije, 2023., u nakladi Dru\u0161tva \u201eKri\u017eeva\u010dki \u0161tatuti\u201d, Grada Kri\u017eevaca i Prigorskog Media d. o. o. uredila je novo moderno dizajnirano izdanje \u201eKri\u017eeva\u010dkih \u0161tatuta\u201d s pripadaju\u0107im Hi\u017enim protokolom i Pajda\u0161kom legitimacijom. Sa \u017eeljom brendiranja Kri\u017eevaca kao grada hrvatske vinske kulture osmislila je Nacionalni natje\u010daj za hrvatsku vinsku fotografiju koji u zajedni\u0161tvu ve\u0107 \u010detiri godine organiziraju Dru\u0161tvo \u201eKri\u017eeva\u010dki \u0161tatuti\u201d i Grad Kri\u017eevci. Kao autorica toga natje\u010daja Tanja Baran je i uredila \u010detiri fotokataloga s najuspjelijim fotografijama: 2022. fotokatalog \u201eU vinskim odajama\u201d, 2023. fotokatalog \u201eKapi vinske ljubavi\u201d, 2024. fotokatalog \u201eVinski ku\u0161lec\u201d, i 2025. fotokatalog \u201eLijepa kao vino\u201d.<\/p>\n\n\n\n<p>Tijekom 2022. godine objavila je dva kapitalna izdanja posve\u0107ena Kri\u017eevcima. Matica hrvatska kao autorici joj je objavila monografiju \u201eUsmena knji\u017eevnost kri\u017eeva\u010dkoga kraja\u201d u kojoj je analizirala i vrednovala sa\u010duvano usmenoknji\u017eevno naslje\u0111e na cjelokupnom kri\u017eeva\u010dkom prostoru. Zatim je u suizdanju Udruge \u201eDr. Stjepan Kranj\u010di\u0107\u201d i Glasa Koncila uredila i bila jedna od 25 autora u kapitalnoj monografiji \u201eSveti Marko Kri\u017eev\u010danin. \u017divot i djelo\u201d u kojoj se na vi\u0161e od 600 stranica tre\u0107i hrvatski svetac tematizira s vi\u0161e aspekata: teolo\u0161ki, povijesni, knji\u017eevno, likovno, glazbeno, medijski.<\/p>\n\n\n\n<p>Osamnaestu godinu Tanja Baran uspje\u0161no vodi Udrugu za promicanje znamenitih Kri\u017eev\u010dana \u201eDr. Stjepan Kranj\u010di\u0107\u201d u kojoj je sa suradnicima osmislila tri manifestacije iz kr\u0161\u0107anske kulture na nacionalnoj razini: Dane hrvatskih svetaca i bla\u017eenika te nacionalne natje\u010daje za kr\u0161\u0107ansku knji\u017eevnost \u201eKnji\u017eevni Kranj\u010di\u0107\u201d i \u201eDje\u010dji Kranj\u010di\u0107\u201d koji se organizira u suradnji s Osnovnom \u0161kolom Ljudevita Modeca. Inicirala je znanstveni projekt \u201eHrvatska knji\u017eevnost kr\u0161\u0107anskoga nadahnu\u0107a\u201d koji se od 2014. svake druge godine odr\u017eava u Kri\u017eevcima u suradnji s Fakultetom hrvatskih studija Sveu\u010dili\u0161ta u Zagrebu i Glasom Koncila.<\/p>\n\n\n\n<figure class=\"wp-block-gallery has-nested-images columns-default is-cropped wp-block-gallery-1 is-layout-flex wp-block-gallery-is-layout-flex\">\n<figure class=\"wp-block-image size-large\"><a href=\"https:\/\/kranjcic.hr\/wp-content\/uploads\/2025\/04\/Skupna-svi-dobitnici-scaled.jpg\"><img loading=\"lazy\" decoding=\"async\" width=\"1024\" height=\"629\" data-id=\"6523\" src=\"https:\/\/kranjcic.hr\/wp-content\/uploads\/2025\/04\/Skupna-svi-dobitnici-1024x629.jpg\" alt=\"\" class=\"wp-image-6523\" srcset=\"https:\/\/kranjcic.hr\/wp-content\/uploads\/2025\/04\/Skupna-svi-dobitnici-1024x629.jpg 1024w, https:\/\/kranjcic.hr\/wp-content\/uploads\/2025\/04\/Skupna-svi-dobitnici-200x123.jpg 200w, https:\/\/kranjcic.hr\/wp-content\/uploads\/2025\/04\/Skupna-svi-dobitnici-120x74.jpg 120w, https:\/\/kranjcic.hr\/wp-content\/uploads\/2025\/04\/Skupna-svi-dobitnici-1536x943.jpg 1536w, https:\/\/kranjcic.hr\/wp-content\/uploads\/2025\/04\/Skupna-svi-dobitnici-2048x1258.jpg 2048w\" sizes=\"auto, (max-width: 1024px) 100vw, 1024px\" \/><\/a><\/figure>\n\n\n\n<figure class=\"wp-block-image size-large\"><a href=\"https:\/\/kranjcic.hr\/wp-content\/uploads\/2025\/04\/Tanja-Baran-s-poveljom.jpg\"><img loading=\"lazy\" decoding=\"async\" width=\"710\" height=\"1024\" data-id=\"6522\" src=\"https:\/\/kranjcic.hr\/wp-content\/uploads\/2025\/04\/Tanja-Baran-s-poveljom-710x1024.jpg\" alt=\"\" class=\"wp-image-6522\" srcset=\"https:\/\/kranjcic.hr\/wp-content\/uploads\/2025\/04\/Tanja-Baran-s-poveljom-710x1024.jpg 710w, https:\/\/kranjcic.hr\/wp-content\/uploads\/2025\/04\/Tanja-Baran-s-poveljom-104x150.jpg 104w, https:\/\/kranjcic.hr\/wp-content\/uploads\/2025\/04\/Tanja-Baran-s-poveljom-83x120.jpg 83w, https:\/\/kranjcic.hr\/wp-content\/uploads\/2025\/04\/Tanja-Baran-s-poveljom-1064x1536.jpg 1064w, https:\/\/kranjcic.hr\/wp-content\/uploads\/2025\/04\/Tanja-Baran-s-poveljom.jpg 1318w\" sizes=\"auto, (max-width: 710px) 100vw, 710px\" \/><\/a><\/figure>\n\n\n\n<figure class=\"wp-block-image size-large\"><a href=\"https:\/\/kranjcic.hr\/wp-content\/uploads\/2025\/04\/Tanja-Baran-Darko-Koren-Damir-Felak-scaled.jpg\"><img loading=\"lazy\" decoding=\"async\" width=\"1024\" height=\"657\" data-id=\"6521\" src=\"https:\/\/kranjcic.hr\/wp-content\/uploads\/2025\/04\/Tanja-Baran-Darko-Koren-Damir-Felak-1024x657.jpg\" alt=\"\" class=\"wp-image-6521\" srcset=\"https:\/\/kranjcic.hr\/wp-content\/uploads\/2025\/04\/Tanja-Baran-Darko-Koren-Damir-Felak-1024x657.jpg 1024w, https:\/\/kranjcic.hr\/wp-content\/uploads\/2025\/04\/Tanja-Baran-Darko-Koren-Damir-Felak-200x128.jpg 200w, https:\/\/kranjcic.hr\/wp-content\/uploads\/2025\/04\/Tanja-Baran-Darko-Koren-Damir-Felak-120x77.jpg 120w, https:\/\/kranjcic.hr\/wp-content\/uploads\/2025\/04\/Tanja-Baran-Darko-Koren-Damir-Felak-1536x985.jpg 1536w, https:\/\/kranjcic.hr\/wp-content\/uploads\/2025\/04\/Tanja-Baran-Darko-Koren-Damir-Felak-2048x1314.jpg 2048w\" sizes=\"auto, (max-width: 1024px) 100vw, 1024px\" \/><\/a><\/figure>\n<\/figure>\n","protected":false},"excerpt":{"rendered":"<p>Predsjednici Udruge za promicanje znamenitih Kri\u017eev\u010dana \u201eDr. Stjepan Kranj\u010di\u0107\u201c doc. dr. sc. Tanji Baran Koprivni\u010dko-kri\u017eeva\u010dka \u017eupanija dodijelila je povelju za doprinos ugledu i promociji \u017eupanije za sustavno dugogodi\u0161nje istra\u017eivanje zapisane usmene knji\u017eevne gra\u0111e kri\u017eeva\u010dkoga kraja, za znanstveno-publicisti\u010dki i novinarski rad vezan za znamenite Kri\u017eev\u010dane, ponajprije sv. Marka Kri\u017eev\u010danina i \u017eupnika&hellip; <\/p>\n","protected":false},"author":1,"featured_media":6521,"comment_status":"closed","ping_status":"closed","sticky":false,"template":"","format":"standard","meta":{"footnotes":""},"categories":[100,18],"tags":[],"class_list":["post-6520","post","type-post","status-publish","format-standard","has-post-thumbnail","hentry","category-100","category-zbivanja"],"_links":{"self":[{"href":"https:\/\/kranjcic.hr\/index.php?rest_route=\/wp\/v2\/posts\/6520","targetHints":{"allow":["GET"]}}],"collection":[{"href":"https:\/\/kranjcic.hr\/index.php?rest_route=\/wp\/v2\/posts"}],"about":[{"href":"https:\/\/kranjcic.hr\/index.php?rest_route=\/wp\/v2\/types\/post"}],"author":[{"embeddable":true,"href":"https:\/\/kranjcic.hr\/index.php?rest_route=\/wp\/v2\/users\/1"}],"replies":[{"embeddable":true,"href":"https:\/\/kranjcic.hr\/index.php?rest_route=%2Fwp%2Fv2%2Fcomments&post=6520"}],"version-history":[{"count":1,"href":"https:\/\/kranjcic.hr\/index.php?rest_route=\/wp\/v2\/posts\/6520\/revisions"}],"predecessor-version":[{"id":6524,"href":"https:\/\/kranjcic.hr\/index.php?rest_route=\/wp\/v2\/posts\/6520\/revisions\/6524"}],"wp:featuredmedia":[{"embeddable":true,"href":"https:\/\/kranjcic.hr\/index.php?rest_route=\/wp\/v2\/media\/6521"}],"wp:attachment":[{"href":"https:\/\/kranjcic.hr\/index.php?rest_route=%2Fwp%2Fv2%2Fmedia&parent=6520"}],"wp:term":[{"taxonomy":"category","embeddable":true,"href":"https:\/\/kranjcic.hr\/index.php?rest_route=%2Fwp%2Fv2%2Fcategories&post=6520"},{"taxonomy":"post_tag","embeddable":true,"href":"https:\/\/kranjcic.hr\/index.php?rest_route=%2Fwp%2Fv2%2Ftags&post=6520"}],"curies":[{"name":"wp","href":"https:\/\/api.w.org\/{rel}","templated":true}]}}