{"id":6531,"date":"2025-04-24T22:21:00","date_gmt":"2025-04-24T22:21:00","guid":{"rendered":"https:\/\/kranjcic.hr\/?p=6531"},"modified":"2025-04-24T22:22:39","modified_gmt":"2025-04-24T22:22:39","slug":"martina-valec-rebic-clanica-nadzornog-odbora-uduge-dobitnica-priznanja-grada-krizevaca","status":"publish","type":"post","link":"https:\/\/kranjcic.hr\/?p=6531","title":{"rendered":"MARTINA VALEC-REBI\u0106, \u010cLANICA NADZORNOG ODBORA UDUGE, DOBITNICA PRIZNANJA GRADA KRI\u017dEVACA"},"content":{"rendered":"\n<p>Na sve\u010danoj sjednici Gradskoga vije\u0107a u povodu obilje\u017eavanja 773. ro\u0111endana Kri\u017eevaca 24. travnja 2025. kri\u017eeva\u010dki gradona\u010delnik Mario Rajn i predsjednik kri\u017eeva\u010dkoga Gradskog vije\u0107a Igor Frbe\u017ear uru\u010dili su \u010dlanici nadzornog odbora Udruge Martini Valec-Rebi\u0107 priznanje za iznimna postignu\u0107a u obrazovanju, o\u010duvanju ba\u0161tine i unapre\u0111enju kulturnog \u017eivota grada.<\/p>\n\n\n\n<p>Sve\u010danosti su nazo\u010dili brojni uglednici: predsjednik Republike Hrvatske Zoran Milanovi\u0107, izaslanik predsjednika Hrvatskog sabora Darko Sobota, izaslanik Vlade Republike Hrvatske Branko Hrg, \u017eupan Darko Koren, predstavnici susjednih gradova i op\u0107ina te gosti iz prijateljskih gradova.<\/p>\n\n\n\n<p>Dodjelu priznanja pratilo je sljede\u0107e obrazlo\u017eenje:&nbsp;&nbsp;<\/p>\n\n\n\n<p><strong>Martina Valec-Rebi\u0107<\/strong>, profesorica hrvatskog jezika i knji\u017eevnosti te fonetike, svojim predanim radom oboga\u0107uje kulturni, obrazovni i dru\u0161tveni \u017eivot Kri\u017eevaca. \u010cetrnaest godina koordinatorica je nacionalnog natje\u010daja za Susret hrvatskoga dje\u010djega duhovnoga stvarala\u0161tva Stjepan Kranj\u010di\u0107, \u010dime je dala nemjerljiv doprinos promociji duhovne knji\u017eevnosti me\u0111u mladima. Kao dugogodi\u0161nja voditeljica Kri\u017eeva\u010dkih glagolja\u0161a i promicateljica glagolja\u0161ke ba\u0161tine, ostvarila je suradnje na nacionalnoj razini, organizirala izlo\u017ebe i radionice te doprinijela o\u010duvanju nematerijalne kulturne ba\u0161tine. Njezin rad u \u0161kolstvu odlikovan je dr\u017eavnim nagradama, a kao autorica obrazovnih materijala i urednica knjiga ostavlja neizbrisiv trag u obrazovanju i kulturi. Svojim anga\u017emanom u novinarstvu, knji\u017eevnosti i zborskoj glazbi oblikovala je brojne generacije i dala poseban pe\u010dat identitetu grada.<\/p>\n\n\n\n<figure class=\"wp-block-gallery has-nested-images columns-2 is-cropped wp-block-gallery-1 is-layout-flex wp-block-gallery-is-layout-flex\">\n<figure class=\"wp-block-image size-large\"><a href=\"https:\/\/kranjcic.hr\/wp-content\/uploads\/2025\/04\/dan-grada-krizevaca-4.jpg\"><img loading=\"lazy\" decoding=\"async\" width=\"1024\" height=\"683\" data-id=\"6535\" src=\"https:\/\/kranjcic.hr\/wp-content\/uploads\/2025\/04\/dan-grada-krizevaca-4-1024x683.jpg\" alt=\"\" class=\"wp-image-6535\" srcset=\"https:\/\/kranjcic.hr\/wp-content\/uploads\/2025\/04\/dan-grada-krizevaca-4-1024x683.jpg 1024w, https:\/\/kranjcic.hr\/wp-content\/uploads\/2025\/04\/dan-grada-krizevaca-4-200x133.jpg 200w, https:\/\/kranjcic.hr\/wp-content\/uploads\/2025\/04\/dan-grada-krizevaca-4-120x80.jpg 120w, https:\/\/kranjcic.hr\/wp-content\/uploads\/2025\/04\/dan-grada-krizevaca-4.jpg 1500w\" sizes=\"auto, (max-width: 1024px) 100vw, 1024px\" \/><\/a><\/figure>\n\n\n\n<figure class=\"wp-block-image size-large\"><a href=\"https:\/\/kranjcic.hr\/wp-content\/uploads\/2025\/04\/DSC_7964.jpg\"><img loading=\"lazy\" decoding=\"async\" width=\"1024\" height=\"683\" data-id=\"6532\" src=\"https:\/\/kranjcic.hr\/wp-content\/uploads\/2025\/04\/DSC_7964.jpg\" alt=\"\" class=\"wp-image-6532\" srcset=\"https:\/\/kranjcic.hr\/wp-content\/uploads\/2025\/04\/DSC_7964.jpg 1024w, https:\/\/kranjcic.hr\/wp-content\/uploads\/2025\/04\/DSC_7964-200x133.jpg 200w, https:\/\/kranjcic.hr\/wp-content\/uploads\/2025\/04\/DSC_7964-120x80.jpg 120w\" sizes=\"auto, (max-width: 1024px) 100vw, 1024px\" \/><\/a><\/figure>\n\n\n\n<figure class=\"wp-block-image size-large\"><a href=\"https:\/\/kranjcic.hr\/wp-content\/uploads\/2025\/04\/DSC_7966.jpg\"><img loading=\"lazy\" decoding=\"async\" width=\"1024\" height=\"683\" data-id=\"6533\" src=\"https:\/\/kranjcic.hr\/wp-content\/uploads\/2025\/04\/DSC_7966.jpg\" alt=\"\" class=\"wp-image-6533\" srcset=\"https:\/\/kranjcic.hr\/wp-content\/uploads\/2025\/04\/DSC_7966.jpg 1024w, https:\/\/kranjcic.hr\/wp-content\/uploads\/2025\/04\/DSC_7966-200x133.jpg 200w, https:\/\/kranjcic.hr\/wp-content\/uploads\/2025\/04\/DSC_7966-120x80.jpg 120w\" sizes=\"auto, (max-width: 1024px) 100vw, 1024px\" \/><\/a><\/figure>\n\n\n\n<figure class=\"wp-block-image size-large\"><a href=\"https:\/\/kranjcic.hr\/wp-content\/uploads\/2025\/04\/viber_slika_2025-04-24_22-40-44-011.jpg\"><img loading=\"lazy\" decoding=\"async\" width=\"732\" height=\"659\" data-id=\"6534\" src=\"https:\/\/kranjcic.hr\/wp-content\/uploads\/2025\/04\/viber_slika_2025-04-24_22-40-44-011.jpg\" alt=\"\" class=\"wp-image-6534\" srcset=\"https:\/\/kranjcic.hr\/wp-content\/uploads\/2025\/04\/viber_slika_2025-04-24_22-40-44-011.jpg 732w, https:\/\/kranjcic.hr\/wp-content\/uploads\/2025\/04\/viber_slika_2025-04-24_22-40-44-011-167x150.jpg 167w, https:\/\/kranjcic.hr\/wp-content\/uploads\/2025\/04\/viber_slika_2025-04-24_22-40-44-011-120x108.jpg 120w\" sizes=\"auto, (max-width: 732px) 100vw, 732px\" \/><\/a><\/figure>\n<\/figure>\n\n\n\n<p class=\"has-text-align-right\">Fotografije: krizevci.info, krizevci.hr, prigorski.hr<\/p>\n\n\n\n<div style=\"height:238px\" aria-hidden=\"true\" class=\"wp-block-spacer\"><\/div>\n","protected":false},"excerpt":{"rendered":"<p>Na sve\u010danoj sjednici Gradskoga vije\u0107a u povodu obilje\u017eavanja 773. ro\u0111endana Kri\u017eevaca 24. travnja 2025. kri\u017eeva\u010dki gradona\u010delnik Mario Rajn i predsjednik kri\u017eeva\u010dkoga Gradskog vije\u0107a Igor Frbe\u017ear uru\u010dili su \u010dlanici nadzornog odbora Udruge Martini Valec-Rebi\u0107 priznanje za iznimna postignu\u0107a u obrazovanju, o\u010duvanju ba\u0161tine i unapre\u0111enju kulturnog \u017eivota grada. Sve\u010danosti su nazo\u010dili brojni&hellip; <\/p>\n","protected":false},"author":1,"featured_media":6532,"comment_status":"closed","ping_status":"closed","sticky":false,"template":"","format":"standard","meta":{"footnotes":""},"categories":[100,18],"tags":[],"class_list":["post-6531","post","type-post","status-publish","format-standard","has-post-thumbnail","hentry","category-100","category-zbivanja"],"_links":{"self":[{"href":"https:\/\/kranjcic.hr\/index.php?rest_route=\/wp\/v2\/posts\/6531","targetHints":{"allow":["GET"]}}],"collection":[{"href":"https:\/\/kranjcic.hr\/index.php?rest_route=\/wp\/v2\/posts"}],"about":[{"href":"https:\/\/kranjcic.hr\/index.php?rest_route=\/wp\/v2\/types\/post"}],"author":[{"embeddable":true,"href":"https:\/\/kranjcic.hr\/index.php?rest_route=\/wp\/v2\/users\/1"}],"replies":[{"embeddable":true,"href":"https:\/\/kranjcic.hr\/index.php?rest_route=%2Fwp%2Fv2%2Fcomments&post=6531"}],"version-history":[{"count":2,"href":"https:\/\/kranjcic.hr\/index.php?rest_route=\/wp\/v2\/posts\/6531\/revisions"}],"predecessor-version":[{"id":6537,"href":"https:\/\/kranjcic.hr\/index.php?rest_route=\/wp\/v2\/posts\/6531\/revisions\/6537"}],"wp:featuredmedia":[{"embeddable":true,"href":"https:\/\/kranjcic.hr\/index.php?rest_route=\/wp\/v2\/media\/6532"}],"wp:attachment":[{"href":"https:\/\/kranjcic.hr\/index.php?rest_route=%2Fwp%2Fv2%2Fmedia&parent=6531"}],"wp:term":[{"taxonomy":"category","embeddable":true,"href":"https:\/\/kranjcic.hr\/index.php?rest_route=%2Fwp%2Fv2%2Fcategories&post=6531"},{"taxonomy":"post_tag","embeddable":true,"href":"https:\/\/kranjcic.hr\/index.php?rest_route=%2Fwp%2Fv2%2Ftags&post=6531"}],"curies":[{"name":"wp","href":"https:\/\/api.w.org\/{rel}","templated":true}]}}