{"id":6599,"date":"2025-05-16T08:22:50","date_gmt":"2025-05-16T08:22:50","guid":{"rendered":"https:\/\/kranjcic.hr\/?p=6599"},"modified":"2025-05-16T08:23:47","modified_gmt":"2025-05-16T08:23:47","slug":"hrvatski-sveci-branimira-dorotica-obogatili-srce-hrvatskoga-zagorja","status":"publish","type":"post","link":"https:\/\/kranjcic.hr\/?p=6599","title":{"rendered":"HRVATSKI SVECI BRANIMIRA DOROTI\u0106A OBOGATILI SRCE HRVATSKOGA ZAGORJA"},"content":{"rendered":"\n<p>Uz svetkovinu drugoga hrvatskog sveca Leopolda Mandi\u0107a u Leopoldu je posve\u0107enoj \u017eupi Orehovici u srcu Hrvatskoga zagorja otvorena izlo\u017eba \u201eHrvatski sveci i bla\u017eenici u na\u0161em narodu\u201c akademskog slikara Branimira Doroti\u0107a. Sve\u010danost je odr\u017eana u nedjelju 11. svibnja 2025. u Osnovnoj \u0161koli Stjepana Radi\u0107a u Brestovcu Orehovi\u010dkom. U ime doma\u0107ina okupljene je pozdravio doma\u0107in ravnatelj \u0161kole Zdenko Kobe\u0161\u010dak. Uvodne su govore odr\u017eali na\u010delnik Bedekov\u010dine Darko Ban i \u017eupnik \u017eupe sv. Leopolda Mandi\u0107a u Orehovici Josip Ban.<\/p>\n\n\n\n<p>Voditelj izlo\u017ebenoga ciklusa \u201eHrvatski sveci i bla\u017eenici u na\u0161em narodu\u201c koji putuje po Hrvatskoj mons. Antun Sente ml. predstavljaju\u0107i izlo\u017ebu je naglasio: \u201eSvjestan sam da sam kao sve\u0107enik pozvan propvijedati, tuma\u010diti Bo\u017eju rije\u010d. Promatraju\u0107i umjetni\u010dka djela, sada osobito slike Branimira Doroti\u0107a, oslu\u0161kuju\u0107i povjesni\u010dara umjetnosti Stanka \u0160poljari\u0107a koji tuma\u010di izlo\u017ebu u likovnom smislu, te nose\u0107i slike hrvatskih svetaca i bla\u017eenika po Hrvatskoj, kao i onih za koje se vodi postupak da budu uzdignuti na \u010dast oltara, u\u010dim se bolje propovijedati. Stoga sam zahvalan da mogu sudjelovati u ovom projektu i prenositi svetost Hrvatske do svakog kutka lijepe na\u0161e domovine.\u201c<\/p>\n\n\n\n<p>Likovni povjesni\u010dar i kriti\u010dar Stanko \u0160poljari\u0107 publici je nastojao pribli\u017eiti autorov likovni rukopis. Istaknuo je da je Doroti\u0107 slikar kojemu se vjeruje, \u0161to nije lako re\u0107i za svakog slikara, da je u pitanju slikar atraktivnosti i \u0161irine, umjetnik velikih kompozicija. Podsjetio je na Doroti\u0107eva najve\u0107a djela u crkvi svetog Jakova u Me\u0111ugorju i u crkvi svetog Josipa na zagreba\u010dkog Tre\u0161njevci proglasiv\u0161i te likovne ostvaraje jednima od ponajboljih vitraja duhovnog senzibiliteta. \u201eDoroti\u0107 ono nebesko, svjetlo, boju, u motivskoj \u010ditkosti pribli\u017eava vjerniku\u201c, rekao je prof. \u0160poljari\u0107 i nastavio: \u201eU Branimirovim slikama prepoznajemo slikarski intimitet, majstorstvo ruke, ali i nagla\u0161enu duhovnost koja postoji. To su slike osmi\u0161ljene i produbljene bojom. Autor je nagla\u0161eni kolorist. Slikar je koji osje\u0107a boju grade\u0107i figuru i prostor. Kod njega imamo tako slo\u017eenu i razvedenu ikonografiju, sadr\u017eajno pro\u0161irenje i slojevitost, da preko detalja slike i posve\u0107enog prostora osjetimo vrijeme i elemente koji su obilje\u017eili samog sveca, odnosno kandidata za oltar. Ova hodo\u010dasni\u010dka skitnja izlo\u017eaba hrvatskih svetaca i bla\u017eenika zapravo prodire do srca svakog promatra\u010da, osje\u0107a se hodo\u010dasni\u010dki puls umjetni\u010dke plemenitosti i vjerni\u010dke duhovnosti. Ovu Doroti\u0107evu izlo\u017ebu pratimo po Hrvatskoj ve\u0107 godinu dana. Iste su to slike prezentirane u razli\u010ditim prostorima i kao da se uz njih doga\u0111a malo \u010dudo. Te iste slike u svakom novom prostoru daju novi odsjaj jer se radi o vrsnoj umjetni\u010dkoj posebnosti i duhovnosti po kojoj je tvarno postalo nemjerljivo.\u201c<\/p>\n\n\n\n<p>Autor izlo\u017ebe Branimir Doroti\u0107 zahvalio je svima koji su do\u0161li na izlo\u017ebu, kao i svima koji sudjeluju u organizaciji izlo\u017ebe. \u201eOve moje slike govore same za sebe, to je pri\u010da o talentima koje po Duhu primamo pa smo ih du\u017eni razvijati i dati se bli\u017enjima. Danas je ovdje spomenuta sintagma &#8216;sveta Hrvatska&#8217;. Nigdje tako jako pokazana kao u ovim na\u0161im zagorskim bregima, ali i po cijeloj Hrvatskoj, osobito u ovim tornji\u0107ima, zvonicima, kampanelima koji se vide po svim tim na\u0161im bregima i dolima, uz more i u Zagorju, ta zvonjava zove i priziva svetu Hrvatsku da oni koji znaju i u\u010de povijest mogu re\u0107i da Hrvatska nije nestala i nikad ne\u0107e nestati upravo radi svojih svetaca. Stoga smo du\u017eni zahvaliti na\u0161im svecima. Sje\u0107am se rata i krunice oko vrata, na\u0161ega jedinstva. Volio bih da to jedinstvo ponovno u\u0111e u na\u0161 narod. Slike sam radio najbolje \u0161to sam mogao. Sveci su neiscrpna inspiracija. Kad se u svom ateljeu pove\u017eete sa svecima, onda tra\u017eite indentitet, jer ovi na\u0161i sveci jesu hrvatski indetitet pa neka Bog i po njima \u010duva Hrvatsku\u201c, u svojem je obra\u0107anju rekao autor Branimir Doroti\u0107.<\/p>\n\n\n\n<p>Izlo\u017ebu je otvorio zlatarski \u017eupnik i dekan Zlatarsko-bele\u010dkog dekanata Dragutin Cerove\u010dki. U toj je prilici istaknuo da slike Branimira Doroti\u0107a do\u017eivljava kao djela pred kojima se mo\u017ee moliti. \u201eSvaki autor ima svoje vi\u0111enje, impresiju, izri\u010daj, no neka nas prema Bogu ipak vodi sakralna slika. Jer ona prikazuje svece, osobe koje su u svoje vrijeme ostavile odre\u0111eni trag, odnosno pe\u010dat\u201c, poru\u010dio je pre\u010d. Cerove\u010dki.<\/p>\n\n\n\n<p>Glazbeno su program obogatili zborovi Osnovne \u0161kole Stjepana Radi\u0107a pod vodstvom Jasmina Pristu\u0161eka i \u017eupnog zbora iz Orehovice koji vodi Katarina Marija Kobe\u0161\u010dak. Cjelokupnim je programom moderirala inicijatorica izlo\u017ebenog ciklusa, predsjednica Udruge za promicanje znamenitih Kri\u017eev\u010dana Tanja Baran. Poru\u010dila je da se u Kri\u017eevcima od 22. do 25. svibnja odr\u017eavaju 17. Dani hrvatskih svetaca i bla\u017eenika na kojima je prije 17 godina niknuo ovaj izlo\u017ebeni projekt koji traje. Podsjetila je na to da je u sklopu ciklusa jedino Branimir Doroti\u0107 dosad imao dvije izlo\u017ebe. Na tre\u0107im Danima bile su to skice za vitraje posve\u0107ene hrvatskim duhovnim velikanima, a sada su to bili akrili na platnu. Najavila je da \u010detverodnevna manifestacija 17. Dana svetaca u \u010detvrtak 22. svibnja zapo\u010dinje otvorenjem novoga izlo\u017ebenoga ciklusa koji \u0107e nakon Kri\u017eevaca putovati po Hrvatskoj. Ove \u0107e godine hrvatske svece i bla\u017eenike likovno po Hrvatskoj predvoditi akademski slikar Tihomir Lon\u010dar.<\/p>\n\n\n\n<div style=\"height:23px\" aria-hidden=\"true\" class=\"wp-block-spacer\"><\/div>\n\n\n\n<figure class=\"wp-block-gallery has-nested-images columns-default is-cropped wp-block-gallery-1 is-layout-flex wp-block-gallery-is-layout-flex\">\n<figure class=\"wp-block-image size-large\"><a href=\"https:\/\/kranjcic.hr\/wp-content\/uploads\/2025\/05\/01-Skupna-sudionici.jpg\"><img loading=\"lazy\" decoding=\"async\" width=\"1024\" height=\"642\" data-id=\"6600\" src=\"https:\/\/kranjcic.hr\/wp-content\/uploads\/2025\/05\/01-Skupna-sudionici-1024x642.jpg\" alt=\"\" class=\"wp-image-6600\" srcset=\"https:\/\/kranjcic.hr\/wp-content\/uploads\/2025\/05\/01-Skupna-sudionici-1024x642.jpg 1024w, https:\/\/kranjcic.hr\/wp-content\/uploads\/2025\/05\/01-Skupna-sudionici-200x125.jpg 200w, https:\/\/kranjcic.hr\/wp-content\/uploads\/2025\/05\/01-Skupna-sudionici-120x75.jpg 120w, https:\/\/kranjcic.hr\/wp-content\/uploads\/2025\/05\/01-Skupna-sudionici-1536x963.jpg 1536w, https:\/\/kranjcic.hr\/wp-content\/uploads\/2025\/05\/01-Skupna-sudionici.jpg 2048w\" sizes=\"auto, (max-width: 1024px) 100vw, 1024px\" \/><\/a><\/figure>\n\n\n\n<figure class=\"wp-block-image size-large\"><a href=\"https:\/\/kranjcic.hr\/wp-content\/uploads\/2025\/05\/02-S-otvorenja-izlozbe.jpg\"><img loading=\"lazy\" decoding=\"async\" width=\"1024\" height=\"654\" data-id=\"6604\" src=\"https:\/\/kranjcic.hr\/wp-content\/uploads\/2025\/05\/02-S-otvorenja-izlozbe-1024x654.jpg\" alt=\"\" class=\"wp-image-6604\" srcset=\"https:\/\/kranjcic.hr\/wp-content\/uploads\/2025\/05\/02-S-otvorenja-izlozbe-1024x654.jpg 1024w, https:\/\/kranjcic.hr\/wp-content\/uploads\/2025\/05\/02-S-otvorenja-izlozbe-200x128.jpg 200w, https:\/\/kranjcic.hr\/wp-content\/uploads\/2025\/05\/02-S-otvorenja-izlozbe-120x77.jpg 120w, https:\/\/kranjcic.hr\/wp-content\/uploads\/2025\/05\/02-S-otvorenja-izlozbe-1536x981.jpg 1536w, https:\/\/kranjcic.hr\/wp-content\/uploads\/2025\/05\/02-S-otvorenja-izlozbe.jpg 2048w\" sizes=\"auto, (max-width: 1024px) 100vw, 1024px\" \/><\/a><\/figure>\n\n\n\n<figure class=\"wp-block-image size-large\"><a href=\"https:\/\/kranjcic.hr\/wp-content\/uploads\/2025\/05\/03-Skolski-zbor.jpg\"><img loading=\"lazy\" decoding=\"async\" width=\"1024\" height=\"768\" data-id=\"6603\" src=\"https:\/\/kranjcic.hr\/wp-content\/uploads\/2025\/05\/03-Skolski-zbor-1024x768.jpg\" alt=\"\" class=\"wp-image-6603\" srcset=\"https:\/\/kranjcic.hr\/wp-content\/uploads\/2025\/05\/03-Skolski-zbor-1024x768.jpg 1024w, https:\/\/kranjcic.hr\/wp-content\/uploads\/2025\/05\/03-Skolski-zbor-200x150.jpg 200w, https:\/\/kranjcic.hr\/wp-content\/uploads\/2025\/05\/03-Skolski-zbor-120x90.jpg 120w, https:\/\/kranjcic.hr\/wp-content\/uploads\/2025\/05\/03-Skolski-zbor-1536x1152.jpg 1536w, https:\/\/kranjcic.hr\/wp-content\/uploads\/2025\/05\/03-Skolski-zbor.jpg 2048w\" sizes=\"auto, (max-width: 1024px) 100vw, 1024px\" \/><\/a><\/figure>\n\n\n\n<figure class=\"wp-block-image size-large\"><a href=\"https:\/\/kranjcic.hr\/wp-content\/uploads\/2025\/05\/04-Zupni-zbor.jpg\"><img loading=\"lazy\" decoding=\"async\" width=\"1024\" height=\"768\" data-id=\"6605\" src=\"https:\/\/kranjcic.hr\/wp-content\/uploads\/2025\/05\/04-Zupni-zbor-1024x768.jpg\" alt=\"\" class=\"wp-image-6605\" srcset=\"https:\/\/kranjcic.hr\/wp-content\/uploads\/2025\/05\/04-Zupni-zbor-1024x768.jpg 1024w, https:\/\/kranjcic.hr\/wp-content\/uploads\/2025\/05\/04-Zupni-zbor-200x150.jpg 200w, https:\/\/kranjcic.hr\/wp-content\/uploads\/2025\/05\/04-Zupni-zbor-120x90.jpg 120w, https:\/\/kranjcic.hr\/wp-content\/uploads\/2025\/05\/04-Zupni-zbor-1536x1152.jpg 1536w, https:\/\/kranjcic.hr\/wp-content\/uploads\/2025\/05\/04-Zupni-zbor.jpg 2048w\" sizes=\"auto, (max-width: 1024px) 100vw, 1024px\" \/><\/a><\/figure>\n\n\n\n<figure class=\"wp-block-image size-large\"><a href=\"https:\/\/kranjcic.hr\/wp-content\/uploads\/2025\/05\/05-Autor-Branimir-Dorotic.jpg\"><img loading=\"lazy\" decoding=\"async\" width=\"938\" height=\"1024\" data-id=\"6602\" src=\"https:\/\/kranjcic.hr\/wp-content\/uploads\/2025\/05\/05-Autor-Branimir-Dorotic-938x1024.jpg\" alt=\"\" class=\"wp-image-6602\" srcset=\"https:\/\/kranjcic.hr\/wp-content\/uploads\/2025\/05\/05-Autor-Branimir-Dorotic-938x1024.jpg 938w, https:\/\/kranjcic.hr\/wp-content\/uploads\/2025\/05\/05-Autor-Branimir-Dorotic-137x150.jpg 137w, https:\/\/kranjcic.hr\/wp-content\/uploads\/2025\/05\/05-Autor-Branimir-Dorotic-110x120.jpg 110w, https:\/\/kranjcic.hr\/wp-content\/uploads\/2025\/05\/05-Autor-Branimir-Dorotic-1406x1536.jpg 1406w, https:\/\/kranjcic.hr\/wp-content\/uploads\/2025\/05\/05-Autor-Branimir-Dorotic.jpg 1875w\" sizes=\"auto, (max-width: 938px) 100vw, 938px\" \/><\/a><\/figure>\n\n\n\n<figure class=\"wp-block-image size-large\"><a href=\"https:\/\/kranjcic.hr\/wp-content\/uploads\/2025\/05\/06-Publika-promatra-izlozbu.jpg\"><img loading=\"lazy\" decoding=\"async\" width=\"1024\" height=\"565\" data-id=\"6601\" src=\"https:\/\/kranjcic.hr\/wp-content\/uploads\/2025\/05\/06-Publika-promatra-izlozbu-1024x565.jpg\" alt=\"\" class=\"wp-image-6601\" srcset=\"https:\/\/kranjcic.hr\/wp-content\/uploads\/2025\/05\/06-Publika-promatra-izlozbu-1024x565.jpg 1024w, https:\/\/kranjcic.hr\/wp-content\/uploads\/2025\/05\/06-Publika-promatra-izlozbu-200x110.jpg 200w, https:\/\/kranjcic.hr\/wp-content\/uploads\/2025\/05\/06-Publika-promatra-izlozbu-120x66.jpg 120w, https:\/\/kranjcic.hr\/wp-content\/uploads\/2025\/05\/06-Publika-promatra-izlozbu-1536x848.jpg 1536w, https:\/\/kranjcic.hr\/wp-content\/uploads\/2025\/05\/06-Publika-promatra-izlozbu.jpg 2048w\" sizes=\"auto, (max-width: 1024px) 100vw, 1024px\" \/><\/a><\/figure>\n<\/figure>\n\n\n\n<div style=\"height:100px\" aria-hidden=\"true\" class=\"wp-block-spacer\"><\/div>\n","protected":false},"excerpt":{"rendered":"<p>Uz svetkovinu drugoga hrvatskog sveca Leopolda Mandi\u0107a u Leopoldu je posve\u0107enoj \u017eupi Orehovici u srcu Hrvatskoga zagorja otvorena izlo\u017eba \u201eHrvatski sveci i bla\u017eenici u na\u0161em narodu\u201c akademskog slikara Branimira Doroti\u0107a. Sve\u010danost je odr\u017eana u nedjelju 11. svibnja 2025. u Osnovnoj \u0161koli Stjepana Radi\u0107a u Brestovcu Orehovi\u010dkom. U ime doma\u0107ina okupljene&hellip; <\/p>\n","protected":false},"author":1,"featured_media":6600,"comment_status":"closed","ping_status":"closed","sticky":false,"template":"","format":"standard","meta":{"footnotes":""},"categories":[97,100,7,30],"tags":[],"class_list":["post-6599","post","type-post","status-publish","format-standard","has-post-thumbnail","hentry","category-16-dani-hsib","category-100","category-arhiv-po-godinama","category-dani-hrvatskih-svetaca-i-blazenika"],"_links":{"self":[{"href":"https:\/\/kranjcic.hr\/index.php?rest_route=\/wp\/v2\/posts\/6599","targetHints":{"allow":["GET"]}}],"collection":[{"href":"https:\/\/kranjcic.hr\/index.php?rest_route=\/wp\/v2\/posts"}],"about":[{"href":"https:\/\/kranjcic.hr\/index.php?rest_route=\/wp\/v2\/types\/post"}],"author":[{"embeddable":true,"href":"https:\/\/kranjcic.hr\/index.php?rest_route=\/wp\/v2\/users\/1"}],"replies":[{"embeddable":true,"href":"https:\/\/kranjcic.hr\/index.php?rest_route=%2Fwp%2Fv2%2Fcomments&post=6599"}],"version-history":[{"count":2,"href":"https:\/\/kranjcic.hr\/index.php?rest_route=\/wp\/v2\/posts\/6599\/revisions"}],"predecessor-version":[{"id":6607,"href":"https:\/\/kranjcic.hr\/index.php?rest_route=\/wp\/v2\/posts\/6599\/revisions\/6607"}],"wp:featuredmedia":[{"embeddable":true,"href":"https:\/\/kranjcic.hr\/index.php?rest_route=\/wp\/v2\/media\/6600"}],"wp:attachment":[{"href":"https:\/\/kranjcic.hr\/index.php?rest_route=%2Fwp%2Fv2%2Fmedia&parent=6599"}],"wp:term":[{"taxonomy":"category","embeddable":true,"href":"https:\/\/kranjcic.hr\/index.php?rest_route=%2Fwp%2Fv2%2Fcategories&post=6599"},{"taxonomy":"post_tag","embeddable":true,"href":"https:\/\/kranjcic.hr\/index.php?rest_route=%2Fwp%2Fv2%2Ftags&post=6599"}],"curies":[{"name":"wp","href":"https:\/\/api.w.org\/{rel}","templated":true}]}}