{"id":6645,"date":"2025-05-25T20:07:15","date_gmt":"2025-05-25T20:07:15","guid":{"rendered":"https:\/\/kranjcic.hr\/?p=6645"},"modified":"2025-05-25T20:07:16","modified_gmt":"2025-05-25T20:07:16","slug":"slavljem-u-cast-bl-jakova-zadranina-zavrseni-17-dani-hrvatskih-svetaca-i-blazenika-u-krizevcima","status":"publish","type":"post","link":"https:\/\/kranjcic.hr\/?p=6645","title":{"rendered":"SLAVLJEM U \u010cAST BL. JAKOVA ZADRANINA ZAVR\u0160ENI 17. DANI HRVATSKIH SVETACA I BLA\u017dENIKA U KRI\u017dEVCIMA"},"content":{"rendered":"\n<p>Pripremnim programom i misnim slavljem u \u010dast bl. Jakova Zadranina u kri\u017eeva\u010dkoj \u017eupnoj crkvi sv. Ane u nedjelju 25. svibnja 2025. zavr\u0161eni su 17. Dani hrvatskih svetaca i bla\u017eenika.<\/p>\n\n\n\n<p>Uvodni program predstavljanja slavljenoga bla\u017eenika bio je povjeren doktorandici Hrvatskoga katoli\u010dkog sveu\u010dili\u0161ta Zadranki Hani Kilijan. Govorila je o bla\u017eenikovu \u017eivotu i promicanju \u0161tovanja. Jakov Zadranin bio je franjevac iz Zadra, nije bio sve\u0107enik, a svetost je ostvario u Bitettu u Italiji tijekom 15. stolje\u0107a. Tamo se i \u010duva njegovo gotovo neraspadnuto tijelo. Skupljao je milostinju, njegovao bolesne od kuge. U \u0161ezdesetak redovni\u010dkih godina slu\u017eio je kao kuhar, vratar, vrtlar, sakristan. Neprekidno je molio, neumorno pomagao ljudima u potrebi, imao je dar proricanja. Bl. Jakova u Bitettu \u0161tuju kao za\u0161titika grada. Spomendan mu je 27. travnja. U tijeku je proces za njegovo progla\u0161enje svetim.&nbsp; &nbsp;&nbsp;&nbsp;&nbsp;<\/p>\n\n\n\n<p>Uslijedilo je misno slavlje koje je, uz koncelebraciju \u017eupnika doma\u0107ina Stjepana Sovi\u010deka, predvodio kustod franjeva\u010dke kustodije sv. Jeronima iz Zadra fra Tomislav \u0160anko. U propovijedi je govorio o tome da \u0107e na\u0161i \u017eivoti biti vrednovani prema tome koliko smo sebe dali nekome ili za ne\u0161to. \u201eSveci nisu grije\u0161ili manje od prosje\u010dnih ljudi, nego su ljubili vi\u0161e, bili su strastveni, davali su se. Tu\u017eno je ako \u010dovjek u \u017eivotu nema vi\u0161e od sebe samoga. Va\u017eno je na\u0107i svoje mjesto u svijetu u koji smo poslani. Bl. Jakov Zadranin to je ostvario\u201c, rekao je propovjednik i nastavio: \u201eDuh Sveti je odli\u010dan trener. Stavlja nas na odre\u0111enu poziciju. Kad smo na pravom mjestu i osje\u0107amo se zadovoljno, ostvareno, to je to. Ljudi su se u blizini Jakova Zadranina osje\u0107ali dobro, \u010dak i veliko, kao da imaju va\u017enu ulogu, svoje mjesto.\u201c Fra Tomislav je na kraju zaklju\u010dio: \u201eNajve\u0107i su oni ljudi koji naprave najbolje od svakodnevnih ugodnih i manje ugodnih situacija koje su se dogodile, a nisu bile planirane. Sveci su imali probleme kao i mi, ali su od problema \u010dinili dobro. Kad se dogodi ne\u0161to te\u0161ko, tek se tada vidi koliko \u010dovjek vrijedi. Isus je bio najbolji tada kada mu je bilo najte\u017ee, tako i sveci, tako i bl. Jakov Zadranin\u201c.<\/p>\n\n\n\n<p>Misno je slavlje glazbeno animirao dje\u010dji zbor \u017eupe sv. Ane Kri\u017eevci.<\/p>\n\n\n\n<p>Sve\u010danost je zavr\u0161ena \u0161tovanjem relikvije bl. Jakova Zadranina koju je kustod fra Tomislav \u0160anko donio iz samostana sv. Frane u Zadru. Donio je i bla\u017eenikovu sliku koju su zadarskom samostanu darovali vjernici Bitetta. &nbsp;<\/p>\n\n\n\n<p>Time su zavr\u0161eni \u010detverodnevni 17. Dani hrvatskih svetaca i bla\u017eenika kojima se \u017eeljelo potaknuti na bolje poznavanje i intenzivnije \u0161tovanje hrvatskih duhovnih velikana.<\/p>\n\n\n\n<p>Manifestaciju su, uz pokroviteljstvo Bjelovarsko-kri\u017eeva\u010dke biskupije, organizirali Udruga za promicanje znamenitih Kri\u017eev\u010dana \u201eDr. Stjepan Kranj\u010di\u0107\u201c, \u017eupa sv. Ane Kri\u017eevci te \u017eupa BDM \u017dalosne i sv. Marka Kri\u017eev\u010danina Kri\u017eevci, uz potporu Grada Kri\u017eevaca, Glasa Koncila, portala prigorski.hr, Hrvatske katoli\u010dke mre\u017ee i Radio Marije. Suradnici su bili Nacionalno sveti\u0161te sv. Josipa iz Karlovca i Gradski muzej Kri\u017eevci.<\/p>\n\n\n\n<p>Cjelokupan se program u sve dane mogao pratiti preko facebooka portala prigorski.hr, Hrvatskoga katoli\u010dkoga radija, Radio Marije i Glasa Koncila. Preko te je platforme sadr\u017eaje manifestacije pratilo vi\u0161e od 110 000 posjetitelja.<\/p>\n\n\n\n<figure class=\"wp-block-gallery has-nested-images columns-default is-cropped wp-block-gallery-1 is-layout-flex wp-block-gallery-is-layout-flex\">\n<figure class=\"wp-block-image size-large\"><a href=\"https:\/\/kranjcic.hr\/wp-content\/uploads\/2025\/05\/01-Sudionici-skupna.jpg\"><img loading=\"lazy\" decoding=\"async\" width=\"1024\" height=\"654\" data-id=\"6646\" src=\"https:\/\/kranjcic.hr\/wp-content\/uploads\/2025\/05\/01-Sudionici-skupna-1024x654.jpg\" alt=\"\" class=\"wp-image-6646\" srcset=\"https:\/\/kranjcic.hr\/wp-content\/uploads\/2025\/05\/01-Sudionici-skupna-1024x654.jpg 1024w, https:\/\/kranjcic.hr\/wp-content\/uploads\/2025\/05\/01-Sudionici-skupna-200x128.jpg 200w, https:\/\/kranjcic.hr\/wp-content\/uploads\/2025\/05\/01-Sudionici-skupna-120x77.jpg 120w, https:\/\/kranjcic.hr\/wp-content\/uploads\/2025\/05\/01-Sudionici-skupna-1536x980.jpg 1536w, https:\/\/kranjcic.hr\/wp-content\/uploads\/2025\/05\/01-Sudionici-skupna.jpg 1733w\" sizes=\"auto, (max-width: 1024px) 100vw, 1024px\" \/><\/a><\/figure>\n\n\n\n<figure class=\"wp-block-image size-large\"><a href=\"https:\/\/kranjcic.hr\/wp-content\/uploads\/2025\/05\/02-Uvodni-program-Hana-Kilijan.jpg\"><img loading=\"lazy\" decoding=\"async\" width=\"1024\" height=\"887\" data-id=\"6648\" src=\"https:\/\/kranjcic.hr\/wp-content\/uploads\/2025\/05\/02-Uvodni-program-Hana-Kilijan-1024x887.jpg\" alt=\"\" class=\"wp-image-6648\" srcset=\"https:\/\/kranjcic.hr\/wp-content\/uploads\/2025\/05\/02-Uvodni-program-Hana-Kilijan-1024x887.jpg 1024w, https:\/\/kranjcic.hr\/wp-content\/uploads\/2025\/05\/02-Uvodni-program-Hana-Kilijan-173x150.jpg 173w, https:\/\/kranjcic.hr\/wp-content\/uploads\/2025\/05\/02-Uvodni-program-Hana-Kilijan-120x104.jpg 120w, https:\/\/kranjcic.hr\/wp-content\/uploads\/2025\/05\/02-Uvodni-program-Hana-Kilijan.jpg 1402w\" sizes=\"auto, (max-width: 1024px) 100vw, 1024px\" \/><\/a><\/figure>\n\n\n\n<figure class=\"wp-block-image size-large\"><a href=\"https:\/\/kranjcic.hr\/wp-content\/uploads\/2025\/05\/03-Misa-1.jpg\"><img loading=\"lazy\" decoding=\"async\" width=\"1024\" height=\"768\" data-id=\"6647\" src=\"https:\/\/kranjcic.hr\/wp-content\/uploads\/2025\/05\/03-Misa-1-1024x768.jpg\" alt=\"\" class=\"wp-image-6647\" srcset=\"https:\/\/kranjcic.hr\/wp-content\/uploads\/2025\/05\/03-Misa-1-1024x768.jpg 1024w, https:\/\/kranjcic.hr\/wp-content\/uploads\/2025\/05\/03-Misa-1-200x150.jpg 200w, https:\/\/kranjcic.hr\/wp-content\/uploads\/2025\/05\/03-Misa-1-120x90.jpg 120w, https:\/\/kranjcic.hr\/wp-content\/uploads\/2025\/05\/03-Misa-1-1536x1152.jpg 1536w, https:\/\/kranjcic.hr\/wp-content\/uploads\/2025\/05\/03-Misa-1.jpg 1620w\" sizes=\"auto, (max-width: 1024px) 100vw, 1024px\" \/><\/a><\/figure>\n\n\n\n<figure class=\"wp-block-image size-large\"><a href=\"https:\/\/kranjcic.hr\/wp-content\/uploads\/2025\/05\/04-Kustod-Tomislav-Sanko-propovijeda.jpg\"><img loading=\"lazy\" decoding=\"async\" width=\"1024\" height=\"768\" data-id=\"6649\" src=\"https:\/\/kranjcic.hr\/wp-content\/uploads\/2025\/05\/04-Kustod-Tomislav-Sanko-propovijeda-1024x768.jpg\" alt=\"\" class=\"wp-image-6649\" srcset=\"https:\/\/kranjcic.hr\/wp-content\/uploads\/2025\/05\/04-Kustod-Tomislav-Sanko-propovijeda-1024x768.jpg 1024w, https:\/\/kranjcic.hr\/wp-content\/uploads\/2025\/05\/04-Kustod-Tomislav-Sanko-propovijeda-200x150.jpg 200w, https:\/\/kranjcic.hr\/wp-content\/uploads\/2025\/05\/04-Kustod-Tomislav-Sanko-propovijeda-120x90.jpg 120w, https:\/\/kranjcic.hr\/wp-content\/uploads\/2025\/05\/04-Kustod-Tomislav-Sanko-propovijeda.jpg 1400w\" sizes=\"auto, (max-width: 1024px) 100vw, 1024px\" \/><\/a><\/figure>\n\n\n\n<figure class=\"wp-block-image size-large\"><a href=\"https:\/\/kranjcic.hr\/wp-content\/uploads\/2025\/05\/05-Stovanje-relikvije-bl.-Jakova-Zadranina.jpg\"><img loading=\"lazy\" decoding=\"async\" width=\"1024\" height=\"814\" data-id=\"6651\" src=\"https:\/\/kranjcic.hr\/wp-content\/uploads\/2025\/05\/05-Stovanje-relikvije-bl.-Jakova-Zadranina-1024x814.jpg\" alt=\"\" class=\"wp-image-6651\" srcset=\"https:\/\/kranjcic.hr\/wp-content\/uploads\/2025\/05\/05-Stovanje-relikvije-bl.-Jakova-Zadranina-1024x814.jpg 1024w, https:\/\/kranjcic.hr\/wp-content\/uploads\/2025\/05\/05-Stovanje-relikvije-bl.-Jakova-Zadranina-189x150.jpg 189w, https:\/\/kranjcic.hr\/wp-content\/uploads\/2025\/05\/05-Stovanje-relikvije-bl.-Jakova-Zadranina-120x95.jpg 120w, https:\/\/kranjcic.hr\/wp-content\/uploads\/2025\/05\/05-Stovanje-relikvije-bl.-Jakova-Zadranina.jpg 1499w\" sizes=\"auto, (max-width: 1024px) 100vw, 1024px\" \/><\/a><\/figure>\n\n\n\n<figure class=\"wp-block-image size-large\"><a href=\"https:\/\/kranjcic.hr\/wp-content\/uploads\/2025\/05\/06-Bl.-Jakov-Zadranin.jpg\"><img loading=\"lazy\" decoding=\"async\" width=\"853\" height=\"1024\" data-id=\"6650\" src=\"https:\/\/kranjcic.hr\/wp-content\/uploads\/2025\/05\/06-Bl.-Jakov-Zadranin-853x1024.jpg\" alt=\"\" class=\"wp-image-6650\" srcset=\"https:\/\/kranjcic.hr\/wp-content\/uploads\/2025\/05\/06-Bl.-Jakov-Zadranin-853x1024.jpg 853w, https:\/\/kranjcic.hr\/wp-content\/uploads\/2025\/05\/06-Bl.-Jakov-Zadranin-125x150.jpg 125w, https:\/\/kranjcic.hr\/wp-content\/uploads\/2025\/05\/06-Bl.-Jakov-Zadranin-100x120.jpg 100w, https:\/\/kranjcic.hr\/wp-content\/uploads\/2025\/05\/06-Bl.-Jakov-Zadranin-1279x1536.jpg 1279w, https:\/\/kranjcic.hr\/wp-content\/uploads\/2025\/05\/06-Bl.-Jakov-Zadranin.jpg 1470w\" sizes=\"auto, (max-width: 853px) 100vw, 853px\" \/><\/a><\/figure>\n<\/figure>\n","protected":false},"excerpt":{"rendered":"<p>Pripremnim programom i misnim slavljem u \u010dast bl. Jakova Zadranina u kri\u017eeva\u010dkoj \u017eupnoj crkvi sv. Ane u nedjelju 25. svibnja 2025. zavr\u0161eni su 17. Dani hrvatskih svetaca i bla\u017eenika. Uvodni program predstavljanja slavljenoga bla\u017eenika bio je povjeren doktorandici Hrvatskoga katoli\u010dkog sveu\u010dili\u0161ta Zadranki Hani Kilijan. Govorila je o bla\u017eenikovu \u017eivotu i&hellip; <\/p>\n","protected":false},"author":1,"featured_media":6646,"comment_status":"closed","ping_status":"closed","sticky":false,"template":"","format":"standard","meta":{"footnotes":""},"categories":[102,100,18],"tags":[],"class_list":["post-6645","post","type-post","status-publish","format-standard","has-post-thumbnail","hentry","category-17-dani-hsib","category-100","category-zbivanja"],"_links":{"self":[{"href":"https:\/\/kranjcic.hr\/index.php?rest_route=\/wp\/v2\/posts\/6645","targetHints":{"allow":["GET"]}}],"collection":[{"href":"https:\/\/kranjcic.hr\/index.php?rest_route=\/wp\/v2\/posts"}],"about":[{"href":"https:\/\/kranjcic.hr\/index.php?rest_route=\/wp\/v2\/types\/post"}],"author":[{"embeddable":true,"href":"https:\/\/kranjcic.hr\/index.php?rest_route=\/wp\/v2\/users\/1"}],"replies":[{"embeddable":true,"href":"https:\/\/kranjcic.hr\/index.php?rest_route=%2Fwp%2Fv2%2Fcomments&post=6645"}],"version-history":[{"count":1,"href":"https:\/\/kranjcic.hr\/index.php?rest_route=\/wp\/v2\/posts\/6645\/revisions"}],"predecessor-version":[{"id":6652,"href":"https:\/\/kranjcic.hr\/index.php?rest_route=\/wp\/v2\/posts\/6645\/revisions\/6652"}],"wp:featuredmedia":[{"embeddable":true,"href":"https:\/\/kranjcic.hr\/index.php?rest_route=\/wp\/v2\/media\/6646"}],"wp:attachment":[{"href":"https:\/\/kranjcic.hr\/index.php?rest_route=%2Fwp%2Fv2%2Fmedia&parent=6645"}],"wp:term":[{"taxonomy":"category","embeddable":true,"href":"https:\/\/kranjcic.hr\/index.php?rest_route=%2Fwp%2Fv2%2Fcategories&post=6645"},{"taxonomy":"post_tag","embeddable":true,"href":"https:\/\/kranjcic.hr\/index.php?rest_route=%2Fwp%2Fv2%2Ftags&post=6645"}],"curies":[{"name":"wp","href":"https:\/\/api.w.org\/{rel}","templated":true}]}}