{"id":6684,"date":"2025-11-02T09:18:51","date_gmt":"2025-11-02T09:18:51","guid":{"rendered":"https:\/\/kranjcic.hr\/?p=6684"},"modified":"2025-11-02T18:26:28","modified_gmt":"2025-11-02T18:26:28","slug":"svi-sveti-na-kranjcicevu-grobu-u-krizevcima-2","status":"publish","type":"post","link":"https:\/\/kranjcic.hr\/?p=6684","title":{"rendered":"SVI SVETI NA KRANJ\u010cI\u0106EVU GROBU U KRI\u017dEVCIMA"},"content":{"rendered":"\n<p>Na svetkovinu Svih svetih 1. studenoga 2025. \u010dlanovi&nbsp;Udruge&nbsp;&#8220;Dr. Stjepan Kranj\u010di\u0107&#8221; okupili su se, zajedno s ostalim vjernicima, na grobu dr. Stjepana Kranj\u010di\u0107a na kri\u017eeva\u010dkom Gradskom groblju. Uz pjev zbora \u017eupe sv. Ane Kri\u017eevci molili su i za otvorenje procesa za progla\u0161enje bla\u017eenim Stjepana Kranj\u010di\u0107a. Blagoslovni obred predvodio je pre\u010d. Stjepan Sovi\u010dek, \u017eupnik kri\u017eeva\u010dke \u017eupe sv. Ane i dekan Kri\u017eeva\u010dkoga&nbsp;dekanata.<\/p>\n\n\n\n<div style=\"height:23px\" aria-hidden=\"true\" class=\"wp-block-spacer\"><\/div>\n\n\n\n<figure class=\"wp-block-gallery has-nested-images columns-default is-cropped wp-block-gallery-1 is-layout-flex wp-block-gallery-is-layout-flex\">\n<figure class=\"wp-block-image size-large\"><a href=\"https:\/\/kranjcic.hr\/wp-content\/uploads\/2025\/11\/DSC_9175-scaled.jpg\"><img loading=\"lazy\" decoding=\"async\" width=\"1024\" height=\"683\" data-id=\"6694\" src=\"https:\/\/kranjcic.hr\/wp-content\/uploads\/2025\/11\/DSC_9175-1024x683.jpg\" alt=\"\" class=\"wp-image-6694\" srcset=\"https:\/\/kranjcic.hr\/wp-content\/uploads\/2025\/11\/DSC_9175-1024x683.jpg 1024w, https:\/\/kranjcic.hr\/wp-content\/uploads\/2025\/11\/DSC_9175-200x133.jpg 200w, https:\/\/kranjcic.hr\/wp-content\/uploads\/2025\/11\/DSC_9175-120x80.jpg 120w, https:\/\/kranjcic.hr\/wp-content\/uploads\/2025\/11\/DSC_9175-1536x1024.jpg 1536w, https:\/\/kranjcic.hr\/wp-content\/uploads\/2025\/11\/DSC_9175-2048x1365.jpg 2048w\" sizes=\"auto, (max-width: 1024px) 100vw, 1024px\" \/><\/a><\/figure>\n\n\n\n<figure class=\"wp-block-image size-large\"><a href=\"https:\/\/kranjcic.hr\/wp-content\/uploads\/2025\/11\/DSC_9172-scaled.jpg\"><img loading=\"lazy\" decoding=\"async\" width=\"1024\" height=\"683\" data-id=\"6692\" src=\"https:\/\/kranjcic.hr\/wp-content\/uploads\/2025\/11\/DSC_9172-1024x683.jpg\" alt=\"\" class=\"wp-image-6692\" srcset=\"https:\/\/kranjcic.hr\/wp-content\/uploads\/2025\/11\/DSC_9172-1024x683.jpg 1024w, https:\/\/kranjcic.hr\/wp-content\/uploads\/2025\/11\/DSC_9172-200x133.jpg 200w, https:\/\/kranjcic.hr\/wp-content\/uploads\/2025\/11\/DSC_9172-120x80.jpg 120w, https:\/\/kranjcic.hr\/wp-content\/uploads\/2025\/11\/DSC_9172-1536x1024.jpg 1536w, https:\/\/kranjcic.hr\/wp-content\/uploads\/2025\/11\/DSC_9172-2048x1365.jpg 2048w\" sizes=\"auto, (max-width: 1024px) 100vw, 1024px\" \/><\/a><\/figure>\n\n\n\n<figure class=\"wp-block-image size-large\"><a href=\"https:\/\/kranjcic.hr\/wp-content\/uploads\/2025\/11\/DSC_9165-scaled.jpg\"><img loading=\"lazy\" decoding=\"async\" width=\"1024\" height=\"683\" data-id=\"6695\" src=\"https:\/\/kranjcic.hr\/wp-content\/uploads\/2025\/11\/DSC_9165-1024x683.jpg\" alt=\"\" class=\"wp-image-6695\" srcset=\"https:\/\/kranjcic.hr\/wp-content\/uploads\/2025\/11\/DSC_9165-1024x683.jpg 1024w, https:\/\/kranjcic.hr\/wp-content\/uploads\/2025\/11\/DSC_9165-200x133.jpg 200w, https:\/\/kranjcic.hr\/wp-content\/uploads\/2025\/11\/DSC_9165-120x80.jpg 120w, https:\/\/kranjcic.hr\/wp-content\/uploads\/2025\/11\/DSC_9165-1536x1024.jpg 1536w, https:\/\/kranjcic.hr\/wp-content\/uploads\/2025\/11\/DSC_9165-2048x1365.jpg 2048w\" sizes=\"auto, (max-width: 1024px) 100vw, 1024px\" \/><\/a><\/figure>\n\n\n\n<figure class=\"wp-block-image size-large\"><a href=\"https:\/\/kranjcic.hr\/wp-content\/uploads\/2025\/11\/DSC_9160-scaled.jpg\"><img loading=\"lazy\" decoding=\"async\" width=\"1024\" height=\"683\" data-id=\"6693\" src=\"https:\/\/kranjcic.hr\/wp-content\/uploads\/2025\/11\/DSC_9160-1024x683.jpg\" alt=\"\" class=\"wp-image-6693\" srcset=\"https:\/\/kranjcic.hr\/wp-content\/uploads\/2025\/11\/DSC_9160-1024x683.jpg 1024w, https:\/\/kranjcic.hr\/wp-content\/uploads\/2025\/11\/DSC_9160-200x133.jpg 200w, https:\/\/kranjcic.hr\/wp-content\/uploads\/2025\/11\/DSC_9160-120x80.jpg 120w, https:\/\/kranjcic.hr\/wp-content\/uploads\/2025\/11\/DSC_9160-1536x1024.jpg 1536w, https:\/\/kranjcic.hr\/wp-content\/uploads\/2025\/11\/DSC_9160-2048x1365.jpg 2048w\" sizes=\"auto, (max-width: 1024px) 100vw, 1024px\" \/><\/a><\/figure>\n<\/figure>\n","protected":false},"excerpt":{"rendered":"<p>Na svetkovinu Svih svetih 1. studenoga 2025. \u010dlanovi&nbsp;Udruge&nbsp;&#8220;Dr. Stjepan Kranj\u010di\u0107&#8221; okupili su se, zajedno s ostalim vjernicima, na grobu dr. Stjepana Kranj\u010di\u0107a na kri\u017eeva\u010dkom Gradskom groblju. Uz pjev zbora \u017eupe sv. Ane Kri\u017eevci molili su i za otvorenje procesa za progla\u0161enje bla\u017eenim Stjepana Kranj\u010di\u0107a. Blagoslovni obred predvodio je pre\u010d. Stjepan&hellip; <\/p>\n","protected":false},"author":1,"featured_media":6687,"comment_status":"closed","ping_status":"closed","sticky":false,"template":"","format":"standard","meta":{"footnotes":""},"categories":[100,17],"tags":[],"class_list":["post-6684","post","type-post","status-publish","format-standard","has-post-thumbnail","hentry","category-100","category-svi-sveti"],"_links":{"self":[{"href":"https:\/\/kranjcic.hr\/index.php?rest_route=\/wp\/v2\/posts\/6684","targetHints":{"allow":["GET"]}}],"collection":[{"href":"https:\/\/kranjcic.hr\/index.php?rest_route=\/wp\/v2\/posts"}],"about":[{"href":"https:\/\/kranjcic.hr\/index.php?rest_route=\/wp\/v2\/types\/post"}],"author":[{"embeddable":true,"href":"https:\/\/kranjcic.hr\/index.php?rest_route=\/wp\/v2\/users\/1"}],"replies":[{"embeddable":true,"href":"https:\/\/kranjcic.hr\/index.php?rest_route=%2Fwp%2Fv2%2Fcomments&post=6684"}],"version-history":[{"count":2,"href":"https:\/\/kranjcic.hr\/index.php?rest_route=\/wp\/v2\/posts\/6684\/revisions"}],"predecessor-version":[{"id":6696,"href":"https:\/\/kranjcic.hr\/index.php?rest_route=\/wp\/v2\/posts\/6684\/revisions\/6696"}],"wp:featuredmedia":[{"embeddable":true,"href":"https:\/\/kranjcic.hr\/index.php?rest_route=\/wp\/v2\/media\/6687"}],"wp:attachment":[{"href":"https:\/\/kranjcic.hr\/index.php?rest_route=%2Fwp%2Fv2%2Fmedia&parent=6684"}],"wp:term":[{"taxonomy":"category","embeddable":true,"href":"https:\/\/kranjcic.hr\/index.php?rest_route=%2Fwp%2Fv2%2Fcategories&post=6684"},{"taxonomy":"post_tag","embeddable":true,"href":"https:\/\/kranjcic.hr\/index.php?rest_route=%2Fwp%2Fv2%2Ftags&post=6684"}],"curies":[{"name":"wp","href":"https:\/\/api.w.org\/{rel}","templated":true}]}}